{"id":24789,"date":"2018-03-14T19:00:29","date_gmt":"2018-03-14T22:00:29","guid":{"rendered":"http:\/\/www.curva1.com.ar\/?p=24789"},"modified":"2018-03-14T19:01:16","modified_gmt":"2018-03-14T22:01:16","slug":"nicolas-paris-me-dejo-conforme-el-desempeno-del-gol-trend","status":"publish","type":"post","link":"https:\/\/curva1.com.ar\/?p=24789","title":{"rendered":"Nicol\u00e1s Par\u00eds &#8220;me dej\u00f3 conforme el desempe\u00f1o del Gol Trend&#8221;"},"content":{"rendered":"<p><img loading=\"lazy\" decoding=\"async\" class=\"aligncenter size-full wp-image-24791\" src=\"http:\/\/www.curva1.com.ar\/wp-content\/uploads\/2018\/03\/29104198_10215604146681506_4149623322075725824_n.jpg\" alt=\"\" width=\"960\" height=\"479\" srcset=\"https:\/\/curva1.com.ar\/wp-content\/uploads\/2018\/03\/29104198_10215604146681506_4149623322075725824_n.jpg 960w, https:\/\/curva1.com.ar\/wp-content\/uploads\/2018\/03\/29104198_10215604146681506_4149623322075725824_n-600x299.jpg 600w, https:\/\/curva1.com.ar\/wp-content\/uploads\/2018\/03\/29104198_10215604146681506_4149623322075725824_n-768x383.jpg 768w\" sizes=\"auto, (max-width: 960px) 100vw, 960px\" \/><\/p>\n<p>Nicol\u00e1s Par\u00eds comenz\u00f3 su temporada deportiva en la provincia en la provincia puntana, disputando la primera fecha del Pista San Luis en el circuito Rosendo Hern\u00e1ndez.<\/p>\n<p>El volante de Villa Nueva termin\u00f3 sexto en la final tras largar catorce, pero tras las revisiones t\u00e9cnicas avanz\u00f3 dos lugares, quedando 4\u00ba en el clasificador de la categor\u00eda Clase 3 que tuvo como ganador a Mariano Rumie (Chevrolet Astra), seguido de\u00a0Gonzalo Pereyra (VW Gol) y\u00a0Juan Manuel De Battista (Fiat Palio).<\/p>\n<p>LA PALABRA DE PAR\u00cdS<\/p>\n<audio class=\"wp-audio-shortcode\" id=\"audio-24789-1\" preload=\"none\" style=\"width: 100%;\" controls=\"controls\"><source type=\"audio\/mpeg\" src=\"http:\/\/www.curva1.com.ar\/wp-content\/uploads\/2018\/03\/WhatsApp-Ptt-2018-03-13-at-20.12.44-online-audio-converter.com_.mp3?_=1\" \/><a href=\"http:\/\/www.curva1.com.ar\/wp-content\/uploads\/2018\/03\/WhatsApp-Ptt-2018-03-13-at-20.12.44-online-audio-converter.com_.mp3\">http:\/\/www.curva1.com.ar\/wp-content\/uploads\/2018\/03\/WhatsApp-Ptt-2018-03-13-at-20.12.44-online-audio-converter.com_.mp3<\/a><\/audio>\n<p>.<\/p>\n<p><img loading=\"lazy\" decoding=\"async\" class=\"aligncenter size-full wp-image-24792\" src=\"http:\/\/www.curva1.com.ar\/wp-content\/uploads\/2018\/03\/29133573_1700378410024150_3644321532656894266_n.jpg\" alt=\"\" width=\"960\" height=\"639\" srcset=\"https:\/\/curva1.com.ar\/wp-content\/uploads\/2018\/03\/29133573_1700378410024150_3644321532656894266_n.jpg 960w, https:\/\/curva1.com.ar\/wp-content\/uploads\/2018\/03\/29133573_1700378410024150_3644321532656894266_n-506x337.jpg 506w, https:\/\/curva1.com.ar\/wp-content\/uploads\/2018\/03\/29133573_1700378410024150_3644321532656894266_n-768x511.jpg 768w\" sizes=\"auto, (max-width: 960px) 100vw, 960px\" \/><\/p>\n","protected":false},"excerpt":{"rendered":"<p>Nicol\u00e1s Par\u00eds comenz\u00f3 su temporada deportiva en la provincia en la provincia puntana, disputando la<\/p>\n","protected":false},"author":1,"featured_media":24791,"comment_status":"closed","ping_status":"closed","sticky":false,"template":"","format":"standard","meta":{"footnotes":""},"categories":[6],"tags":[],"class_list":["post-24789","post","type-post","status-publish","format-standard","has-post-thumbnail","hentry","category-nacionales"],"featured_image_urls":{"full":["https:\/\/curva1.com.ar\/wp-content\/uploads\/2018\/03\/29104198_10215604146681506_4149623322075725824_n.jpg",960,479,false],"thumbnail":["https:\/\/curva1.com.ar\/wp-content\/uploads\/2018\/03\/29104198_10215604146681506_4149623322075725824_n-300x169.jpg",300,169,true],"medium":["https:\/\/curva1.com.ar\/wp-content\/uploads\/2018\/03\/29104198_10215604146681506_4149623322075725824_n-600x299.jpg",600,299,true],"medium_large":["https:\/\/curva1.com.ar\/wp-content\/uploads\/2018\/03\/29104198_10215604146681506_4149623322075725824_n-768x383.jpg",640,319,true],"large":["https:\/\/curva1.com.ar\/wp-content\/uploads\/2018\/03\/29104198_10215604146681506_4149623322075725824_n.jpg",640,319,false],"1536x1536":["https:\/\/curva1.com.ar\/wp-content\/uploads\/2018\/03\/29104198_10215604146681506_4149623322075725824_n.jpg",960,479,false],"2048x2048":["https:\/\/curva1.com.ar\/wp-content\/uploads\/2018\/03\/29104198_10215604146681506_4149623322075725824_n.jpg",960,479,false],"chromenews-featured":["https:\/\/curva1.com.ar\/wp-content\/uploads\/2018\/03\/29104198_10215604146681506_4149623322075725824_n.jpg",960,479,false],"chromenews-large":["https:\/\/curva1.com.ar\/wp-content\/uploads\/2018\/03\/29104198_10215604146681506_4149623322075725824_n.jpg",825,412,false],"chromenews-medium":["https:\/\/curva1.com.ar\/wp-content\/uploads\/2018\/03\/29104198_10215604146681506_4149623322075725824_n.jpg",590,294,false]},"author_info":{"display_name":"Jos\u00e9 Bravo","author_link":"https:\/\/curva1.com.ar\/?author=1"},"category_info":"<a href=\"https:\/\/curva1.com.ar\/?cat=6\" rel=\"category\">Nacionales<\/a>","tag_info":"Nacionales","comment_count":"0","_links":{"self":[{"href":"https:\/\/curva1.com.ar\/index.php?rest_route=\/wp\/v2\/posts\/24789","targetHints":{"allow":["GET"]}}],"collection":[{"href":"https:\/\/curva1.com.ar\/index.php?rest_route=\/wp\/v2\/posts"}],"about":[{"href":"https:\/\/curva1.com.ar\/index.php?rest_route=\/wp\/v2\/types\/post"}],"author":[{"embeddable":true,"href":"https:\/\/curva1.com.ar\/index.php?rest_route=\/wp\/v2\/users\/1"}],"replies":[{"embeddable":true,"href":"https:\/\/curva1.com.ar\/index.php?rest_route=%2Fwp%2Fv2%2Fcomments&post=24789"}],"version-history":[{"count":1,"href":"https:\/\/curva1.com.ar\/index.php?rest_route=\/wp\/v2\/posts\/24789\/revisions"}],"predecessor-version":[{"id":24796,"href":"https:\/\/curva1.com.ar\/index.php?rest_route=\/wp\/v2\/posts\/24789\/revisions\/24796"}],"wp:featuredmedia":[{"embeddable":true,"href":"https:\/\/curva1.com.ar\/index.php?rest_route=\/wp\/v2\/media\/24791"}],"wp:attachment":[{"href":"https:\/\/curva1.com.ar\/index.php?rest_route=%2Fwp%2Fv2%2Fmedia&parent=24789"}],"wp:term":[{"taxonomy":"category","embeddable":true,"href":"https:\/\/curva1.com.ar\/index.php?rest_route=%2Fwp%2Fv2%2Fcategories&post=24789"},{"taxonomy":"post_tag","embeddable":true,"href":"https:\/\/curva1.com.ar\/index.php?rest_route=%2Fwp%2Fv2%2Ftags&post=24789"}],"curies":[{"name":"wp","href":"https:\/\/api.w.org\/{rel}","templated":true}]}}