{"id":24797,"date":"2018-03-15T00:49:20","date_gmt":"2018-03-15T03:49:20","guid":{"rendered":"http:\/\/www.curva1.com.ar\/?p=24797"},"modified":"2018-03-15T00:49:20","modified_gmt":"2018-03-15T03:49:20","slug":"caceres-corre-la-tercera-del-mouras-en-el-mouras","status":"publish","type":"post","link":"https:\/\/curva1.com.ar\/?p=24797","title":{"rendered":"C\u00e1ceres corre la tercera del Mouras, en el Mouras"},"content":{"rendered":"<p><img loading=\"lazy\" decoding=\"async\" class=\"aligncenter size-full wp-image-24798\" src=\"http:\/\/www.curva1.com.ar\/wp-content\/uploads\/2018\/03\/dg7_9336.jpg\" alt=\"\" width=\"1191\" height=\"670\" srcset=\"https:\/\/curva1.com.ar\/wp-content\/uploads\/2018\/03\/dg7_9336.jpg 1191w, https:\/\/curva1.com.ar\/wp-content\/uploads\/2018\/03\/dg7_9336-300x169.jpg 300w, https:\/\/curva1.com.ar\/wp-content\/uploads\/2018\/03\/dg7_9336-600x337.jpg 600w, https:\/\/curva1.com.ar\/wp-content\/uploads\/2018\/03\/dg7_9336-768x432.jpg 768w, https:\/\/curva1.com.ar\/wp-content\/uploads\/2018\/03\/dg7_9336-1024x576.jpg 1024w\" sizes=\"auto, (max-width: 1191px) 100vw, 1191px\" \/><\/p>\n<p>Con un tiempo m\u00ednimo de descanso, Emmanuel C\u00e1ceres continua su adaptaci\u00f3n al TC Mouras, divisional a la cual se sum\u00f3 en la presente temporada conduciendo un Ford Falcon del team \u201cAlifraco Sport\u201d.<\/p>\n<p>El venidero fin de semana, el representante mendocino volver\u00e1 a ser protagonista en la exigente divisional que conforma uno de los pasos previos al Turismo Carretera.<\/p>\n<p>Tras aquel temprano inicio en Concepci\u00f3n del Uruguay y la posterior competencia del fin de semana del 4 de Marzo en el aut\u00f3dromo \u201cRoberto Jos\u00e9 Mouras\u201d, \u201cPeluche\u201d afronta un segundo compromiso consecutivo en La Plata, pero esta vez en el trazado que incluye la chicana en la recta principal.<\/p>\n<p>Vale destacar que el compromiso del fin de semana marcar\u00e1 solo la tercera ocasi\u00f3n en la cual el mendocino conduce un veh\u00edculo con tracci\u00f3n trasera, y en esta oportunidad sin piloto invitado, lo cual no permitir\u00e1 tener otra referencia en el Falcon que la que obtenga el propio Emmanuel en cada salida a pista.<\/p>\n<p>Tras algunas mejoras en el rendimiento del chasis, y con una mayor experiencia en el auto y la categor\u00eda, Emmanuel C\u00e1ceres deja sus principales conceptos a horas de salir a pista:<\/p>\n<blockquote><p>\u201cEl equipo trabaj\u00f3 mucho en el auto, sobre todo en el chasis, que en eso penamos un poco la carrera pasada. La idea es poder frenar mejor y m\u00e1s si usamos la chicana, porque en lo trabado es en donde nos est\u00e1 complicando el auto. El resto todo bien por suerte y con un gran motor, que eso nos ayud\u00f3 en la carrera pasada en La Plata.<\/p>\n<p>Seguro vamos a estar mejor y el equipo me dijo que habr\u00e1 cambios y siempre con la idea de ir para adelante. Igual se que solucionando lo del chasis vamos a estar peleando.<\/p>\n<p>En lo personal tambi\u00e9n me he ido acomodando en el auto y la categor\u00eda. Esta ser\u00e1 la primera carrera sin invitado y eso exige mucho m\u00e1s y nos quita una referencia, pero tengo fe que vamos a estar bien\u201d.<\/p><\/blockquote>\n","protected":false},"excerpt":{"rendered":"<p>Con un tiempo m\u00ednimo de descanso, Emmanuel C\u00e1ceres continua su adaptaci\u00f3n al TC Mouras, divisional<\/p>\n","protected":false},"author":1,"featured_media":24798,"comment_status":"closed","ping_status":"closed","sticky":false,"template":"","format":"standard","meta":{"footnotes":""},"categories":[6],"tags":[],"class_list":["post-24797","post","type-post","status-publish","format-standard","has-post-thumbnail","hentry","category-nacionales"],"featured_image_urls":{"full":["https:\/\/curva1.com.ar\/wp-content\/uploads\/2018\/03\/dg7_9336.jpg",1191,670,false],"thumbnail":["https:\/\/curva1.com.ar\/wp-content\/uploads\/2018\/03\/dg7_9336-300x169.jpg",300,169,true],"medium":["https:\/\/curva1.com.ar\/wp-content\/uploads\/2018\/03\/dg7_9336-600x337.jpg",600,337,true],"medium_large":["https:\/\/curva1.com.ar\/wp-content\/uploads\/2018\/03\/dg7_9336-768x432.jpg",640,360,true],"large":["https:\/\/curva1.com.ar\/wp-content\/uploads\/2018\/03\/dg7_9336-1024x576.jpg",640,360,true],"1536x1536":["https:\/\/curva1.com.ar\/wp-content\/uploads\/2018\/03\/dg7_9336.jpg",1191,670,false],"2048x2048":["https:\/\/curva1.com.ar\/wp-content\/uploads\/2018\/03\/dg7_9336.jpg",1191,670,false],"chromenews-featured":["https:\/\/curva1.com.ar\/wp-content\/uploads\/2018\/03\/dg7_9336.jpg",1024,576,false],"chromenews-large":["https:\/\/curva1.com.ar\/wp-content\/uploads\/2018\/03\/dg7_9336.jpg",825,464,false],"chromenews-medium":["https:\/\/curva1.com.ar\/wp-content\/uploads\/2018\/03\/dg7_9336.jpg",590,332,false]},"author_info":{"display_name":"Jos\u00e9 Bravo","author_link":"https:\/\/curva1.com.ar\/?author=1"},"category_info":"<a href=\"https:\/\/curva1.com.ar\/?cat=6\" rel=\"category\">Nacionales<\/a>","tag_info":"Nacionales","comment_count":"0","_links":{"self":[{"href":"https:\/\/curva1.com.ar\/index.php?rest_route=\/wp\/v2\/posts\/24797","targetHints":{"allow":["GET"]}}],"collection":[{"href":"https:\/\/curva1.com.ar\/index.php?rest_route=\/wp\/v2\/posts"}],"about":[{"href":"https:\/\/curva1.com.ar\/index.php?rest_route=\/wp\/v2\/types\/post"}],"author":[{"embeddable":true,"href":"https:\/\/curva1.com.ar\/index.php?rest_route=\/wp\/v2\/users\/1"}],"replies":[{"embeddable":true,"href":"https:\/\/curva1.com.ar\/index.php?rest_route=%2Fwp%2Fv2%2Fcomments&post=24797"}],"version-history":[{"count":1,"href":"https:\/\/curva1.com.ar\/index.php?rest_route=\/wp\/v2\/posts\/24797\/revisions"}],"predecessor-version":[{"id":24799,"href":"https:\/\/curva1.com.ar\/index.php?rest_route=\/wp\/v2\/posts\/24797\/revisions\/24799"}],"wp:featuredmedia":[{"embeddable":true,"href":"https:\/\/curva1.com.ar\/index.php?rest_route=\/wp\/v2\/media\/24798"}],"wp:attachment":[{"href":"https:\/\/curva1.com.ar\/index.php?rest_route=%2Fwp%2Fv2%2Fmedia&parent=24797"}],"wp:term":[{"taxonomy":"category","embeddable":true,"href":"https:\/\/curva1.com.ar\/index.php?rest_route=%2Fwp%2Fv2%2Fcategories&post=24797"},{"taxonomy":"post_tag","embeddable":true,"href":"https:\/\/curva1.com.ar\/index.php?rest_route=%2Fwp%2Fv2%2Ftags&post=24797"}],"curies":[{"name":"wp","href":"https:\/\/api.w.org\/{rel}","templated":true}]}}