{"id":24801,"date":"2018-03-15T11:14:31","date_gmt":"2018-03-15T14:14:31","guid":{"rendered":"http:\/\/www.curva1.com.ar\/?p=24801"},"modified":"2018-03-15T18:42:50","modified_gmt":"2018-03-15T21:42:50","slug":"la-vedette-del-zonal-cuyano-recuperara-su-protagonismo-en-2018","status":"publish","type":"post","link":"https:\/\/curva1.com.ar\/?p=24801","title":{"rendered":"La &#8220;vedette&#8221; del Zonal Cuyano y su protagonismo en 2018"},"content":{"rendered":"<p><img loading=\"lazy\" decoding=\"async\" class=\"aligncenter size-full wp-image-24802\" src=\"http:\/\/www.curva1.com.ar\/wp-content\/uploads\/2018\/03\/IMG_9592.jpg\" alt=\"\" width=\"960\" height=\"540\" srcset=\"https:\/\/curva1.com.ar\/wp-content\/uploads\/2018\/03\/IMG_9592.jpg 960w, https:\/\/curva1.com.ar\/wp-content\/uploads\/2018\/03\/IMG_9592-300x169.jpg 300w, https:\/\/curva1.com.ar\/wp-content\/uploads\/2018\/03\/IMG_9592-600x337.jpg 600w, https:\/\/curva1.com.ar\/wp-content\/uploads\/2018\/03\/IMG_9592-768x432.jpg 768w\" sizes=\"auto, (max-width: 960px) 100vw, 960px\" \/><\/p>\n<p>Falta muy poco para que el ruido de motores vuelva a sentirse en la provincia de Mendoza. Dentro de una semana y media regresa a las pistas el Zonal Cuyano de Automovilismo y con \u00e9l, la categor\u00eda Clase 2.<\/p>\n<p>El delegado de la divisional gestion\u00f3, junto con la colaboraci\u00f3n de APATC, un par de beneficios que servir\u00e1n de incentivo para el inicio del campeonato zonal previsto para el s\u00e1bado 24 y domingo 25 de marzo en el Aut\u00f3dromo de San Mart\u00edn, en Mendoza.<\/p>\n<p>Todos los pilotos participantes en la Clase 2 recibir\u00e1n un <strong>neum\u00e1tico &#8220;gratis&#8221; de la marca Pirelli<\/strong>, adem\u00e1s se les <strong>bonificar\u00e1 $1900.- en la inscripci\u00f3n<\/strong> gracias al aporte de un sponsor para esta primera carrera de la temporada.<\/p>\n<p>Estas noticia ha ca\u00eddo muy bien entre los pilotos y ya confirmaron su presencia:<\/p>\n<p>Mart\u00edn Antolin (VW Gol)<br \/>\nFederico Cueito (VW Gol)<br \/>\nLuis Mathon (Renault Clio)<br \/>\nPablo Kiko Carreras (VW Gol)<br \/>\nNico Par\u00eds (VW Gol Trend)<br \/>\nJos\u00e9 Par\u00eds (VW Gol)<br \/>\nPablo Garc\u00eda (VW Gol)<br \/>\nRodrigo Mol\u00e9 (VW Gol)<br \/>\nGustavo Santiba\u00f1ez (VW Gol)<br \/>\nSilvio Imberti (VW Gol)<br \/>\nAriel Persia (VW Gol)<br \/>\nNorberto Roy\u00f3n (Ford Fiesta Kinetic)<\/p>\n<p>En la lista de posibles se encuentran:\u00a0Pablo Malizia,\u00a0Miguel Olivera,\u00a0Ariel Mart\u00ednez,\u00a0Gonzalo o Mat\u00edas Antolin,\u00a0Fernando Cabrillana,\u00a0Peluche C\u00e1ceres,\u00a0Mart\u00edn Figueroa,\u00a0Jorge Vitar y\u00a0Roberto Patti.<\/p>\n<p>Por otro lado, se informa que est\u00e1 disponible para alquiler el VW Gol de Farid Gazze, adem\u00e1s de autos en los talleres de\u00a0Cimino Motorsport, Antolin Competici\u00f3n y Fioquetti Competici\u00f3n.<\/p>\n<p><img loading=\"lazy\" decoding=\"async\" class=\"aligncenter size-full wp-image-24803\" src=\"http:\/\/www.curva1.com.ar\/wp-content\/uploads\/2018\/03\/IMG_4350.jpg\" alt=\"\" width=\"960\" height=\"540\" srcset=\"https:\/\/curva1.com.ar\/wp-content\/uploads\/2018\/03\/IMG_4350.jpg 960w, https:\/\/curva1.com.ar\/wp-content\/uploads\/2018\/03\/IMG_4350-300x169.jpg 300w, https:\/\/curva1.com.ar\/wp-content\/uploads\/2018\/03\/IMG_4350-600x337.jpg 600w, https:\/\/curva1.com.ar\/wp-content\/uploads\/2018\/03\/IMG_4350-768x432.jpg 768w\" sizes=\"auto, (max-width: 960px) 100vw, 960px\" \/> <img loading=\"lazy\" decoding=\"async\" class=\"aligncenter size-full wp-image-24804\" src=\"http:\/\/www.curva1.com.ar\/wp-content\/uploads\/2018\/03\/IMG_0108.jpg\" alt=\"\" width=\"960\" height=\"540\" srcset=\"https:\/\/curva1.com.ar\/wp-content\/uploads\/2018\/03\/IMG_0108.jpg 960w, https:\/\/curva1.com.ar\/wp-content\/uploads\/2018\/03\/IMG_0108-300x169.jpg 300w, https:\/\/curva1.com.ar\/wp-content\/uploads\/2018\/03\/IMG_0108-600x337.jpg 600w, https:\/\/curva1.com.ar\/wp-content\/uploads\/2018\/03\/IMG_0108-768x432.jpg 768w\" sizes=\"auto, (max-width: 960px) 100vw, 960px\" \/> <img loading=\"lazy\" decoding=\"async\" class=\"aligncenter size-full wp-image-24805\" src=\"http:\/\/www.curva1.com.ar\/wp-content\/uploads\/2018\/03\/IMG_0096.jpg\" alt=\"\" width=\"960\" height=\"540\" srcset=\"https:\/\/curva1.com.ar\/wp-content\/uploads\/2018\/03\/IMG_0096.jpg 960w, https:\/\/curva1.com.ar\/wp-content\/uploads\/2018\/03\/IMG_0096-300x169.jpg 300w, https:\/\/curva1.com.ar\/wp-content\/uploads\/2018\/03\/IMG_0096-600x337.jpg 600w, https:\/\/curva1.com.ar\/wp-content\/uploads\/2018\/03\/IMG_0096-768x432.jpg 768w\" sizes=\"auto, (max-width: 960px) 100vw, 960px\" \/><\/p>\n","protected":false},"excerpt":{"rendered":"<p>Falta muy poco para que el ruido de motores vuelva a sentirse en la provincia<\/p>\n","protected":false},"author":1,"featured_media":24803,"comment_status":"closed","ping_status":"closed","sticky":false,"template":"","format":"standard","meta":{"footnotes":""},"categories":[1],"tags":[],"class_list":["post-24801","post","type-post","status-publish","format-standard","has-post-thumbnail","hentry","category-zonal-cuyano"],"featured_image_urls":{"full":["https:\/\/curva1.com.ar\/wp-content\/uploads\/2018\/03\/IMG_4350.jpg",960,540,false],"thumbnail":["https:\/\/curva1.com.ar\/wp-content\/uploads\/2018\/03\/IMG_4350-300x169.jpg",300,169,true],"medium":["https:\/\/curva1.com.ar\/wp-content\/uploads\/2018\/03\/IMG_4350-600x337.jpg",600,337,true],"medium_large":["https:\/\/curva1.com.ar\/wp-content\/uploads\/2018\/03\/IMG_4350-768x432.jpg",640,360,true],"large":["https:\/\/curva1.com.ar\/wp-content\/uploads\/2018\/03\/IMG_4350.jpg",640,360,false],"1536x1536":["https:\/\/curva1.com.ar\/wp-content\/uploads\/2018\/03\/IMG_4350.jpg",960,540,false],"2048x2048":["https:\/\/curva1.com.ar\/wp-content\/uploads\/2018\/03\/IMG_4350.jpg",960,540,false],"chromenews-featured":["https:\/\/curva1.com.ar\/wp-content\/uploads\/2018\/03\/IMG_4350.jpg",960,540,false],"chromenews-large":["https:\/\/curva1.com.ar\/wp-content\/uploads\/2018\/03\/IMG_4350.jpg",825,464,false],"chromenews-medium":["https:\/\/curva1.com.ar\/wp-content\/uploads\/2018\/03\/IMG_4350.jpg",590,332,false]},"author_info":{"display_name":"Jos\u00e9 Bravo","author_link":"https:\/\/curva1.com.ar\/?author=1"},"category_info":"<a href=\"https:\/\/curva1.com.ar\/?cat=1\" rel=\"category\">Zonal Cuyano<\/a>","tag_info":"Zonal Cuyano","comment_count":"0","_links":{"self":[{"href":"https:\/\/curva1.com.ar\/index.php?rest_route=\/wp\/v2\/posts\/24801","targetHints":{"allow":["GET"]}}],"collection":[{"href":"https:\/\/curva1.com.ar\/index.php?rest_route=\/wp\/v2\/posts"}],"about":[{"href":"https:\/\/curva1.com.ar\/index.php?rest_route=\/wp\/v2\/types\/post"}],"author":[{"embeddable":true,"href":"https:\/\/curva1.com.ar\/index.php?rest_route=\/wp\/v2\/users\/1"}],"replies":[{"embeddable":true,"href":"https:\/\/curva1.com.ar\/index.php?rest_route=%2Fwp%2Fv2%2Fcomments&post=24801"}],"version-history":[{"count":2,"href":"https:\/\/curva1.com.ar\/index.php?rest_route=\/wp\/v2\/posts\/24801\/revisions"}],"predecessor-version":[{"id":24823,"href":"https:\/\/curva1.com.ar\/index.php?rest_route=\/wp\/v2\/posts\/24801\/revisions\/24823"}],"wp:featuredmedia":[{"embeddable":true,"href":"https:\/\/curva1.com.ar\/index.php?rest_route=\/wp\/v2\/media\/24803"}],"wp:attachment":[{"href":"https:\/\/curva1.com.ar\/index.php?rest_route=%2Fwp%2Fv2%2Fmedia&parent=24801"}],"wp:term":[{"taxonomy":"category","embeddable":true,"href":"https:\/\/curva1.com.ar\/index.php?rest_route=%2Fwp%2Fv2%2Fcategories&post=24801"},{"taxonomy":"post_tag","embeddable":true,"href":"https:\/\/curva1.com.ar\/index.php?rest_route=%2Fwp%2Fv2%2Ftags&post=24801"}],"curies":[{"name":"wp","href":"https:\/\/api.w.org\/{rel}","templated":true}]}}