{"id":24824,"date":"2018-03-16T11:06:15","date_gmt":"2018-03-16T14:06:15","guid":{"rendered":"http:\/\/www.curva1.com.ar\/?p=24824"},"modified":"2018-03-16T11:06:15","modified_gmt":"2018-03-16T14:06:15","slug":"lucas-vicino-hoy-comienzo-mi-segundo-ano-en-formula-renault","status":"publish","type":"post","link":"https:\/\/curva1.com.ar\/?p=24824","title":{"rendered":"Lucas Vicino &#8220;hoy comienzo mi segundo a\u00f1\u00f3 en F\u00f3rmula Renault&#8221;"},"content":{"rendered":"<p><img loading=\"lazy\" decoding=\"async\" class=\"aligncenter size-full wp-image-24825\" src=\"http:\/\/www.curva1.com.ar\/wp-content\/uploads\/2018\/03\/IMG_1412.jpg\" alt=\"\" width=\"960\" height=\"540\" srcset=\"https:\/\/curva1.com.ar\/wp-content\/uploads\/2018\/03\/IMG_1412.jpg 960w, https:\/\/curva1.com.ar\/wp-content\/uploads\/2018\/03\/IMG_1412-300x169.jpg 300w, https:\/\/curva1.com.ar\/wp-content\/uploads\/2018\/03\/IMG_1412-600x337.jpg 600w, https:\/\/curva1.com.ar\/wp-content\/uploads\/2018\/03\/IMG_1412-768x432.jpg 768w\" sizes=\"auto, (max-width: 960px) 100vw, 960px\" \/><\/p>\n<p><strong>El piloto de Las Heras encara un nuevo a\u00f1o en la F\u00f3rmula Renault 2.0, que disputar\u00e1 la primera fecha en el aut\u00f3dromo porte\u00f1o Oscar y Juan G\u00e1lvez.<\/strong><\/p>\n<p>La\u00a0<strong>F\u00f3rmula Renault 2.0<\/strong>\u00a0comienza este fin de semana la temporada 2018 en el aut\u00f3dromo Oscar y Juan G\u00e1lvez de Buenos Aires y all\u00ed nuevamente habr\u00e1 presencia mendocina.<\/p>\n<p>Es que el oriundo de Las Heras,\u00a0<strong>Lucas Vicino<\/strong>, estar\u00e1 por segundo a\u00f1o consecutivo en la grilla de la categor\u00eda escuela del automovilismo argentino y las expectativas de cara al inicio del campeonato son muy grandes para el jovencito y su entorno.<\/p>\n<p>Vicino seguir\u00e1 en la estructura\u00a0<strong>LR Team<\/strong>, con el cual el a\u00f1o pasado logr\u00f3 dos podios y aspira a ser un protagonista en el certamen. Previo a este inicio estuvo probando en San Mart\u00edn, para verificar que todo estuviese bien y el auto (lucir\u00e1 el N\u00ba37) funcion\u00f3 perfecto.<\/p>\n<p>Ma\u00f1ana comenzar\u00e1 la actividad, la cual deparar\u00e1 dos pruebas comunitarias (a las 14 y 16); mientras que el s\u00e1bado se desarrollar\u00e1 una pr\u00e1ctica la clasificaci\u00f3n, la s\u00faper clasificaci\u00f3n, la s\u00faper clasificaci\u00f3n y luego se desarrollar\u00e1 la primera carrera (a las 14.20). El domingo, a las 10.45, ser\u00e1 la segunda carrera.<\/p>\n<p><strong>&#8220;Comienza un nuevo a\u00f1o y esperemos funcionar bien, tanto en Buenos Aires como en los otros circuitos. \u00a0Este va a ser mi segundo a\u00f1o en la categor\u00eda, tengo m\u00e1s experiencia, y espero poder exprimirla carrera tras carrera. Seguramente los objetivos para este a\u00f1o son distintos, pero tambi\u00e9n sabemos que el campeonato es largo y no hay que desesperarse, pueden pasar muchas cosas y hay que estar preparados de la mejor forma para eso. Igual estoy confiado y vamos a tratar de estar firme en todas las fechas\u201d<\/strong>, se\u00f1al\u00f3 Vicino.<\/p>\n<p><img loading=\"lazy\" decoding=\"async\" class=\"aligncenter size-full wp-image-24826\" src=\"http:\/\/www.curva1.com.ar\/wp-content\/uploads\/2018\/03\/IMG_1419.jpg\" alt=\"\" width=\"960\" height=\"638\" srcset=\"https:\/\/curva1.com.ar\/wp-content\/uploads\/2018\/03\/IMG_1419.jpg 960w, https:\/\/curva1.com.ar\/wp-content\/uploads\/2018\/03\/IMG_1419-507x337.jpg 507w, https:\/\/curva1.com.ar\/wp-content\/uploads\/2018\/03\/IMG_1419-768x510.jpg 768w\" sizes=\"auto, (max-width: 960px) 100vw, 960px\" \/><\/p>\n","protected":false},"excerpt":{"rendered":"<p>El piloto de Las Heras encara un nuevo a\u00f1o en la F\u00f3rmula Renault 2.0, que<\/p>\n","protected":false},"author":1,"featured_media":24825,"comment_status":"closed","ping_status":"closed","sticky":false,"template":"","format":"standard","meta":{"footnotes":""},"categories":[6],"tags":[],"class_list":["post-24824","post","type-post","status-publish","format-standard","has-post-thumbnail","hentry","category-nacionales"],"featured_image_urls":{"full":["https:\/\/curva1.com.ar\/wp-content\/uploads\/2018\/03\/IMG_1412.jpg",960,540,false],"thumbnail":["https:\/\/curva1.com.ar\/wp-content\/uploads\/2018\/03\/IMG_1412-300x169.jpg",300,169,true],"medium":["https:\/\/curva1.com.ar\/wp-content\/uploads\/2018\/03\/IMG_1412-600x337.jpg",600,337,true],"medium_large":["https:\/\/curva1.com.ar\/wp-content\/uploads\/2018\/03\/IMG_1412-768x432.jpg",640,360,true],"large":["https:\/\/curva1.com.ar\/wp-content\/uploads\/2018\/03\/IMG_1412.jpg",640,360,false],"1536x1536":["https:\/\/curva1.com.ar\/wp-content\/uploads\/2018\/03\/IMG_1412.jpg",960,540,false],"2048x2048":["https:\/\/curva1.com.ar\/wp-content\/uploads\/2018\/03\/IMG_1412.jpg",960,540,false],"chromenews-featured":["https:\/\/curva1.com.ar\/wp-content\/uploads\/2018\/03\/IMG_1412.jpg",960,540,false],"chromenews-large":["https:\/\/curva1.com.ar\/wp-content\/uploads\/2018\/03\/IMG_1412.jpg",825,464,false],"chromenews-medium":["https:\/\/curva1.com.ar\/wp-content\/uploads\/2018\/03\/IMG_1412.jpg",590,332,false]},"author_info":{"display_name":"Jos\u00e9 Bravo","author_link":"https:\/\/curva1.com.ar\/?author=1"},"category_info":"<a href=\"https:\/\/curva1.com.ar\/?cat=6\" rel=\"category\">Nacionales<\/a>","tag_info":"Nacionales","comment_count":"0","_links":{"self":[{"href":"https:\/\/curva1.com.ar\/index.php?rest_route=\/wp\/v2\/posts\/24824","targetHints":{"allow":["GET"]}}],"collection":[{"href":"https:\/\/curva1.com.ar\/index.php?rest_route=\/wp\/v2\/posts"}],"about":[{"href":"https:\/\/curva1.com.ar\/index.php?rest_route=\/wp\/v2\/types\/post"}],"author":[{"embeddable":true,"href":"https:\/\/curva1.com.ar\/index.php?rest_route=\/wp\/v2\/users\/1"}],"replies":[{"embeddable":true,"href":"https:\/\/curva1.com.ar\/index.php?rest_route=%2Fwp%2Fv2%2Fcomments&post=24824"}],"version-history":[{"count":1,"href":"https:\/\/curva1.com.ar\/index.php?rest_route=\/wp\/v2\/posts\/24824\/revisions"}],"predecessor-version":[{"id":24827,"href":"https:\/\/curva1.com.ar\/index.php?rest_route=\/wp\/v2\/posts\/24824\/revisions\/24827"}],"wp:featuredmedia":[{"embeddable":true,"href":"https:\/\/curva1.com.ar\/index.php?rest_route=\/wp\/v2\/media\/24825"}],"wp:attachment":[{"href":"https:\/\/curva1.com.ar\/index.php?rest_route=%2Fwp%2Fv2%2Fmedia&parent=24824"}],"wp:term":[{"taxonomy":"category","embeddable":true,"href":"https:\/\/curva1.com.ar\/index.php?rest_route=%2Fwp%2Fv2%2Fcategories&post=24824"},{"taxonomy":"post_tag","embeddable":true,"href":"https:\/\/curva1.com.ar\/index.php?rest_route=%2Fwp%2Fv2%2Ftags&post=24824"}],"curies":[{"name":"wp","href":"https:\/\/api.w.org\/{rel}","templated":true}]}}