{"id":24883,"date":"2018-03-23T21:02:31","date_gmt":"2018-03-24T00:02:31","guid":{"rendered":"http:\/\/www.curva1.com.ar\/?p=24883"},"modified":"2018-03-23T21:02:31","modified_gmt":"2018-03-24T00:02:31","slug":"quien-saldra-campeon-vicino-cimino-o-vitar","status":"publish","type":"post","link":"https:\/\/curva1.com.ar\/?p=24883","title":{"rendered":"Qui\u00e9n saldr\u00e1 campe\u00f3n? Vicino, Cimino o Vitar"},"content":{"rendered":"<p><img loading=\"lazy\" decoding=\"async\" class=\"aligncenter size-full wp-image-24889\" src=\"http:\/\/www.curva1.com.ar\/wp-content\/uploads\/2018\/03\/asdfasdfasdfas.jpg\" alt=\"\" width=\"1000\" height=\"500\" srcset=\"https:\/\/curva1.com.ar\/wp-content\/uploads\/2018\/03\/asdfasdfasdfas.jpg 1000w, https:\/\/curva1.com.ar\/wp-content\/uploads\/2018\/03\/asdfasdfasdfas-600x300.jpg 600w, https:\/\/curva1.com.ar\/wp-content\/uploads\/2018\/03\/asdfasdfasdfas-768x384.jpg 768w\" sizes=\"auto, (max-width: 1000px) 100vw, 1000px\" \/><\/p>\n<p>Esta noche desde las 22 horas se corre la final\u00edsima del SPEEDWAY EL SANTO y se definen todos los campeonatos, de todas las categor\u00edas.<\/p>\n<p>En juego hay 36 puntos (6 para el ganador de la serie y 30 para la final). A sacar cuentas, que las tablas est\u00e1n que arden.<\/p>\n<h3><span style=\"color: #ff0000;\"><strong>AUTOS SPEEDWEROS<\/strong><\/span><\/h3>\n<p><strong>Lucas Vicino<\/strong> es el favorito, ya que llega con una ventaja de 17 puntos sobre Leandro Cimino, luego de la odisea del viernes pasado cuando viaj\u00f3 desde Buenos Aires exclusivamente para correr en El Santo, y luego regres\u00f3 en avi\u00f3n para competir en la F\u00f3rmula Renault 2.0.<\/p>\n<p><strong>Leandro Cimino <\/strong>tuvo un buen desempe\u00f1o la fecha pasada, era favorito a sumar buenos puntos, pero la caja lo dej\u00f3 con las manos vac\u00edas en la final. Ahora, va por todo!<\/p>\n<p><strong>Jorge Vitar<\/strong> gan\u00f3 las cuatro primeras fechas, pero luego cay\u00f3 en su desempe\u00f1o. Tiene chances, pero hoy est\u00e1 a 23 puntos.<\/p>\n<p><img loading=\"lazy\" decoding=\"async\" class=\"aligncenter size-full wp-image-24885\" src=\"http:\/\/www.curva1.com.ar\/wp-content\/uploads\/2018\/03\/catSSSSs.jpg\" alt=\"\" width=\"1088\" height=\"557\" srcset=\"https:\/\/curva1.com.ar\/wp-content\/uploads\/2018\/03\/catSSSSs.jpg 1088w, https:\/\/curva1.com.ar\/wp-content\/uploads\/2018\/03\/catSSSSs-600x307.jpg 600w, https:\/\/curva1.com.ar\/wp-content\/uploads\/2018\/03\/catSSSSs-768x393.jpg 768w, https:\/\/curva1.com.ar\/wp-content\/uploads\/2018\/03\/catSSSSs-1024x524.jpg 1024w\" sizes=\"auto, (max-width: 1088px) 100vw, 1088px\" \/><\/p>\n<h3><span style=\"color: #ff0000;\">AUTOS 850<\/span><\/h3>\n<p><img loading=\"lazy\" decoding=\"async\" class=\"aligncenter size-full wp-image-24890\" src=\"http:\/\/www.curva1.com.ar\/wp-content\/uploads\/2018\/03\/catDDs.jpg\" alt=\"\" width=\"1000\" height=\"500\" srcset=\"https:\/\/curva1.com.ar\/wp-content\/uploads\/2018\/03\/catDDs.jpg 1000w, https:\/\/curva1.com.ar\/wp-content\/uploads\/2018\/03\/catDDs-600x300.jpg 600w, https:\/\/curva1.com.ar\/wp-content\/uploads\/2018\/03\/catDDs-768x384.jpg 768w\" sizes=\"auto, (max-width: 1000px) 100vw, 1000px\" \/><\/p>\n<p>En la 850 tambi\u00e9n son 3 los grandes candidatos al t\u00edtulo: Diego Kubitz, Mauricio Canilla y Cristian Castro.<\/p>\n<p>Hay 36 puntos en juego y el favorito es Kubitz, que solo aventaja por 3 puntos a Canilla, y un poco m\u00e1s sobre Castro, actual campe\u00f3n de la temporada.<\/p>\n<p><img loading=\"lazy\" decoding=\"async\" class=\"aligncenter size-full wp-image-24884\" src=\"http:\/\/www.curva1.com.ar\/wp-content\/uploads\/2018\/03\/cat85000s.jpg\" alt=\"\" width=\"1075\" height=\"490\" srcset=\"https:\/\/curva1.com.ar\/wp-content\/uploads\/2018\/03\/cat85000s.jpg 1075w, https:\/\/curva1.com.ar\/wp-content\/uploads\/2018\/03\/cat85000s-600x273.jpg 600w, https:\/\/curva1.com.ar\/wp-content\/uploads\/2018\/03\/cat85000s-768x350.jpg 768w, https:\/\/curva1.com.ar\/wp-content\/uploads\/2018\/03\/cat85000s-1024x467.jpg 1024w\" sizes=\"auto, (max-width: 1075px) 100vw, 1075px\" \/><\/p>\n","protected":false},"excerpt":{"rendered":"<p>Esta noche desde las 22 horas se corre la final\u00edsima del SPEEDWAY EL SANTO y<\/p>\n","protected":false},"author":1,"featured_media":24889,"comment_status":"closed","ping_status":"closed","sticky":false,"template":"","format":"standard","meta":{"footnotes":""},"categories":[1],"tags":[],"class_list":["post-24883","post","type-post","status-publish","format-standard","has-post-thumbnail","hentry","category-zonal-cuyano"],"featured_image_urls":{"full":["https:\/\/curva1.com.ar\/wp-content\/uploads\/2018\/03\/asdfasdfasdfas.jpg",1000,500,false],"thumbnail":["https:\/\/curva1.com.ar\/wp-content\/uploads\/2018\/03\/asdfasdfasdfas-300x169.jpg",300,169,true],"medium":["https:\/\/curva1.com.ar\/wp-content\/uploads\/2018\/03\/asdfasdfasdfas-600x300.jpg",600,300,true],"medium_large":["https:\/\/curva1.com.ar\/wp-content\/uploads\/2018\/03\/asdfasdfasdfas-768x384.jpg",640,320,true],"large":["https:\/\/curva1.com.ar\/wp-content\/uploads\/2018\/03\/asdfasdfasdfas.jpg",640,320,false],"1536x1536":["https:\/\/curva1.com.ar\/wp-content\/uploads\/2018\/03\/asdfasdfasdfas.jpg",1000,500,false],"2048x2048":["https:\/\/curva1.com.ar\/wp-content\/uploads\/2018\/03\/asdfasdfasdfas.jpg",1000,500,false],"chromenews-featured":["https:\/\/curva1.com.ar\/wp-content\/uploads\/2018\/03\/asdfasdfasdfas.jpg",1000,500,false],"chromenews-large":["https:\/\/curva1.com.ar\/wp-content\/uploads\/2018\/03\/asdfasdfasdfas.jpg",825,413,false],"chromenews-medium":["https:\/\/curva1.com.ar\/wp-content\/uploads\/2018\/03\/asdfasdfasdfas.jpg",590,295,false]},"author_info":{"display_name":"Jos\u00e9 Bravo","author_link":"https:\/\/curva1.com.ar\/?author=1"},"category_info":"<a href=\"https:\/\/curva1.com.ar\/?cat=1\" rel=\"category\">Zonal Cuyano<\/a>","tag_info":"Zonal Cuyano","comment_count":"0","_links":{"self":[{"href":"https:\/\/curva1.com.ar\/index.php?rest_route=\/wp\/v2\/posts\/24883","targetHints":{"allow":["GET"]}}],"collection":[{"href":"https:\/\/curva1.com.ar\/index.php?rest_route=\/wp\/v2\/posts"}],"about":[{"href":"https:\/\/curva1.com.ar\/index.php?rest_route=\/wp\/v2\/types\/post"}],"author":[{"embeddable":true,"href":"https:\/\/curva1.com.ar\/index.php?rest_route=\/wp\/v2\/users\/1"}],"replies":[{"embeddable":true,"href":"https:\/\/curva1.com.ar\/index.php?rest_route=%2Fwp%2Fv2%2Fcomments&post=24883"}],"version-history":[{"count":1,"href":"https:\/\/curva1.com.ar\/index.php?rest_route=\/wp\/v2\/posts\/24883\/revisions"}],"predecessor-version":[{"id":24891,"href":"https:\/\/curva1.com.ar\/index.php?rest_route=\/wp\/v2\/posts\/24883\/revisions\/24891"}],"wp:featuredmedia":[{"embeddable":true,"href":"https:\/\/curva1.com.ar\/index.php?rest_route=\/wp\/v2\/media\/24889"}],"wp:attachment":[{"href":"https:\/\/curva1.com.ar\/index.php?rest_route=%2Fwp%2Fv2%2Fmedia&parent=24883"}],"wp:term":[{"taxonomy":"category","embeddable":true,"href":"https:\/\/curva1.com.ar\/index.php?rest_route=%2Fwp%2Fv2%2Fcategories&post=24883"},{"taxonomy":"post_tag","embeddable":true,"href":"https:\/\/curva1.com.ar\/index.php?rest_route=%2Fwp%2Fv2%2Ftags&post=24883"}],"curies":[{"name":"wp","href":"https:\/\/api.w.org\/{rel}","templated":true}]}}