{"id":24904,"date":"2018-03-24T18:12:39","date_gmt":"2018-03-24T21:12:39","guid":{"rendered":"http:\/\/www.curva1.com.ar\/?p=24904"},"modified":"2018-03-24T19:01:36","modified_gmt":"2018-03-24T22:01:36","slug":"resultados-del-sabado-en-el-zonal-cuyano","status":"publish","type":"post","link":"https:\/\/curva1.com.ar\/?p=24904","title":{"rendered":"Resultados del s\u00e1bado en el Zonal Cuyano"},"content":{"rendered":"<p><img loading=\"lazy\" decoding=\"async\" class=\"aligncenter size-full wp-image-24910\" src=\"http:\/\/www.curva1.com.ar\/wp-content\/uploads\/2018\/03\/IMG_2771.jpg\" alt=\"\" width=\"800\" height=\"450\" srcset=\"https:\/\/curva1.com.ar\/wp-content\/uploads\/2018\/03\/IMG_2771.jpg 800w, https:\/\/curva1.com.ar\/wp-content\/uploads\/2018\/03\/IMG_2771-300x169.jpg 300w, https:\/\/curva1.com.ar\/wp-content\/uploads\/2018\/03\/IMG_2771-600x337.jpg 600w, https:\/\/curva1.com.ar\/wp-content\/uploads\/2018\/03\/IMG_2771-768x432.jpg 768w\" sizes=\"auto, (max-width: 800px) 100vw, 800px\" \/><\/p>\n<p>Hoy comenz\u00f3 una nueva temporada del Zonal Cuyano de Automovilismo, con la misma pasi\u00f3n de los pilotos y personas que luchan por poner un auto en pista y buscar el protagonismo.<\/p>\n<p>El a\u00f1o comenz\u00f3 flojo en todos los sentidos. Pocos autos, escas\u00edsima difusi\u00f3n, cero publicidad del evento, escaso p\u00fablico, factores que no le hacen bien a nuestro Zonal brille.<\/p>\n<p>Por lo pronto, hoy s\u00e1bado hubo entrenamientos, 3 clasificaciones y 2 series (1.4 y TC) ya que pilotos junto con dirigentes de la Clase 2 decidieron no correr la serie e ir directamente a la final.<\/p>\n<p><strong>LO QUE VIENE<\/strong><\/p>\n<p>Ma\u00f1ana domingo la actividad comenzar\u00e1 temprano. Desde las 11 horas se iniciaran las 4 finales: <strong>Turismo Pista 1.4, Clase 2, TC Cuyano y Promocional Fiat<\/strong>, que cerrar\u00e1 el espect\u00e1culo.<\/p>\n<p>La entrada general vale $100, a boxes $200. Estacionamiento general de $100 y en boxes $200<\/p>\n<h3><span style=\"color: #ff0000;\">CLASE 2<\/span><\/h3>\n<p><span style=\"color: #ff0000;\">APRETADA POLE DE MOLE<\/span><\/p>\n<p><img loading=\"lazy\" decoding=\"async\" class=\"aligncenter size-full wp-image-24909\" src=\"http:\/\/www.curva1.com.ar\/wp-content\/uploads\/2018\/03\/C2..jpg\" alt=\"\" width=\"800\" height=\"396\" srcset=\"https:\/\/curva1.com.ar\/wp-content\/uploads\/2018\/03\/C2..jpg 800w, https:\/\/curva1.com.ar\/wp-content\/uploads\/2018\/03\/C2.-600x297.jpg 600w, https:\/\/curva1.com.ar\/wp-content\/uploads\/2018\/03\/C2.-768x380.jpg 768w\" sizes=\"auto, (max-width: 800px) 100vw, 800px\" \/><\/p>\n<h3><span style=\"color: #ff0000;\">TURISMO PISTA 1.4<\/span><\/h3>\n<p><span style=\"color: #ff0000;\">POLE DE PALADINI, SERIE PARA CONSOLI<\/span><\/p>\n<p><img loading=\"lazy\" decoding=\"async\" class=\"aligncenter size-full wp-image-24911\" src=\"http:\/\/www.curva1.com.ar\/wp-content\/uploads\/2018\/03\/IMG_2802.jpg\" alt=\"\" width=\"800\" height=\"450\" srcset=\"https:\/\/curva1.com.ar\/wp-content\/uploads\/2018\/03\/IMG_2802.jpg 800w, https:\/\/curva1.com.ar\/wp-content\/uploads\/2018\/03\/IMG_2802-300x169.jpg 300w, https:\/\/curva1.com.ar\/wp-content\/uploads\/2018\/03\/IMG_2802-600x337.jpg 600w, https:\/\/curva1.com.ar\/wp-content\/uploads\/2018\/03\/IMG_2802-768x432.jpg 768w\" sizes=\"auto, (max-width: 800px) 100vw, 800px\" \/><\/p>\n<p><img loading=\"lazy\" decoding=\"async\" class=\"aligncenter size-full wp-image-24907\" src=\"http:\/\/www.curva1.com.ar\/wp-content\/uploads\/2018\/03\/T.jpg\" alt=\"\" width=\"800\" height=\"521\" srcset=\"https:\/\/curva1.com.ar\/wp-content\/uploads\/2018\/03\/T.jpg 800w, https:\/\/curva1.com.ar\/wp-content\/uploads\/2018\/03\/T-517x337.jpg 517w, https:\/\/curva1.com.ar\/wp-content\/uploads\/2018\/03\/T-768x500.jpg 768w\" sizes=\"auto, (max-width: 800px) 100vw, 800px\" \/> <img loading=\"lazy\" decoding=\"async\" class=\"aligncenter size-full wp-image-24908\" src=\"http:\/\/www.curva1.com.ar\/wp-content\/uploads\/2018\/03\/cats.jpg\" alt=\"\" width=\"800\" height=\"432\" srcset=\"https:\/\/curva1.com.ar\/wp-content\/uploads\/2018\/03\/cats.jpg 800w, https:\/\/curva1.com.ar\/wp-content\/uploads\/2018\/03\/cats-600x324.jpg 600w, https:\/\/curva1.com.ar\/wp-content\/uploads\/2018\/03\/cats-768x415.jpg 768w\" sizes=\"auto, (max-width: 800px) 100vw, 800px\" \/><\/p>\n<h3><span style=\"color: #ff0000;\">TC CUYANO<\/span><\/h3>\n<p><span style=\"color: #ff0000;\">SECCHI FUE EL DUE\u00d1O DEL S\u00c1BADO<\/span><\/p>\n<p><img loading=\"lazy\" decoding=\"async\" class=\"aligncenter size-full wp-image-24912\" src=\"http:\/\/www.curva1.com.ar\/wp-content\/uploads\/2018\/03\/IMG_2848.jpg\" alt=\"\" width=\"800\" height=\"450\" srcset=\"https:\/\/curva1.com.ar\/wp-content\/uploads\/2018\/03\/IMG_2848.jpg 800w, https:\/\/curva1.com.ar\/wp-content\/uploads\/2018\/03\/IMG_2848-300x169.jpg 300w, https:\/\/curva1.com.ar\/wp-content\/uploads\/2018\/03\/IMG_2848-600x337.jpg 600w, https:\/\/curva1.com.ar\/wp-content\/uploads\/2018\/03\/IMG_2848-768x432.jpg 768w\" sizes=\"auto, (max-width: 800px) 100vw, 800px\" \/><\/p>\n<p><img loading=\"lazy\" decoding=\"async\" class=\"aligncenter size-full wp-image-24905\" src=\"http:\/\/www.curva1.com.ar\/wp-content\/uploads\/2018\/03\/14.1.jpg\" alt=\"\" width=\"800\" height=\"489\" srcset=\"https:\/\/curva1.com.ar\/wp-content\/uploads\/2018\/03\/14.1.jpg 800w, https:\/\/curva1.com.ar\/wp-content\/uploads\/2018\/03\/14.1-551x337.jpg 551w, https:\/\/curva1.com.ar\/wp-content\/uploads\/2018\/03\/14.1-768x469.jpg 768w\" sizes=\"auto, (max-width: 800px) 100vw, 800px\" \/> <img loading=\"lazy\" decoding=\"async\" class=\"aligncenter size-full wp-image-24906\" src=\"http:\/\/www.curva1.com.ar\/wp-content\/uploads\/2018\/03\/14.12.jpg\" alt=\"\" width=\"800\" height=\"344\" srcset=\"https:\/\/curva1.com.ar\/wp-content\/uploads\/2018\/03\/14.12.jpg 800w, https:\/\/curva1.com.ar\/wp-content\/uploads\/2018\/03\/14.12-600x258.jpg 600w, https:\/\/curva1.com.ar\/wp-content\/uploads\/2018\/03\/14.12-768x330.jpg 768w\" sizes=\"auto, (max-width: 800px) 100vw, 800px\" \/><\/p>\n","protected":false},"excerpt":{"rendered":"<p>Hoy comenz\u00f3 una nueva temporada del Zonal Cuyano de Automovilismo, con la misma pasi\u00f3n de<\/p>\n","protected":false},"author":1,"featured_media":24910,"comment_status":"closed","ping_status":"closed","sticky":false,"template":"","format":"standard","meta":{"footnotes":""},"categories":[1],"tags":[],"class_list":["post-24904","post","type-post","status-publish","format-standard","has-post-thumbnail","hentry","category-zonal-cuyano"],"featured_image_urls":{"full":["https:\/\/curva1.com.ar\/wp-content\/uploads\/2018\/03\/IMG_2771.jpg",800,450,false],"thumbnail":["https:\/\/curva1.com.ar\/wp-content\/uploads\/2018\/03\/IMG_2771-300x169.jpg",300,169,true],"medium":["https:\/\/curva1.com.ar\/wp-content\/uploads\/2018\/03\/IMG_2771-600x337.jpg",600,337,true],"medium_large":["https:\/\/curva1.com.ar\/wp-content\/uploads\/2018\/03\/IMG_2771-768x432.jpg",640,360,true],"large":["https:\/\/curva1.com.ar\/wp-content\/uploads\/2018\/03\/IMG_2771.jpg",640,360,false],"1536x1536":["https:\/\/curva1.com.ar\/wp-content\/uploads\/2018\/03\/IMG_2771.jpg",800,450,false],"2048x2048":["https:\/\/curva1.com.ar\/wp-content\/uploads\/2018\/03\/IMG_2771.jpg",800,450,false],"chromenews-featured":["https:\/\/curva1.com.ar\/wp-content\/uploads\/2018\/03\/IMG_2771.jpg",800,450,false],"chromenews-large":["https:\/\/curva1.com.ar\/wp-content\/uploads\/2018\/03\/IMG_2771.jpg",800,450,false],"chromenews-medium":["https:\/\/curva1.com.ar\/wp-content\/uploads\/2018\/03\/IMG_2771.jpg",590,332,false]},"author_info":{"display_name":"Jos\u00e9 Bravo","author_link":"https:\/\/curva1.com.ar\/?author=1"},"category_info":"<a href=\"https:\/\/curva1.com.ar\/?cat=1\" rel=\"category\">Zonal Cuyano<\/a>","tag_info":"Zonal Cuyano","comment_count":"0","_links":{"self":[{"href":"https:\/\/curva1.com.ar\/index.php?rest_route=\/wp\/v2\/posts\/24904","targetHints":{"allow":["GET"]}}],"collection":[{"href":"https:\/\/curva1.com.ar\/index.php?rest_route=\/wp\/v2\/posts"}],"about":[{"href":"https:\/\/curva1.com.ar\/index.php?rest_route=\/wp\/v2\/types\/post"}],"author":[{"embeddable":true,"href":"https:\/\/curva1.com.ar\/index.php?rest_route=\/wp\/v2\/users\/1"}],"replies":[{"embeddable":true,"href":"https:\/\/curva1.com.ar\/index.php?rest_route=%2Fwp%2Fv2%2Fcomments&post=24904"}],"version-history":[{"count":3,"href":"https:\/\/curva1.com.ar\/index.php?rest_route=\/wp\/v2\/posts\/24904\/revisions"}],"predecessor-version":[{"id":24916,"href":"https:\/\/curva1.com.ar\/index.php?rest_route=\/wp\/v2\/posts\/24904\/revisions\/24916"}],"wp:featuredmedia":[{"embeddable":true,"href":"https:\/\/curva1.com.ar\/index.php?rest_route=\/wp\/v2\/media\/24910"}],"wp:attachment":[{"href":"https:\/\/curva1.com.ar\/index.php?rest_route=%2Fwp%2Fv2%2Fmedia&parent=24904"}],"wp:term":[{"taxonomy":"category","embeddable":true,"href":"https:\/\/curva1.com.ar\/index.php?rest_route=%2Fwp%2Fv2%2Fcategories&post=24904"},{"taxonomy":"post_tag","embeddable":true,"href":"https:\/\/curva1.com.ar\/index.php?rest_route=%2Fwp%2Fv2%2Ftags&post=24904"}],"curies":[{"name":"wp","href":"https:\/\/api.w.org\/{rel}","templated":true}]}}