{"id":24933,"date":"2018-03-27T21:38:12","date_gmt":"2018-03-28T00:38:12","guid":{"rendered":"http:\/\/www.curva1.com.ar\/?p=24933"},"modified":"2018-04-02T12:49:40","modified_gmt":"2018-04-02T15:49:40","slug":"resultados-de-la-1o-del-zonal-cuyano-en-san-martin","status":"publish","type":"post","link":"https:\/\/curva1.com.ar\/?p=24933","title":{"rendered":"Resultados de la 1\u00ba del Zonal Cuyano en San Mart\u00edn"},"content":{"rendered":"<p><img loading=\"lazy\" decoding=\"async\" class=\"aligncenter size-full wp-image-24968\" src=\"http:\/\/www.curva1.com.ar\/wp-content\/uploads\/2018\/04\/ZONAL-CUYANO-2018-1\u00b0-Fecha-67.jpg\" alt=\"\" width=\"4000\" height=\"2258\" srcset=\"https:\/\/curva1.com.ar\/wp-content\/uploads\/2018\/04\/ZONAL-CUYANO-2018-1\u00b0-Fecha-67.jpg 4000w, https:\/\/curva1.com.ar\/wp-content\/uploads\/2018\/04\/ZONAL-CUYANO-2018-1\u00b0-Fecha-67-300x169.jpg 300w, https:\/\/curva1.com.ar\/wp-content\/uploads\/2018\/04\/ZONAL-CUYANO-2018-1\u00b0-Fecha-67-597x337.jpg 597w, https:\/\/curva1.com.ar\/wp-content\/uploads\/2018\/04\/ZONAL-CUYANO-2018-1\u00b0-Fecha-67-768x434.jpg 768w, https:\/\/curva1.com.ar\/wp-content\/uploads\/2018\/04\/ZONAL-CUYANO-2018-1\u00b0-Fecha-67-1024x578.jpg 1024w\" sizes=\"auto, (max-width: 4000px) 100vw, 4000px\" \/><\/p>\n<hr \/>\n<p style=\"text-align: center;\"><span style=\"color: #ff0000;\">RESULTADOS CONFIRMADOS DE LA FECHA<\/span><\/p>\n<table width=\"80%\">\n<tbody>\n<tr align=\"center\">\n<td width=\"25%\"><b>Clase 2<\/b><\/td>\n<td width=\"25%\"><b>TC Cuyano<\/b><\/td>\n<td width=\"25%\"><b>T. Pista<\/b><\/td>\n<td width=\"25%\"><b>Promocional<\/b><\/td>\n<\/tr>\n<tr align=\"center\">\n<td><a href=\"http:\/\/www.femadmza.com.ar\/2018\/Zonal\/01\/ZON01C2PO1.htm\">Tanda 1\u00a0<\/a><br \/>\n<a href=\"http:\/\/www.femadmza.com.ar\/2018\/Zonal\/01\/ZON01C2PO1-T.htm\">Tiempos<\/a><\/td>\n<td><a href=\"http:\/\/www.femadmza.com.ar\/2018\/Zonal\/01\/ZON01TCPO1.htm\">Tanda 1\u00a0<\/a><br \/>\n<a href=\"http:\/\/www.femadmza.com.ar\/2018\/Zonal\/01\/ZON01TCPO1-T.htm\">Tiempos<\/a><\/td>\n<td><a href=\"http:\/\/www.femadmza.com.ar\/2018\/Zonal\/01\/ZON01TPPO1.htm\">Tanda 1\u00a0<\/a><br \/>\n<a href=\"http:\/\/www.femadmza.com.ar\/2018\/Zonal\/01\/ZON01TPPO1-T.htm\">Tiempos<\/a><\/td>\n<td><a href=\"http:\/\/www.femadmza.com.ar\/2018\/Zonal\/01\/ZON01PFPO1.htm\">Tanda 1\u00a0<\/a><br \/>\n<a href=\"http:\/\/www.femadmza.com.ar\/2018\/Zonal\/01\/ZON01PFPO1-T.htm\">Tiempos<\/a><\/td>\n<\/tr>\n<tr align=\"center\">\n<td><a href=\"http:\/\/www.femadmza.com.ar\/2018\/Zonal\/01\/ZON01C2PO2.htm\">Tanda 2\u00a0<\/a><br \/>\n<a href=\"http:\/\/www.femadmza.com.ar\/2018\/Zonal\/01\/ZON01C2PO2-T.htm\">Tiempos<\/a><\/td>\n<td><a href=\"http:\/\/www.femadmza.com.ar\/2018\/Zonal\/01\/ZON01TCPO2.htm\">Tanda 2\u00a0<\/a><br \/>\n<a href=\"http:\/\/www.femadmza.com.ar\/2018\/Zonal\/01\/ZON01TCPO2-T.htm\">Tiempos<\/a><\/td>\n<td><a href=\"http:\/\/www.femadmza.com.ar\/2018\/Zonal\/01\/ZON01TPPO2.htm\">Tanda 2\u00a0<\/a><br \/>\n<a href=\"http:\/\/www.femadmza.com.ar\/2018\/Zonal\/01\/ZON01TPPO2-T.htm\">Tiempos<\/a><\/td>\n<\/tr>\n<tr align=\"center\">\n<td><a href=\"http:\/\/www.femadmza.com.ar\/2018\/Zonal\/01\/ZON01C2CLA.htm\">Clasificaci\u00f3n\u00a0<\/a><br \/>\n<a href=\"http:\/\/www.femadmza.com.ar\/2018\/Zonal\/01\/ZON01C2CLA-T.htm\">Tiempos<\/a><\/td>\n<td><a href=\"http:\/\/www.femadmza.com.ar\/2018\/Zonal\/01\/ZON01TCCLA.htm\">Clasificaci\u00f3n\u00a0<\/a><br \/>\n<a href=\"http:\/\/www.femadmza.com.ar\/2018\/Zonal\/01\/ZON01TCCLA-T.htm\">Tiempos<\/a><\/td>\n<td><a href=\"http:\/\/www.femadmza.com.ar\/2018\/Zonal\/01\/ZON01TPCLA.htm\">Clasificaci\u00f3n\u00a0<\/a><br \/>\n<a href=\"http:\/\/www.femadmza.com.ar\/2018\/Zonal\/01\/ZON01TPCLA-T.htm\">Tiempos<\/a><\/td>\n<\/tr>\n<tr align=\"center\">\n<td><\/td>\n<td><a href=\"http:\/\/www.femadmza.com.ar\/2018\/Zonal\/01\/ZON01TCSER1.htm\">Serie 1\u00a0<\/a><br \/>\n<a href=\"http:\/\/www.femadmza.com.ar\/2018\/Zonal\/01\/ZON01TCSER1-T.htm\">Tiempos<\/a><\/td>\n<td><a href=\"http:\/\/www.femadmza.com.ar\/2018\/Zonal\/01\/ZON01TPSER1.htm\">Serie 1\u00a0<\/a><br \/>\n<a href=\"http:\/\/www.femadmza.com.ar\/2018\/Zonal\/01\/ZON01TPSER1-T.htm\">Tiempos<\/a><\/td>\n<td><a href=\"http:\/\/www.femadmza.com.ar\/2018\/Zonal\/01\/ZON01PFSER1.htm\">Serie 1\u00a0<\/a><a href=\"http:\/\/www.femadmza.com.ar\/2018\/Zonal\/01\/ZON01PFSER2.htm\">Serie 2\u00a0<\/a><br \/>\n<a href=\"http:\/\/www.femadmza.com.ar\/2018\/Zonal\/01\/ZON01PFSER1-T.htm\">Tiempos\u00a0<\/a><a href=\"http:\/\/www.femadmza.com.ar\/2018\/Zonal\/01\/ZON01PFSER2-T.htm\">Tiempos<\/a><\/td>\n<\/tr>\n<tr align=\"center\">\n<td><a href=\"http:\/\/www.femadmza.com.ar\/2018\/Zonal\/01\/ZON01C2FIN.htm\">F i n a l\u00a0<\/a><a><br \/>\n<\/a><a href=\"http:\/\/www.femadmza.com.ar\/2018\/Zonal\/01\/ZON01C2FIN-T.htm\">Tiempos<\/a><\/td>\n<td><a href=\"http:\/\/www.femadmza.com.ar\/2018\/Zonal\/01\/ZON01TCFIN.htm\">F i n a l\u00a0<\/a><br \/>\n<a href=\"http:\/\/www.femadmza.com.ar\/2018\/Zonal\/01\/ZON01TCFIN-T.htm\">Tiempos<\/a><\/td>\n<td><a href=\"http:\/\/www.femadmza.com.ar\/2018\/Zonal\/01\/ZON01TPFIN.htm\">F i n a l\u00a0<\/a><a><br \/>\n<\/a><a href=\"http:\/\/www.femadmza.com.ar\/2018\/Zonal\/01\/ZON01TPFIN-T.htm\">Tiempos<\/a><\/td>\n<td><a href=\"http:\/\/www.femadmza.com.ar\/2018\/Zonal\/01\/ZON01PFFIN.htm\">F i n a l\u00a0<\/a><br \/>\n<a href=\"http:\/\/www.femadmza.com.ar\/2018\/Zonal\/01\/ZON01PFFIN-T.htm\">Tiempos<\/a><\/td>\n<\/tr>\n<\/tbody>\n<\/table>\n<hr \/>\n<blockquote>\n<h3><span style=\"color: #ff0000;\">&gt; PROMOCIONAL FIAT<\/span><\/h3>\n<\/blockquote>\n<p><span style=\"color: #ff0000;\">GRAN TRIUNFO DE DANIEL SETTE<\/span><\/p>\n<p><img loading=\"lazy\" decoding=\"async\" class=\"aligncenter size-full wp-image-24964\" src=\"http:\/\/www.curva1.com.ar\/wp-content\/uploads\/2018\/04\/11.jpg\" alt=\"\" width=\"800\" height=\"786\" srcset=\"https:\/\/curva1.com.ar\/wp-content\/uploads\/2018\/04\/11.jpg 800w, https:\/\/curva1.com.ar\/wp-content\/uploads\/2018\/04\/11-343x337.jpg 343w, https:\/\/curva1.com.ar\/wp-content\/uploads\/2018\/04\/11-768x755.jpg 768w\" sizes=\"auto, (max-width: 800px) 100vw, 800px\" \/><\/p>\n<blockquote>\n<h3><span style=\"color: #ff0000;\">&gt;TURISMO PISTA 1.4<\/span><\/h3>\n<\/blockquote>\n<p><span style=\"color: #ff0000;\">PRIMERA VICTORIA DE CONSOLI<\/span><\/p>\n<p><img loading=\"lazy\" decoding=\"async\" class=\"aligncenter size-full wp-image-24965\" src=\"http:\/\/www.curva1.com.ar\/wp-content\/uploads\/2018\/04\/12.jpg\" alt=\"\" width=\"800\" height=\"434\" srcset=\"https:\/\/curva1.com.ar\/wp-content\/uploads\/2018\/04\/12.jpg 800w, https:\/\/curva1.com.ar\/wp-content\/uploads\/2018\/04\/12-600x326.jpg 600w, https:\/\/curva1.com.ar\/wp-content\/uploads\/2018\/04\/12-768x417.jpg 768w\" sizes=\"auto, (max-width: 800px) 100vw, 800px\" \/><\/p>\n<blockquote>\n<h3><span style=\"color: #ff0000;\">&gt; TC CUYANO<\/span><\/h3>\n<\/blockquote>\n<p><span style=\"color: #ff0000;\">FIN DE SEMANA REDONDO PARA SECCHI<\/span><\/p>\n<p><img loading=\"lazy\" decoding=\"async\" class=\"aligncenter size-full wp-image-24966\" src=\"http:\/\/www.curva1.com.ar\/wp-content\/uploads\/2018\/04\/13.jpg\" alt=\"\" width=\"800\" height=\"420\" srcset=\"https:\/\/curva1.com.ar\/wp-content\/uploads\/2018\/04\/13.jpg 800w, https:\/\/curva1.com.ar\/wp-content\/uploads\/2018\/04\/13-600x315.jpg 600w, https:\/\/curva1.com.ar\/wp-content\/uploads\/2018\/04\/13-768x403.jpg 768w\" sizes=\"auto, (max-width: 800px) 100vw, 800px\" \/><\/p>\n<blockquote>\n<h3><span style=\"color: #ff0000;\">&gt; CLASE 2<\/span><\/h3>\n<\/blockquote>\n<p><span style=\"color: #ff0000;\">RODRIGO MOL\u00c9 GAN\u00d3 CON EL CLIO DE SU HERMANO CA\u00cdTO<\/span><\/p>\n<p><img loading=\"lazy\" decoding=\"async\" class=\"aligncenter size-full wp-image-24967\" src=\"http:\/\/www.curva1.com.ar\/wp-content\/uploads\/2018\/04\/14.jpg\" alt=\"\" width=\"800\" height=\"386\" srcset=\"https:\/\/curva1.com.ar\/wp-content\/uploads\/2018\/04\/14.jpg 800w, https:\/\/curva1.com.ar\/wp-content\/uploads\/2018\/04\/14-600x290.jpg 600w, https:\/\/curva1.com.ar\/wp-content\/uploads\/2018\/04\/14-768x371.jpg 768w\" sizes=\"auto, (max-width: 800px) 100vw, 800px\" \/><\/p>\n<p>&nbsp;<\/p>\n","protected":false},"excerpt":{"rendered":"<p>RESULTADOS CONFIRMADOS DE LA FECHA Clase 2 TC Cuyano T. Pista Promocional Tanda 1\u00a0 Tiempos<\/p>\n","protected":false},"author":1,"featured_media":24968,"comment_status":"closed","ping_status":"closed","sticky":false,"template":"","format":"standard","meta":{"footnotes":""},"categories":[1],"tags":[],"class_list":["post-24933","post","type-post","status-publish","format-standard","has-post-thumbnail","hentry","category-zonal-cuyano"],"featured_image_urls":{"full":["https:\/\/curva1.com.ar\/wp-content\/uploads\/2018\/04\/ZONAL-CUYANO-2018-1\u00b0-Fecha-67.jpg",4000,2258,false],"thumbnail":["https:\/\/curva1.com.ar\/wp-content\/uploads\/2018\/04\/ZONAL-CUYANO-2018-1\u00b0-Fecha-67-300x169.jpg",300,169,true],"medium":["https:\/\/curva1.com.ar\/wp-content\/uploads\/2018\/04\/ZONAL-CUYANO-2018-1\u00b0-Fecha-67-597x337.jpg",597,337,true],"medium_large":["https:\/\/curva1.com.ar\/wp-content\/uploads\/2018\/04\/ZONAL-CUYANO-2018-1\u00b0-Fecha-67-768x434.jpg",640,362,true],"large":["https:\/\/curva1.com.ar\/wp-content\/uploads\/2018\/04\/ZONAL-CUYANO-2018-1\u00b0-Fecha-67-1024x578.jpg",640,361,true],"1536x1536":["https:\/\/curva1.com.ar\/wp-content\/uploads\/2018\/04\/ZONAL-CUYANO-2018-1\u00b0-Fecha-67.jpg",1536,867,false],"2048x2048":["https:\/\/curva1.com.ar\/wp-content\/uploads\/2018\/04\/ZONAL-CUYANO-2018-1\u00b0-Fecha-67.jpg",2048,1156,false],"chromenews-featured":["https:\/\/curva1.com.ar\/wp-content\/uploads\/2018\/04\/ZONAL-CUYANO-2018-1\u00b0-Fecha-67.jpg",1024,578,false],"chromenews-large":["https:\/\/curva1.com.ar\/wp-content\/uploads\/2018\/04\/ZONAL-CUYANO-2018-1\u00b0-Fecha-67.jpg",825,466,false],"chromenews-medium":["https:\/\/curva1.com.ar\/wp-content\/uploads\/2018\/04\/ZONAL-CUYANO-2018-1\u00b0-Fecha-67.jpg",590,333,false]},"author_info":{"display_name":"Jos\u00e9 Bravo","author_link":"https:\/\/curva1.com.ar\/?author=1"},"category_info":"<a href=\"https:\/\/curva1.com.ar\/?cat=1\" rel=\"category\">Zonal Cuyano<\/a>","tag_info":"Zonal Cuyano","comment_count":"0","yoast_head":"<!-- This site is optimized with the Yoast SEO Premium plugin v14.7 - https:\/\/yoast.com\/wordpress\/plugins\/seo\/ -->\n<title>Resultados de la 1\u00ba del Zonal Cuyano en San Mart\u00edn - Curva 1<\/title>\n<meta name=\"robots\" content=\"index, follow\" \/>\n<meta name=\"googlebot\" content=\"index, follow, max-snippet:-1, max-image-preview:large, max-video-preview:-1\" \/>\n<meta name=\"bingbot\" content=\"index, follow, max-snippet:-1, max-image-preview:large, max-video-preview:-1\" \/>\n<link rel=\"canonical\" href=\"https:\/\/curva1.com.ar\/?p=24933\" \/>\n<meta property=\"og:locale\" content=\"en_US\" \/>\n<meta property=\"og:type\" content=\"article\" \/>\n<meta property=\"og:title\" content=\"Resultados de la 1\u00ba del Zonal Cuyano en San Mart\u00edn - Curva 1\" \/>\n<meta property=\"og:description\" content=\"RESULTADOS CONFIRMADOS DE LA FECHA Clase 2 TC Cuyano T. Pista Promocional Tanda 1\u00a0 Tiempos\" \/>\n<meta property=\"og:url\" content=\"https:\/\/curva1.com.ar\/?p=24933\" \/>\n<meta property=\"og:site_name\" content=\"Curva 1\" \/>\n<meta property=\"article:publisher\" content=\"https:\/\/www.facebook.com\/revistacurva1\/\" \/>\n<meta property=\"article:published_time\" content=\"2018-03-28T00:38:12+00:00\" \/>\n<meta property=\"article:modified_time\" content=\"2018-04-02T15:49:40+00:00\" \/>\n<meta property=\"og:image\" content=\"https:\/\/curva1.com.ar\/wp-content\/uploads\/2018\/04\/ZONAL-CUYANO-2018-1\u00b0-Fecha-67.jpg\" \/>\n\t<meta property=\"og:image:width\" content=\"4000\" \/>\n\t<meta property=\"og:image:height\" content=\"2258\" \/>\n<meta property=\"fb:app_id\" content=\"1593067817533208\" \/>\n<meta name=\"twitter:card\" content=\"summary_large_image\" \/>\n<meta name=\"twitter:creator\" content=\"@curva1mendoza\" \/>\n<meta name=\"twitter:site\" content=\"@curva1mendoza\" \/>\n<script type=\"application\/ld+json\" class=\"yoast-schema-graph\">{\"@context\":\"https:\/\/schema.org\",\"@graph\":[{\"@type\":\"WebSite\",\"@id\":\"https:\/\/curva1.com.ar\/#website\",\"url\":\"https:\/\/curva1.com.ar\/\",\"name\":\"Curva 1\",\"description\":\"Automovilismo de Mendoza\",\"potentialAction\":[{\"@type\":\"SearchAction\",\"target\":\"https:\/\/curva1.com.ar\/?s={search_term_string}\",\"query-input\":\"required name=search_term_string\"}],\"inLanguage\":\"en-US\"},{\"@type\":\"ImageObject\",\"@id\":\"https:\/\/curva1.com.ar\/?p=24933#primaryimage\",\"inLanguage\":\"en-US\",\"url\":\"https:\/\/curva1.com.ar\/wp-content\/uploads\/2018\/04\/ZONAL-CUYANO-2018-1\\u00b0-Fecha-67.jpg\",\"width\":4000,\"height\":2258},{\"@type\":\"WebPage\",\"@id\":\"https:\/\/curva1.com.ar\/?p=24933#webpage\",\"url\":\"https:\/\/curva1.com.ar\/?p=24933\",\"name\":\"Resultados de la 1\\u00ba del Zonal Cuyano en San Mart\\u00edn - Curva 1\",\"isPartOf\":{\"@id\":\"https:\/\/curva1.com.ar\/#website\"},\"primaryImageOfPage\":{\"@id\":\"https:\/\/curva1.com.ar\/?p=24933#primaryimage\"},\"datePublished\":\"2018-03-28T00:38:12+00:00\",\"dateModified\":\"2018-04-02T15:49:40+00:00\",\"author\":{\"@id\":\"https:\/\/curva1.com.ar\/#\/schema\/person\/f5fd12984d70df7314fbd9ab42f31033\"},\"inLanguage\":\"en-US\",\"potentialAction\":[{\"@type\":\"ReadAction\",\"target\":[\"https:\/\/curva1.com.ar\/?p=24933\"]}]},{\"@type\":[\"Person\"],\"@id\":\"https:\/\/curva1.com.ar\/#\/schema\/person\/f5fd12984d70df7314fbd9ab42f31033\",\"name\":\"Jos\\u00e9 Bravo\",\"image\":{\"@type\":\"ImageObject\",\"@id\":\"https:\/\/curva1.com.ar\/#personlogo\",\"inLanguage\":\"en-US\",\"url\":\"https:\/\/secure.gravatar.com\/avatar\/3ae0b1fdc6ddeb723a6e6c23609ed39de1d40a94b8112fd2c0c2032e2dabf28b?s=96&d=identicon&r=g\",\"caption\":\"Jos\\u00e9 Bravo\"}}]}<\/script>\n<!-- \/ Yoast SEO Premium plugin. -->","_links":{"self":[{"href":"https:\/\/curva1.com.ar\/index.php?rest_route=\/wp\/v2\/posts\/24933","targetHints":{"allow":["GET"]}}],"collection":[{"href":"https:\/\/curva1.com.ar\/index.php?rest_route=\/wp\/v2\/posts"}],"about":[{"href":"https:\/\/curva1.com.ar\/index.php?rest_route=\/wp\/v2\/types\/post"}],"author":[{"embeddable":true,"href":"https:\/\/curva1.com.ar\/index.php?rest_route=\/wp\/v2\/users\/1"}],"replies":[{"embeddable":true,"href":"https:\/\/curva1.com.ar\/index.php?rest_route=%2Fwp%2Fv2%2Fcomments&post=24933"}],"version-history":[{"count":3,"href":"https:\/\/curva1.com.ar\/index.php?rest_route=\/wp\/v2\/posts\/24933\/revisions"}],"predecessor-version":[{"id":24971,"href":"https:\/\/curva1.com.ar\/index.php?rest_route=\/wp\/v2\/posts\/24933\/revisions\/24971"}],"wp:featuredmedia":[{"embeddable":true,"href":"https:\/\/curva1.com.ar\/index.php?rest_route=\/wp\/v2\/media\/24968"}],"wp:attachment":[{"href":"https:\/\/curva1.com.ar\/index.php?rest_route=%2Fwp%2Fv2%2Fmedia&parent=24933"}],"wp:term":[{"taxonomy":"category","embeddable":true,"href":"https:\/\/curva1.com.ar\/index.php?rest_route=%2Fwp%2Fv2%2Fcategories&post=24933"},{"taxonomy":"post_tag","embeddable":true,"href":"https:\/\/curva1.com.ar\/index.php?rest_route=%2Fwp%2Fv2%2Ftags&post=24933"}],"curies":[{"name":"wp","href":"https:\/\/api.w.org\/{rel}","templated":true}]}}