{"id":24975,"date":"2018-04-02T12:25:03","date_gmt":"2018-04-02T15:25:03","guid":{"rendered":"http:\/\/www.curva1.com.ar\/?p=24975"},"modified":"2018-04-02T13:26:08","modified_gmt":"2018-04-02T16:26:08","slug":"lucio-alvarez-regresa-al-rally-argentino-en-tucuman","status":"publish","type":"post","link":"https:\/\/curva1.com.ar\/?p=24975","title":{"rendered":"Lucio \u00c1lvarez regresa al Rally Argentino en Tucum\u00e1n"},"content":{"rendered":"<p><img loading=\"lazy\" decoding=\"async\" class=\"aligncenter size-full wp-image-24976\" src=\"http:\/\/www.curva1.com.ar\/wp-content\/uploads\/2018\/04\/5ac2356c4751a_980_.jpg\" alt=\"\" width=\"980\" height=\"669\" srcset=\"https:\/\/curva1.com.ar\/wp-content\/uploads\/2018\/04\/5ac2356c4751a_980_.jpg 980w, https:\/\/curva1.com.ar\/wp-content\/uploads\/2018\/04\/5ac2356c4751a_980_-494x337.jpg 494w, https:\/\/curva1.com.ar\/wp-content\/uploads\/2018\/04\/5ac2356c4751a_980_-768x524.jpg 768w\" sizes=\"auto, (max-width: 980px) 100vw, 980px\" \/><\/p>\n<p>El mendocino Lucio \u00c1lvarez prob\u00f3 con el DS3 Maxi Rally y se prepara para el Rally de Taf\u00ed del Valle, cita en la que comenzar\u00e1 su temporada tras estar ausente en la apertura del calendario nacional de la especialidad.<\/p>\n<p>Tras el descanso posterior al Rally Dakar,\u00a0<b>Lucio \u00c1lvarez<\/b>\u00a0trabaj\u00f3 en los \u00faltimos detalles de su participaci\u00f3n en el Rally Argentino a partir de la segunda fecha del calendario, que ser\u00e1 en Taf\u00ed del Valle entre el 6 y 8 de abril.<\/p>\n<p>La Compa\u00f1\u00eda General de Rally le entreg\u00f3 en las sierras de C\u00f3rdoba el DS3 Maxi Rally para entrenar. <strong>&#8220;<i>Desde el a\u00f1o pasado que no andaba, as\u00ed que quer\u00eda tomar contacto con el auto para tratar de andar bien y encarar todo el a\u00f1o con una buena perspectiva<\/i>&#8220;,<\/strong> indic\u00f3 el oriundo de San Rafael.<\/p>\n<p>Con el acompa\u00f1amiento de Federico Centani en la butaca derecha, \u00c1lvarez recuerda un duro paso por los caminos tucumanos: <strong>&#8220;<i>El a\u00f1o pasado nos ca\u00edmos en un precipicio, unos 40 metros&#8230; Pero de eso uno tiene que olvidarse. Hay que anotar esa curva y pasar sin miedo<\/i>&#8220;<\/strong>, afirm\u00f3.<\/p>\n","protected":false},"excerpt":{"rendered":"<p>El mendocino Lucio \u00c1lvarez prob\u00f3 con el DS3 Maxi Rally y se prepara para el<\/p>\n","protected":false},"author":1,"featured_media":24976,"comment_status":"closed","ping_status":"closed","sticky":false,"template":"","format":"standard","meta":{"footnotes":""},"categories":[6],"tags":[],"class_list":["post-24975","post","type-post","status-publish","format-standard","has-post-thumbnail","hentry","category-nacionales"],"featured_image_urls":{"full":["https:\/\/curva1.com.ar\/wp-content\/uploads\/2018\/04\/5ac2356c4751a_980_.jpg",980,669,false],"thumbnail":["https:\/\/curva1.com.ar\/wp-content\/uploads\/2018\/04\/5ac2356c4751a_980_-300x169.jpg",300,169,true],"medium":["https:\/\/curva1.com.ar\/wp-content\/uploads\/2018\/04\/5ac2356c4751a_980_-494x337.jpg",494,337,true],"medium_large":["https:\/\/curva1.com.ar\/wp-content\/uploads\/2018\/04\/5ac2356c4751a_980_-768x524.jpg",640,437,true],"large":["https:\/\/curva1.com.ar\/wp-content\/uploads\/2018\/04\/5ac2356c4751a_980_.jpg",640,437,false],"1536x1536":["https:\/\/curva1.com.ar\/wp-content\/uploads\/2018\/04\/5ac2356c4751a_980_.jpg",980,669,false],"2048x2048":["https:\/\/curva1.com.ar\/wp-content\/uploads\/2018\/04\/5ac2356c4751a_980_.jpg",980,669,false],"chromenews-featured":["https:\/\/curva1.com.ar\/wp-content\/uploads\/2018\/04\/5ac2356c4751a_980_.jpg",980,669,false],"chromenews-large":["https:\/\/curva1.com.ar\/wp-content\/uploads\/2018\/04\/5ac2356c4751a_980_.jpg",825,563,false],"chromenews-medium":["https:\/\/curva1.com.ar\/wp-content\/uploads\/2018\/04\/5ac2356c4751a_980_.jpg",590,403,false]},"author_info":{"display_name":"Jos\u00e9 Bravo","author_link":"https:\/\/curva1.com.ar\/?author=1"},"category_info":"<a href=\"https:\/\/curva1.com.ar\/?cat=6\" rel=\"category\">Nacionales<\/a>","tag_info":"Nacionales","comment_count":"0","_links":{"self":[{"href":"https:\/\/curva1.com.ar\/index.php?rest_route=\/wp\/v2\/posts\/24975","targetHints":{"allow":["GET"]}}],"collection":[{"href":"https:\/\/curva1.com.ar\/index.php?rest_route=\/wp\/v2\/posts"}],"about":[{"href":"https:\/\/curva1.com.ar\/index.php?rest_route=\/wp\/v2\/types\/post"}],"author":[{"embeddable":true,"href":"https:\/\/curva1.com.ar\/index.php?rest_route=\/wp\/v2\/users\/1"}],"replies":[{"embeddable":true,"href":"https:\/\/curva1.com.ar\/index.php?rest_route=%2Fwp%2Fv2%2Fcomments&post=24975"}],"version-history":[{"count":1,"href":"https:\/\/curva1.com.ar\/index.php?rest_route=\/wp\/v2\/posts\/24975\/revisions"}],"predecessor-version":[{"id":24977,"href":"https:\/\/curva1.com.ar\/index.php?rest_route=\/wp\/v2\/posts\/24975\/revisions\/24977"}],"wp:featuredmedia":[{"embeddable":true,"href":"https:\/\/curva1.com.ar\/index.php?rest_route=\/wp\/v2\/media\/24976"}],"wp:attachment":[{"href":"https:\/\/curva1.com.ar\/index.php?rest_route=%2Fwp%2Fv2%2Fmedia&parent=24975"}],"wp:term":[{"taxonomy":"category","embeddable":true,"href":"https:\/\/curva1.com.ar\/index.php?rest_route=%2Fwp%2Fv2%2Fcategories&post=24975"},{"taxonomy":"post_tag","embeddable":true,"href":"https:\/\/curva1.com.ar\/index.php?rest_route=%2Fwp%2Fv2%2Ftags&post=24975"}],"curies":[{"name":"wp","href":"https:\/\/api.w.org\/{rel}","templated":true}]}}