{"id":24999,"date":"2018-04-06T10:42:42","date_gmt":"2018-04-06T13:42:42","guid":{"rendered":"http:\/\/www.curva1.com.ar\/?p=24999"},"modified":"2018-04-06T10:51:36","modified_gmt":"2018-04-06T13:51:36","slug":"se-viene-un-callejero-de-karting-en-mendoza","status":"publish","type":"post","link":"https:\/\/curva1.com.ar\/?p=24999","title":{"rendered":"Se viene un callejero de karting en Mendoza?"},"content":{"rendered":"<p><img loading=\"lazy\" decoding=\"async\" class=\"aligncenter size-full wp-image-25001\" src=\"http:\/\/www.curva1.com.ar\/wp-content\/uploads\/2018\/04\/IMG_5689.jpg\" alt=\"\" width=\"960\" height=\"540\" srcset=\"https:\/\/curva1.com.ar\/wp-content\/uploads\/2018\/04\/IMG_5689.jpg 960w, https:\/\/curva1.com.ar\/wp-content\/uploads\/2018\/04\/IMG_5689-300x169.jpg 300w, https:\/\/curva1.com.ar\/wp-content\/uploads\/2018\/04\/IMG_5689-600x337.jpg 600w, https:\/\/curva1.com.ar\/wp-content\/uploads\/2018\/04\/IMG_5689-768x432.jpg 768w\" sizes=\"auto, (max-width: 960px) 100vw, 960px\" \/><\/p>\n<p>La idea de hacer un callejero de karting en la provincia de Mendoza surgi\u00f3 hace un par de temporadas, pero todo qued\u00f3 en silencio. Hace algunas semanas volvi\u00f3 a resurgir y comenzaron las tratativas.<\/p>\n<p>El martes pasado el intendente de Jun\u00edn, Mario Abed, recibi\u00f3 a la gente del karting mendocino para escuchar la propuesta. La reuni\u00f3n fue positiva y en los pr\u00f3ximos d\u00edas habr\u00e1 una nueva charla.<\/p>\n<p>Estuvieron presentes &#8220;Pato&#8221; Alvares Storni (dirigente de AVE), Jos\u00e9 Bravo\u00a0 (Curva 1), Willy Pojmaevich (piloto y due\u00f1o de Podium Bar) y &#8220;Peluche C\u00e1ceres&#8221; (piloto del TC Mouras). Los cuatro encarar\u00e1n el proyecto de realizar una competencias por las calles de Jun\u00edn y acercar al p\u00fablico al deporte motor.<\/p>\n<p>Todav\u00eda no est\u00e1 confirmado el lugar ni el trazado, pero si existe el fuerte inter\u00e9s y apoyo de la intendencia del este provincial para este evento que seguramente ser\u00e1 la novedad del a\u00f1o en la especialidad.<\/p>\n","protected":false},"excerpt":{"rendered":"<p>La idea de hacer un callejero de karting en la provincia de Mendoza surgi\u00f3 hace<\/p>\n","protected":false},"author":1,"featured_media":25000,"comment_status":"closed","ping_status":"closed","sticky":false,"template":"","format":"standard","meta":{"footnotes":""},"categories":[4],"tags":[],"class_list":["post-24999","post","type-post","status-publish","format-standard","has-post-thumbnail","hentry","category-karting"],"featured_image_urls":{"full":["https:\/\/curva1.com.ar\/wp-content\/uploads\/2018\/04\/IMG_5735.jpg",960,540,false],"thumbnail":["https:\/\/curva1.com.ar\/wp-content\/uploads\/2018\/04\/IMG_5735-300x169.jpg",300,169,true],"medium":["https:\/\/curva1.com.ar\/wp-content\/uploads\/2018\/04\/IMG_5735-600x337.jpg",600,337,true],"medium_large":["https:\/\/curva1.com.ar\/wp-content\/uploads\/2018\/04\/IMG_5735-768x432.jpg",640,360,true],"large":["https:\/\/curva1.com.ar\/wp-content\/uploads\/2018\/04\/IMG_5735.jpg",640,360,false],"1536x1536":["https:\/\/curva1.com.ar\/wp-content\/uploads\/2018\/04\/IMG_5735.jpg",960,540,false],"2048x2048":["https:\/\/curva1.com.ar\/wp-content\/uploads\/2018\/04\/IMG_5735.jpg",960,540,false],"chromenews-featured":["https:\/\/curva1.com.ar\/wp-content\/uploads\/2018\/04\/IMG_5735.jpg",960,540,false],"chromenews-large":["https:\/\/curva1.com.ar\/wp-content\/uploads\/2018\/04\/IMG_5735.jpg",825,464,false],"chromenews-medium":["https:\/\/curva1.com.ar\/wp-content\/uploads\/2018\/04\/IMG_5735.jpg",590,332,false]},"author_info":{"display_name":"Jos\u00e9 Bravo","author_link":"https:\/\/curva1.com.ar\/?author=1"},"category_info":"<a href=\"https:\/\/curva1.com.ar\/?cat=4\" rel=\"category\">Karting Asfalto<\/a>","tag_info":"Karting Asfalto","comment_count":"0","_links":{"self":[{"href":"https:\/\/curva1.com.ar\/index.php?rest_route=\/wp\/v2\/posts\/24999","targetHints":{"allow":["GET"]}}],"collection":[{"href":"https:\/\/curva1.com.ar\/index.php?rest_route=\/wp\/v2\/posts"}],"about":[{"href":"https:\/\/curva1.com.ar\/index.php?rest_route=\/wp\/v2\/types\/post"}],"author":[{"embeddable":true,"href":"https:\/\/curva1.com.ar\/index.php?rest_route=\/wp\/v2\/users\/1"}],"replies":[{"embeddable":true,"href":"https:\/\/curva1.com.ar\/index.php?rest_route=%2Fwp%2Fv2%2Fcomments&post=24999"}],"version-history":[{"count":1,"href":"https:\/\/curva1.com.ar\/index.php?rest_route=\/wp\/v2\/posts\/24999\/revisions"}],"predecessor-version":[{"id":25002,"href":"https:\/\/curva1.com.ar\/index.php?rest_route=\/wp\/v2\/posts\/24999\/revisions\/25002"}],"wp:featuredmedia":[{"embeddable":true,"href":"https:\/\/curva1.com.ar\/index.php?rest_route=\/wp\/v2\/media\/25000"}],"wp:attachment":[{"href":"https:\/\/curva1.com.ar\/index.php?rest_route=%2Fwp%2Fv2%2Fmedia&parent=24999"}],"wp:term":[{"taxonomy":"category","embeddable":true,"href":"https:\/\/curva1.com.ar\/index.php?rest_route=%2Fwp%2Fv2%2Fcategories&post=24999"},{"taxonomy":"post_tag","embeddable":true,"href":"https:\/\/curva1.com.ar\/index.php?rest_route=%2Fwp%2Fv2%2Ftags&post=24999"}],"curies":[{"name":"wp","href":"https:\/\/api.w.org\/{rel}","templated":true}]}}