{"id":2503,"date":"2012-11-26T15:24:50","date_gmt":"2012-11-26T18:24:50","guid":{"rendered":"http:\/\/www.curva1.com.ar\/?p=2503"},"modified":"2012-11-26T17:06:59","modified_gmt":"2012-11-26T20:06:59","slug":"ultimo-dia-de-pruebas-del-zonal-cuyano-en-el-jorge-angel-pena","status":"publish","type":"post","link":"https:\/\/curva1.com.ar\/?p=2503","title":{"rendered":"Ultimo dia de pruebas del zonal cuyano en el Jorge Angel Pena"},"content":{"rendered":"<figure id=\"attachment_2504\" aria-describedby=\"caption-attachment-2504\" style=\"width: 500px\" class=\"wp-caption aligncenter\"><img loading=\"lazy\" decoding=\"async\" class=\" wp-image-2504\" title=\"P1800295\" src=\"http:\/\/www.curva1.com.ar\/wp-content\/uploads\/2012\/11\/P1800295.jpg\" alt=\"\" width=\"500\" height=\"281\" srcset=\"https:\/\/curva1.com.ar\/wp-content\/uploads\/2012\/11\/P1800295.jpg 500w, https:\/\/curva1.com.ar\/wp-content\/uploads\/2012\/11\/P1800295-300x168.jpg 300w\" sizes=\"auto, (max-width: 500px) 100vw, 500px\" \/><figcaption id=\"caption-attachment-2504\" class=\"wp-caption-text\">PEDRO SOLER<\/figcaption><\/figure>\n<p>Varios autos del zonal cuyano est\u00e1n realizando la \u00faltima prueba del a\u00f1o 2012, previo a la carrera coronaci\u00f3n que se llevar\u00e1 a cabo el fin de semana pr\u00f3ximo.<\/p>\n<p>Algunos que regresan para terminar la temporada y otros que se preparan para la definici\u00f3n de campeonato.<\/p>\n<p>Las salidas a pista estuvieron demoradas por el despiste de Nicolai en su TC Cuyano, que qued\u00f3 enterrado en la salida de la curva dos. Solo por precauci\u00f3n, la ambulancia fue hasta el lugar. Ver fotos abajo.<\/p>\n<blockquote><p>En el d\u00eda de ayer probaron varias motos de velocidad en la pista de San Mart\u00edn.<\/p><\/blockquote>\n<p>Estos son los que probaron en San Mart\u00edn:<\/p>\n<p><strong>TURISMO PISTA 1100<\/strong><\/p>\n<p style=\"padding-left: 30px;\">JOSE IGNACIO LLORET<\/p>\n<p style=\"padding-left: 30px;\">DANIEL SETTE<\/p>\n<p style=\"padding-left: 30px;\">ALBERTO LLORET<\/p>\n<p style=\"padding-left: 30px;\">LEO GASQUE &#8211; en el auto de Jos\u00e9 Lloret<\/p>\n<p><strong>TC CUYANO<\/strong><\/p>\n<p style=\"padding-left: 30px;\">GONZALO PALAU<\/p>\n<p style=\"padding-left: 30px;\">CARLOS BACHIOCHI<\/p>\n<p style=\"padding-left: 30px;\">ADRIAN NICOLAI<\/p>\n<p><strong>CLASE 2<\/strong><\/p>\n<p style=\"padding-left: 30px;\">MARTIN ANTOLIN<\/p>\n<p style=\"padding-left: 30px;\">ROBERTO PATTI<\/p>\n<p style=\"padding-left: 30px;\">PEDRO SOLER<\/p>\n<p style=\"padding-left: 30px;\">LUIS MATHON<\/p>\n<figure id=\"attachment_2514\" aria-describedby=\"caption-attachment-2514\" style=\"width: 500px\" class=\"wp-caption aligncenter\"><img loading=\"lazy\" decoding=\"async\" class=\"size-full wp-image-2514\" title=\"IMG_2292\" src=\"http:\/\/www.curva1.com.ar\/wp-content\/uploads\/2012\/11\/IMG_2292.jpg\" alt=\"\" width=\"500\" height=\"281\" srcset=\"https:\/\/curva1.com.ar\/wp-content\/uploads\/2012\/11\/IMG_2292.jpg 500w, https:\/\/curva1.com.ar\/wp-content\/uploads\/2012\/11\/IMG_2292-300x168.jpg 300w\" sizes=\"auto, (max-width: 500px) 100vw, 500px\" \/><figcaption id=\"caption-attachment-2514\" class=\"wp-caption-text\">TC CUYANO DE NICOLAI<\/figcaption><\/figure>\n<figure id=\"attachment_2515\" aria-describedby=\"caption-attachment-2515\" style=\"width: 500px\" class=\"wp-caption aligncenter\"><img loading=\"lazy\" decoding=\"async\" class=\"size-full wp-image-2515\" title=\"IMG_2290\" src=\"http:\/\/www.curva1.com.ar\/wp-content\/uploads\/2012\/11\/IMG_2290.jpg\" alt=\"\" width=\"500\" height=\"281\" srcset=\"https:\/\/curva1.com.ar\/wp-content\/uploads\/2012\/11\/IMG_2290.jpg 500w, https:\/\/curva1.com.ar\/wp-content\/uploads\/2012\/11\/IMG_2290-300x168.jpg 300w\" sizes=\"auto, (max-width: 500px) 100vw, 500px\" \/><figcaption id=\"caption-attachment-2515\" class=\"wp-caption-text\">DESPISTE EN LA CURVA 2<\/figcaption><\/figure>\n<figure id=\"attachment_2506\" aria-describedby=\"caption-attachment-2506\" style=\"width: 500px\" class=\"wp-caption aligncenter\"><img loading=\"lazy\" decoding=\"async\" class=\"size-full wp-image-2506\" title=\"P1800293\" src=\"http:\/\/www.curva1.com.ar\/wp-content\/uploads\/2012\/11\/P1800293.jpg\" alt=\"\" width=\"500\" height=\"281\" srcset=\"https:\/\/curva1.com.ar\/wp-content\/uploads\/2012\/11\/P1800293.jpg 500w, https:\/\/curva1.com.ar\/wp-content\/uploads\/2012\/11\/P1800293-300x168.jpg 300w\" sizes=\"auto, (max-width: 500px) 100vw, 500px\" \/><figcaption id=\"caption-attachment-2506\" class=\"wp-caption-text\">GONZALO PALAU<\/figcaption><\/figure>\n<figure id=\"attachment_2516\" aria-describedby=\"caption-attachment-2516\" style=\"width: 500px\" class=\"wp-caption aligncenter\"><img loading=\"lazy\" decoding=\"async\" class=\"size-full wp-image-2516\" title=\"P1800291\" src=\"http:\/\/www.curva1.com.ar\/wp-content\/uploads\/2012\/11\/P1800291.jpg\" alt=\"\" width=\"500\" height=\"281\" srcset=\"https:\/\/curva1.com.ar\/wp-content\/uploads\/2012\/11\/P1800291.jpg 500w, https:\/\/curva1.com.ar\/wp-content\/uploads\/2012\/11\/P1800291-300x168.jpg 300w\" sizes=\"auto, (max-width: 500px) 100vw, 500px\" \/><figcaption id=\"caption-attachment-2516\" class=\"wp-caption-text\">JOSE LLORET<\/figcaption><\/figure>\n<figure id=\"attachment_2517\" aria-describedby=\"caption-attachment-2517\" style=\"width: 500px\" class=\"wp-caption aligncenter\"><img loading=\"lazy\" decoding=\"async\" class=\"size-full wp-image-2517\" title=\"IMG_2293\" src=\"http:\/\/www.curva1.com.ar\/wp-content\/uploads\/2012\/11\/IMG_2293.jpg\" alt=\"\" width=\"500\" height=\"281\" srcset=\"https:\/\/curva1.com.ar\/wp-content\/uploads\/2012\/11\/IMG_2293.jpg 500w, https:\/\/curva1.com.ar\/wp-content\/uploads\/2012\/11\/IMG_2293-300x168.jpg 300w\" sizes=\"auto, (max-width: 500px) 100vw, 500px\" \/><figcaption id=\"caption-attachment-2517\" class=\"wp-caption-text\">LUS MATHON<\/figcaption><\/figure>\n<figure id=\"attachment_2510\" aria-describedby=\"caption-attachment-2510\" style=\"width: 500px\" class=\"wp-caption aligncenter\"><img loading=\"lazy\" decoding=\"async\" class=\"size-full wp-image-2510\" title=\"P1800292\" src=\"http:\/\/www.curva1.com.ar\/wp-content\/uploads\/2012\/11\/P1800292.jpg\" alt=\"\" width=\"500\" height=\"281\" srcset=\"https:\/\/curva1.com.ar\/wp-content\/uploads\/2012\/11\/P1800292.jpg 500w, https:\/\/curva1.com.ar\/wp-content\/uploads\/2012\/11\/P1800292-300x168.jpg 300w\" sizes=\"auto, (max-width: 500px) 100vw, 500px\" \/><figcaption id=\"caption-attachment-2510\" class=\"wp-caption-text\">ALBERTO LLORET<\/figcaption><\/figure>\n<figure id=\"attachment_2511\" aria-describedby=\"caption-attachment-2511\" style=\"width: 500px\" class=\"wp-caption aligncenter\"><img loading=\"lazy\" decoding=\"async\" class=\"size-full wp-image-2511\" title=\"P1800298\" src=\"http:\/\/www.curva1.com.ar\/wp-content\/uploads\/2012\/11\/P1800298.jpg\" alt=\"\" width=\"500\" height=\"281\" srcset=\"https:\/\/curva1.com.ar\/wp-content\/uploads\/2012\/11\/P1800298.jpg 500w, https:\/\/curva1.com.ar\/wp-content\/uploads\/2012\/11\/P1800298-300x168.jpg 300w\" sizes=\"auto, (max-width: 500px) 100vw, 500px\" \/><figcaption id=\"caption-attachment-2511\" class=\"wp-caption-text\">MARTIN ANTOLIN<\/figcaption><\/figure>\n<figure id=\"attachment_2512\" aria-describedby=\"caption-attachment-2512\" style=\"width: 500px\" class=\"wp-caption aligncenter\"><img loading=\"lazy\" decoding=\"async\" class=\"size-full wp-image-2512\" title=\"P1800299\" src=\"http:\/\/www.curva1.com.ar\/wp-content\/uploads\/2012\/11\/P1800299.jpg\" alt=\"\" width=\"500\" height=\"281\" srcset=\"https:\/\/curva1.com.ar\/wp-content\/uploads\/2012\/11\/P1800299.jpg 500w, https:\/\/curva1.com.ar\/wp-content\/uploads\/2012\/11\/P1800299-300x168.jpg 300w\" sizes=\"auto, (max-width: 500px) 100vw, 500px\" \/><figcaption id=\"caption-attachment-2512\" class=\"wp-caption-text\">DANIEL SETTE<\/figcaption><\/figure>\n","protected":false},"excerpt":{"rendered":"<p>Varios autos del zonal cuyano est\u00e1n realizando la \u00faltima prueba del a\u00f1o 2012, previo a<\/p>\n","protected":false},"author":1,"featured_media":2514,"comment_status":"open","ping_status":"closed","sticky":false,"template":"","format":"standard","meta":{"footnotes":""},"categories":[1],"tags":[],"class_list":["post-2503","post","type-post","status-publish","format-standard","has-post-thumbnail","hentry","category-zonal-cuyano"],"featured_image_urls":{"full":["https:\/\/curva1.com.ar\/wp-content\/uploads\/2012\/11\/IMG_2292.jpg",500,281,false],"thumbnail":["https:\/\/curva1.com.ar\/wp-content\/uploads\/2012\/11\/IMG_2292-150x150.jpg",150,150,true],"medium":["https:\/\/curva1.com.ar\/wp-content\/uploads\/2012\/11\/IMG_2292-300x168.jpg",300,168,true],"medium_large":["https:\/\/curva1.com.ar\/wp-content\/uploads\/2012\/11\/IMG_2292.jpg",500,281,false],"large":["https:\/\/curva1.com.ar\/wp-content\/uploads\/2012\/11\/IMG_2292.jpg",500,281,false],"1536x1536":["https:\/\/curva1.com.ar\/wp-content\/uploads\/2012\/11\/IMG_2292.jpg",500,281,false],"2048x2048":["https:\/\/curva1.com.ar\/wp-content\/uploads\/2012\/11\/IMG_2292.jpg",500,281,false],"chromenews-featured":["https:\/\/curva1.com.ar\/wp-content\/uploads\/2012\/11\/IMG_2292.jpg",500,281,false],"chromenews-large":["https:\/\/curva1.com.ar\/wp-content\/uploads\/2012\/11\/IMG_2292.jpg",500,281,false],"chromenews-medium":["https:\/\/curva1.com.ar\/wp-content\/uploads\/2012\/11\/IMG_2292.jpg",500,281,false]},"author_info":{"display_name":"Jos\u00e9 Bravo","author_link":"https:\/\/curva1.com.ar\/?author=1"},"category_info":"<a href=\"https:\/\/curva1.com.ar\/?cat=1\" rel=\"category\">Zonal Cuyano<\/a>","tag_info":"Zonal Cuyano","comment_count":"0","_links":{"self":[{"href":"https:\/\/curva1.com.ar\/index.php?rest_route=\/wp\/v2\/posts\/2503","targetHints":{"allow":["GET"]}}],"collection":[{"href":"https:\/\/curva1.com.ar\/index.php?rest_route=\/wp\/v2\/posts"}],"about":[{"href":"https:\/\/curva1.com.ar\/index.php?rest_route=\/wp\/v2\/types\/post"}],"author":[{"embeddable":true,"href":"https:\/\/curva1.com.ar\/index.php?rest_route=\/wp\/v2\/users\/1"}],"replies":[{"embeddable":true,"href":"https:\/\/curva1.com.ar\/index.php?rest_route=%2Fwp%2Fv2%2Fcomments&post=2503"}],"version-history":[{"count":8,"href":"https:\/\/curva1.com.ar\/index.php?rest_route=\/wp\/v2\/posts\/2503\/revisions"}],"predecessor-version":[{"id":2508,"href":"https:\/\/curva1.com.ar\/index.php?rest_route=\/wp\/v2\/posts\/2503\/revisions\/2508"}],"wp:featuredmedia":[{"embeddable":true,"href":"https:\/\/curva1.com.ar\/index.php?rest_route=\/wp\/v2\/media\/2514"}],"wp:attachment":[{"href":"https:\/\/curva1.com.ar\/index.php?rest_route=%2Fwp%2Fv2%2Fmedia&parent=2503"}],"wp:term":[{"taxonomy":"category","embeddable":true,"href":"https:\/\/curva1.com.ar\/index.php?rest_route=%2Fwp%2Fv2%2Fcategories&post=2503"},{"taxonomy":"post_tag","embeddable":true,"href":"https:\/\/curva1.com.ar\/index.php?rest_route=%2Fwp%2Fv2%2Ftags&post=2503"}],"curies":[{"name":"wp","href":"https:\/\/api.w.org\/{rel}","templated":true}]}}