{"id":25046,"date":"2018-04-10T16:06:11","date_gmt":"2018-04-10T19:06:11","guid":{"rendered":"http:\/\/www.curva1.com.ar\/?p=25046"},"modified":"2018-04-10T16:32:32","modified_gmt":"2018-04-10T19:32:32","slug":"intendente-de-tupungato-volco-en-un-karting-y-fue-internado-con-multiples-fracturas","status":"publish","type":"post","link":"https:\/\/curva1.com.ar\/?p=25046","title":{"rendered":"Intendente de Tupungato volc\u00f3 en un karting y fue internado con m\u00faltiples fracturas"},"content":{"rendered":"<p><img loading=\"lazy\" decoding=\"async\" class=\"aligncenter size-full wp-image-25047\" src=\"http:\/\/www.curva1.com.ar\/wp-content\/uploads\/2018\/04\/image5acc116b422dc.jpg\" alt=\"\" width=\"945\" height=\"532\" srcset=\"https:\/\/curva1.com.ar\/wp-content\/uploads\/2018\/04\/image5acc116b422dc.jpg 945w, https:\/\/curva1.com.ar\/wp-content\/uploads\/2018\/04\/image5acc116b422dc-300x169.jpg 300w, https:\/\/curva1.com.ar\/wp-content\/uploads\/2018\/04\/image5acc116b422dc-600x337.jpg 600w, https:\/\/curva1.com.ar\/wp-content\/uploads\/2018\/04\/image5acc116b422dc-768x432.jpg 768w\" sizes=\"auto, (max-width: 945px) 100vw, 945px\" \/><\/p>\n<p>El\u00a0intendente de Tupungato, Gustavo Soto,\u00a0fue internado\u00a0con\u00a0m\u00faltiples micro-fracturas\u00a0luego de que\u00a0volcara corriendo en un karting\u00a0este fin de semana.\u00a0Ocurri\u00f3 en una competencia &#8220;no federada&#8221; que se realiz\u00f3 en la regi\u00f3n del Valle de Uco.<\/p>\n<p>La pasi\u00f3n del cacique radical se le volvi\u00f3 en contra este domingo luego de que colisionara con el veloz veh\u00edculo que piloteaba y volcara. A ra\u00edz del accidente,\u00a0Soto sufri\u00f3 <strong>\u201cmicro-fracturas en las costillas y en una de las clav\u00edculas y tiene un gran hematoma\u201d,<\/strong> precisaron a\u00a0Los Andes\u00a0fuentes del partido.<\/p>\n<p>El intendente fue asistido de inmediato y luego\u00a0derivado a la Cl\u00ednica Francesa, de Ciudad, donde permanecer\u00e1 internado en terapia<strong>\u00a0\u201cal menos dos d\u00edas m\u00e1s para evaluar c\u00f3mo evoluciona\u201d<\/strong>, precisaron. Las fuentes aseguraron que \u201c<strong>est\u00e1 estable y recuper\u00e1ndose\u201d.<\/strong><\/p>\n<p>Durante la ausencia del jefe comunal, Mar\u00eda Rosa Lamanuzzi, presidente del Concejo Deliberante de ese departamento del Valle de Uco, se har\u00e1 carga de la intendencia.<\/p>\n<p style=\"padding-left: 30px;\"><em>Fuente: Diario Los Andes.<\/em><\/p>\n<p style=\"text-align: center;\"><iframe loading=\"lazy\" src=\"https:\/\/www.youtube.com\/embed\/yw49frg_PI4\" width=\"560\" height=\"315\" frameborder=\"0\" allowfullscreen=\"allowfullscreen\"><\/iframe><\/p>\n","protected":false},"excerpt":{"rendered":"<p>El\u00a0intendente de Tupungato, Gustavo Soto,\u00a0fue internado\u00a0con\u00a0m\u00faltiples micro-fracturas\u00a0luego de que\u00a0volcara corriendo en un karting\u00a0este fin de<\/p>\n","protected":false},"author":1,"featured_media":25047,"comment_status":"closed","ping_status":"closed","sticky":false,"template":"","format":"standard","meta":{"footnotes":""},"categories":[6],"tags":[],"class_list":["post-25046","post","type-post","status-publish","format-standard","has-post-thumbnail","hentry","category-nacionales"],"featured_image_urls":{"full":["https:\/\/curva1.com.ar\/wp-content\/uploads\/2018\/04\/image5acc116b422dc.jpg",945,532,false],"thumbnail":["https:\/\/curva1.com.ar\/wp-content\/uploads\/2018\/04\/image5acc116b422dc-300x169.jpg",300,169,true],"medium":["https:\/\/curva1.com.ar\/wp-content\/uploads\/2018\/04\/image5acc116b422dc-600x337.jpg",600,337,true],"medium_large":["https:\/\/curva1.com.ar\/wp-content\/uploads\/2018\/04\/image5acc116b422dc-768x432.jpg",640,360,true],"large":["https:\/\/curva1.com.ar\/wp-content\/uploads\/2018\/04\/image5acc116b422dc.jpg",640,360,false],"1536x1536":["https:\/\/curva1.com.ar\/wp-content\/uploads\/2018\/04\/image5acc116b422dc.jpg",945,532,false],"2048x2048":["https:\/\/curva1.com.ar\/wp-content\/uploads\/2018\/04\/image5acc116b422dc.jpg",945,532,false],"chromenews-featured":["https:\/\/curva1.com.ar\/wp-content\/uploads\/2018\/04\/image5acc116b422dc.jpg",945,532,false],"chromenews-large":["https:\/\/curva1.com.ar\/wp-content\/uploads\/2018\/04\/image5acc116b422dc.jpg",825,464,false],"chromenews-medium":["https:\/\/curva1.com.ar\/wp-content\/uploads\/2018\/04\/image5acc116b422dc.jpg",590,332,false]},"author_info":{"display_name":"Jos\u00e9 Bravo","author_link":"https:\/\/curva1.com.ar\/?author=1"},"category_info":"<a href=\"https:\/\/curva1.com.ar\/?cat=6\" rel=\"category\">Nacionales<\/a>","tag_info":"Nacionales","comment_count":"0","_links":{"self":[{"href":"https:\/\/curva1.com.ar\/index.php?rest_route=\/wp\/v2\/posts\/25046","targetHints":{"allow":["GET"]}}],"collection":[{"href":"https:\/\/curva1.com.ar\/index.php?rest_route=\/wp\/v2\/posts"}],"about":[{"href":"https:\/\/curva1.com.ar\/index.php?rest_route=\/wp\/v2\/types\/post"}],"author":[{"embeddable":true,"href":"https:\/\/curva1.com.ar\/index.php?rest_route=\/wp\/v2\/users\/1"}],"replies":[{"embeddable":true,"href":"https:\/\/curva1.com.ar\/index.php?rest_route=%2Fwp%2Fv2%2Fcomments&post=25046"}],"version-history":[{"count":5,"href":"https:\/\/curva1.com.ar\/index.php?rest_route=\/wp\/v2\/posts\/25046\/revisions"}],"predecessor-version":[{"id":25053,"href":"https:\/\/curva1.com.ar\/index.php?rest_route=\/wp\/v2\/posts\/25046\/revisions\/25053"}],"wp:featuredmedia":[{"embeddable":true,"href":"https:\/\/curva1.com.ar\/index.php?rest_route=\/wp\/v2\/media\/25047"}],"wp:attachment":[{"href":"https:\/\/curva1.com.ar\/index.php?rest_route=%2Fwp%2Fv2%2Fmedia&parent=25046"}],"wp:term":[{"taxonomy":"category","embeddable":true,"href":"https:\/\/curva1.com.ar\/index.php?rest_route=%2Fwp%2Fv2%2Fcategories&post=25046"},{"taxonomy":"post_tag","embeddable":true,"href":"https:\/\/curva1.com.ar\/index.php?rest_route=%2Fwp%2Fv2%2Ftags&post=25046"}],"curies":[{"name":"wp","href":"https:\/\/api.w.org\/{rel}","templated":true}]}}