{"id":25167,"date":"2018-04-19T19:33:39","date_gmt":"2018-04-19T22:33:39","guid":{"rendered":"http:\/\/www.curva1.com.ar\/?p=25167"},"modified":"2018-04-19T22:13:49","modified_gmt":"2018-04-20T01:13:49","slug":"horarios-para-la-1o-fecha-del-karting-mendocino","status":"publish","type":"post","link":"https:\/\/curva1.com.ar\/?p=25167","title":{"rendered":"Horarios para la 1\u00ba fecha del Karting Mendocino"},"content":{"rendered":"<figure id=\"attachment_80172\" aria-describedby=\"caption-attachment-80172\" style=\"width: 960px\" class=\"wp-caption aligncenter\"><img loading=\"lazy\" decoding=\"async\" class=\"size-full wp-image-80172\" src=\"http:\/\/curva1kart.com.ar\/noticias\/wp-content\/uploads\/2018\/04\/IMG_6519.jpg\" alt=\"\" width=\"960\" height=\"540\" \/><figcaption id=\"caption-attachment-80172\" class=\"wp-caption-text\">Fotos: Jos\u00e9 Bravo<\/figcaption><\/figure>\n<p>El pr\u00f3ximo fin de semana comenzar\u00e1 una nueva temporada del <strong>Campeonato Mendocino de Karting<\/strong>, que llega renovado y con las mismas fuerzas de la temporada pasada donde alcanz\u00f3 cifras r\u00e9cord entre sus participantes. Se pondr\u00e1 en juego el <strong>Gran Premio &#8220;T&amp;T GNC&#8221;<\/strong>.<\/p>\n<p>Pareciera que la crisis del pa\u00eds no lo hubiera afectado, porque para la primera cita se espera una cifra de 70 karts o m\u00e1s, con una muy pero muy buena cantidad de pilotos debutantes en diferentes divisionales.<\/p>\n<p>El s\u00e1bado habr\u00e1 cuatro tandas de pruebas libres y toda la actividad oficial ser\u00e1 el domingo, donde conoceremos los primeros ganadores del a\u00f1o.<\/p>\n<p>Estar\u00e1n en pista las <strong>Categor\u00edas<\/strong>:<\/p>\n<ul>\n<li>Infantil &#8211; 7 a 9 a\u00f1os<\/li>\n<li>Promocional Iame 60 &#8211; 10 a 12 a\u00f1os<\/li>\n<li>125cc Junior -13 a 15 a\u00f1os<\/li>\n<li>125cc Senior Pro &#8211; 15 a\u00f1os en adelante<\/li>\n<li>150 S\u00faper 4 Tiempos &#8211;\u00a015 a\u00f1os en adelante<\/li>\n<li>Monomarca Guerrero 150 &#8220;Avezados&#8221; &#8211; 10 a 16 a\u00f1os<\/li>\n<li>Monomarca Guerrero 150 &#8220;Avezados&#8221; &#8211;\u00a016 a\u00f1os en adelante<\/li>\n<\/ul>\n<hr \/>\n<p style=\"text-align: center;\"><iframe loading=\"lazy\" style=\"border: none; overflow: hidden;\" src=\"https:\/\/www.facebook.com\/plugins\/video.php?href=https%3A%2F%2Fwww.facebook.com%2Fkartingmendocino%2Fvideos%2F1839966669645567%2F&amp;show_text=0&amp;width=560\" width=\"560\" height=\"315\" frameborder=\"0\" scrolling=\"no\" allowfullscreen=\"allowfullscreen\"><\/iframe><\/p>\n<hr \/>\n<h3><span style=\"color: #ff0000;\">CLIMA<\/span><img loading=\"lazy\" decoding=\"async\" class=\"aligncenter size-full wp-image-80176\" src=\"http:\/\/curva1kart.com.ar\/noticias\/wp-content\/uploads\/2018\/04\/ad.jpg\" alt=\"\" width=\"500\" height=\"218\" \/><\/h3>\n<h3><span style=\"color: #ff0000;\">HORARIOS<\/span><\/h3>\n<p><img loading=\"lazy\" decoding=\"async\" class=\"aligncenter size-full wp-image-80170\" src=\"http:\/\/curva1kart.com.ar\/noticias\/wp-content\/uploads\/2018\/04\/HORARIOS.jpg\" alt=\"\" width=\"1000\" height=\"1414\" \/><\/p>\n<h3><span style=\"color: #ff0000;\">PROMOCION<\/span><\/h3>\n<p><img loading=\"lazy\" decoding=\"async\" class=\"aligncenter size-full wp-image-80171\" src=\"http:\/\/curva1kart.com.ar\/noticias\/wp-content\/uploads\/2018\/04\/BANNER.jpg\" alt=\"\" width=\"960\" height=\"640\" \/><\/p>\n","protected":false},"excerpt":{"rendered":"<p>El pr\u00f3ximo fin de semana comenzar\u00e1 una nueva temporada del Campeonato Mendocino de Karting, que<\/p>\n","protected":false},"author":1,"featured_media":25172,"comment_status":"closed","ping_status":"closed","sticky":false,"template":"","format":"standard","meta":{"footnotes":""},"categories":[1],"tags":[],"class_list":["post-25167","post","type-post","status-publish","format-standard","has-post-thumbnail","hentry","category-zonal-cuyano"],"featured_image_urls":{"full":["https:\/\/curva1.com.ar\/wp-content\/uploads\/2018\/04\/IMG_1409.jpg",960,540,false],"thumbnail":["https:\/\/curva1.com.ar\/wp-content\/uploads\/2018\/04\/IMG_1409-300x169.jpg",300,169,true],"medium":["https:\/\/curva1.com.ar\/wp-content\/uploads\/2018\/04\/IMG_1409-600x337.jpg",600,337,true],"medium_large":["https:\/\/curva1.com.ar\/wp-content\/uploads\/2018\/04\/IMG_1409-768x432.jpg",640,360,true],"large":["https:\/\/curva1.com.ar\/wp-content\/uploads\/2018\/04\/IMG_1409.jpg",640,360,false],"1536x1536":["https:\/\/curva1.com.ar\/wp-content\/uploads\/2018\/04\/IMG_1409.jpg",960,540,false],"2048x2048":["https:\/\/curva1.com.ar\/wp-content\/uploads\/2018\/04\/IMG_1409.jpg",960,540,false],"chromenews-featured":["https:\/\/curva1.com.ar\/wp-content\/uploads\/2018\/04\/IMG_1409.jpg",960,540,false],"chromenews-large":["https:\/\/curva1.com.ar\/wp-content\/uploads\/2018\/04\/IMG_1409.jpg",825,464,false],"chromenews-medium":["https:\/\/curva1.com.ar\/wp-content\/uploads\/2018\/04\/IMG_1409.jpg",590,332,false]},"author_info":{"display_name":"Jos\u00e9 Bravo","author_link":"https:\/\/curva1.com.ar\/?author=1"},"category_info":"<a href=\"https:\/\/curva1.com.ar\/?cat=1\" rel=\"category\">Zonal Cuyano<\/a>","tag_info":"Zonal Cuyano","comment_count":"0","_links":{"self":[{"href":"https:\/\/curva1.com.ar\/index.php?rest_route=\/wp\/v2\/posts\/25167","targetHints":{"allow":["GET"]}}],"collection":[{"href":"https:\/\/curva1.com.ar\/index.php?rest_route=\/wp\/v2\/posts"}],"about":[{"href":"https:\/\/curva1.com.ar\/index.php?rest_route=\/wp\/v2\/types\/post"}],"author":[{"embeddable":true,"href":"https:\/\/curva1.com.ar\/index.php?rest_route=\/wp\/v2\/users\/1"}],"replies":[{"embeddable":true,"href":"https:\/\/curva1.com.ar\/index.php?rest_route=%2Fwp%2Fv2%2Fcomments&post=25167"}],"version-history":[{"count":1,"href":"https:\/\/curva1.com.ar\/index.php?rest_route=\/wp\/v2\/posts\/25167\/revisions"}],"predecessor-version":[{"id":25171,"href":"https:\/\/curva1.com.ar\/index.php?rest_route=\/wp\/v2\/posts\/25167\/revisions\/25171"}],"wp:featuredmedia":[{"embeddable":true,"href":"https:\/\/curva1.com.ar\/index.php?rest_route=\/wp\/v2\/media\/25172"}],"wp:attachment":[{"href":"https:\/\/curva1.com.ar\/index.php?rest_route=%2Fwp%2Fv2%2Fmedia&parent=25167"}],"wp:term":[{"taxonomy":"category","embeddable":true,"href":"https:\/\/curva1.com.ar\/index.php?rest_route=%2Fwp%2Fv2%2Fcategories&post=25167"},{"taxonomy":"post_tag","embeddable":true,"href":"https:\/\/curva1.com.ar\/index.php?rest_route=%2Fwp%2Fv2%2Ftags&post=25167"}],"curies":[{"name":"wp","href":"https:\/\/api.w.org\/{rel}","templated":true}]}}