{"id":25177,"date":"2018-04-20T00:37:39","date_gmt":"2018-04-20T03:37:39","guid":{"rendered":"http:\/\/www.curva1.com.ar\/?p=25177"},"modified":"2018-04-20T00:37:39","modified_gmt":"2018-04-20T03:37:39","slug":"serra-compro-auto-y-quiere-sumarse-a-la-promocional","status":"publish","type":"post","link":"https:\/\/curva1.com.ar\/?p=25177","title":{"rendered":"Serra compro auto y quiere sumarse a la Promocional"},"content":{"rendered":"<p><img loading=\"lazy\" decoding=\"async\" class=\"aligncenter size-full wp-image-25178\" src=\"http:\/\/www.curva1.com.ar\/wp-content\/uploads\/2018\/04\/WhatsApp-Image-2018-04-19-at-18.55.46.jpeg\" alt=\"\" width=\"963\" height=\"542\" srcset=\"https:\/\/curva1.com.ar\/wp-content\/uploads\/2018\/04\/WhatsApp-Image-2018-04-19-at-18.55.46.jpeg 963w, https:\/\/curva1.com.ar\/wp-content\/uploads\/2018\/04\/WhatsApp-Image-2018-04-19-at-18.55.46-300x169.jpeg 300w, https:\/\/curva1.com.ar\/wp-content\/uploads\/2018\/04\/WhatsApp-Image-2018-04-19-at-18.55.46-600x337.jpeg 600w, https:\/\/curva1.com.ar\/wp-content\/uploads\/2018\/04\/WhatsApp-Image-2018-04-19-at-18.55.46-768x432.jpeg 768w\" sizes=\"auto, (max-width: 963px) 100vw, 963px\" \/><\/p>\n<p>Enzo Serra adquiri\u00f3 esta semana este Fiat 147 con la intenci\u00f3n de sumarse al Zonal Cuyano en los pr\u00f3ximos meses.<\/p>\n<p><strong>&#8220;Estoy contento. Quiere empezar a probar de a poco y ver si antes de fin de a\u00f1o podemos hacer alguna carrera&#8221;<\/strong> explic\u00f3 el piloto de Beltr\u00e1n, quien el a\u00f1o pasado debut\u00f3 en la categor\u00eda Monomarca Guerrero 150 del Karting Mendocino.<strong> &#8220;El domingo comenzamos con el karting, que es lo que haremos todo el a\u00f1o&#8221;<\/strong> dijo.<\/p>\n","protected":false},"excerpt":{"rendered":"<p>Enzo Serra adquiri\u00f3 esta semana este Fiat 147 con la intenci\u00f3n de sumarse al Zonal<\/p>\n","protected":false},"author":1,"featured_media":25178,"comment_status":"closed","ping_status":"closed","sticky":false,"template":"","format":"standard","meta":{"footnotes":""},"categories":[1],"tags":[],"class_list":["post-25177","post","type-post","status-publish","format-standard","has-post-thumbnail","hentry","category-zonal-cuyano"],"featured_image_urls":{"full":["https:\/\/curva1.com.ar\/wp-content\/uploads\/2018\/04\/WhatsApp-Image-2018-04-19-at-18.55.46.jpeg",963,542,false],"thumbnail":["https:\/\/curva1.com.ar\/wp-content\/uploads\/2018\/04\/WhatsApp-Image-2018-04-19-at-18.55.46-300x169.jpeg",300,169,true],"medium":["https:\/\/curva1.com.ar\/wp-content\/uploads\/2018\/04\/WhatsApp-Image-2018-04-19-at-18.55.46-600x337.jpeg",600,337,true],"medium_large":["https:\/\/curva1.com.ar\/wp-content\/uploads\/2018\/04\/WhatsApp-Image-2018-04-19-at-18.55.46-768x432.jpeg",640,360,true],"large":["https:\/\/curva1.com.ar\/wp-content\/uploads\/2018\/04\/WhatsApp-Image-2018-04-19-at-18.55.46.jpeg",640,360,false],"1536x1536":["https:\/\/curva1.com.ar\/wp-content\/uploads\/2018\/04\/WhatsApp-Image-2018-04-19-at-18.55.46.jpeg",963,542,false],"2048x2048":["https:\/\/curva1.com.ar\/wp-content\/uploads\/2018\/04\/WhatsApp-Image-2018-04-19-at-18.55.46.jpeg",963,542,false],"chromenews-featured":["https:\/\/curva1.com.ar\/wp-content\/uploads\/2018\/04\/WhatsApp-Image-2018-04-19-at-18.55.46.jpeg",963,542,false],"chromenews-large":["https:\/\/curva1.com.ar\/wp-content\/uploads\/2018\/04\/WhatsApp-Image-2018-04-19-at-18.55.46.jpeg",825,464,false],"chromenews-medium":["https:\/\/curva1.com.ar\/wp-content\/uploads\/2018\/04\/WhatsApp-Image-2018-04-19-at-18.55.46.jpeg",590,332,false]},"author_info":{"display_name":"Jos\u00e9 Bravo","author_link":"https:\/\/curva1.com.ar\/?author=1"},"category_info":"<a href=\"https:\/\/curva1.com.ar\/?cat=1\" rel=\"category\">Zonal Cuyano<\/a>","tag_info":"Zonal Cuyano","comment_count":"0","_links":{"self":[{"href":"https:\/\/curva1.com.ar\/index.php?rest_route=\/wp\/v2\/posts\/25177","targetHints":{"allow":["GET"]}}],"collection":[{"href":"https:\/\/curva1.com.ar\/index.php?rest_route=\/wp\/v2\/posts"}],"about":[{"href":"https:\/\/curva1.com.ar\/index.php?rest_route=\/wp\/v2\/types\/post"}],"author":[{"embeddable":true,"href":"https:\/\/curva1.com.ar\/index.php?rest_route=\/wp\/v2\/users\/1"}],"replies":[{"embeddable":true,"href":"https:\/\/curva1.com.ar\/index.php?rest_route=%2Fwp%2Fv2%2Fcomments&post=25177"}],"version-history":[{"count":1,"href":"https:\/\/curva1.com.ar\/index.php?rest_route=\/wp\/v2\/posts\/25177\/revisions"}],"predecessor-version":[{"id":25179,"href":"https:\/\/curva1.com.ar\/index.php?rest_route=\/wp\/v2\/posts\/25177\/revisions\/25179"}],"wp:featuredmedia":[{"embeddable":true,"href":"https:\/\/curva1.com.ar\/index.php?rest_route=\/wp\/v2\/media\/25178"}],"wp:attachment":[{"href":"https:\/\/curva1.com.ar\/index.php?rest_route=%2Fwp%2Fv2%2Fmedia&parent=25177"}],"wp:term":[{"taxonomy":"category","embeddable":true,"href":"https:\/\/curva1.com.ar\/index.php?rest_route=%2Fwp%2Fv2%2Fcategories&post=25177"},{"taxonomy":"post_tag","embeddable":true,"href":"https:\/\/curva1.com.ar\/index.php?rest_route=%2Fwp%2Fv2%2Ftags&post=25177"}],"curies":[{"name":"wp","href":"https:\/\/api.w.org\/{rel}","templated":true}]}}