{"id":25263,"date":"2018-04-27T14:35:56","date_gmt":"2018-04-27T17:35:56","guid":{"rendered":"http:\/\/www.curva1.com.ar\/?p=25263"},"modified":"2018-05-01T20:57:04","modified_gmt":"2018-05-01T23:57:04","slug":"traverso-inauguro-sede-de-la-asociacion-argentina-de-volantes","status":"publish","type":"post","link":"https:\/\/curva1.com.ar\/?p=25263","title":{"rendered":"Traverso inaugur\u00f3 sede de la Asociaci\u00f3n Argentina de Volantes"},"content":{"rendered":"<p><img loading=\"lazy\" decoding=\"async\" class=\"aligncenter size-full wp-image-25265\" src=\"http:\/\/www.curva1.com.ar\/wp-content\/uploads\/2018\/04\/IMG_7045.jpg\" alt=\"\" width=\"1000\" height=\"563\" srcset=\"https:\/\/curva1.com.ar\/wp-content\/uploads\/2018\/04\/IMG_7045.jpg 1000w, https:\/\/curva1.com.ar\/wp-content\/uploads\/2018\/04\/IMG_7045-300x169.jpg 300w, https:\/\/curva1.com.ar\/wp-content\/uploads\/2018\/04\/IMG_7045-600x337.jpg 600w, https:\/\/curva1.com.ar\/wp-content\/uploads\/2018\/04\/IMG_7045-768x432.jpg 768w\" sizes=\"auto, (max-width: 1000px) 100vw, 1000px\" \/><\/p>\n<p>Anoche se realiz\u00f3 la inauguraci\u00f3n oficial de la sede en Cuyo de la\u00a0Asociaci\u00f3n Argentina de Volantes, entidad que tiene como presidente al ex piloto Juan Mar\u00eda Traverso y que es guiada en nuestra regi\u00f3n por Jos\u00e9 Mar\u00eda Andreucetti.<\/p>\n<p>En la cita estuvieron Hugo Mari (presidente de FEMAD), Lucas Vicino (piloto F\u00f3rmula 2.0), dirigentes del automovilismo mendocino, pilotos y periodistas especializados.<\/p>\n<p><strong>&#8220;Los pilotos se pagan sus propios pi\u00f1as (accidentes)&#8221;<\/strong> fue la frase que resalt\u00f3 el &#8220;Flaco&#8221; Traverso en la presentaci\u00f3n, en aluci\u00f3n a que generalmente los pilotos se niegan a pagar, hasta que entienden como funciona el sistema de la Asociaci\u00f3n Argentina de Volantes.<\/p>\n<p>Andreucetti por su parte dijo <strong>&#8220;Estamos muy felices con este logro, que est\u00e1 a disposici\u00f3n de todos nuestros pilotos para que realicen sus tr\u00e1mites&#8221;.<\/strong><\/p>\n<p>Lucas Fosco, m\u00e9dico de la instituci\u00f3n, explic\u00f3 <strong>&#8220;Es una oficina exclusiva para pilotos, donde no hay burocracia. Aqu\u00ed pueden hacer todos los tr\u00e1mites de licencia, desde estudios hasta los pagos correspondientes al servicio. Estamos muy bien equipados m\u00e9dicamente&#8221;.<\/strong><\/p>\n<p>La flamante sede la AAV Cuyo est\u00e1 ubicada\u00a0en calle Decurguez 280 de Godoy Cruz, en Mendoza.<\/p>\n<hr \/>\n<p style=\"text-align: center;\"><iframe loading=\"lazy\" style=\"border: none; overflow: hidden;\" src=\"https:\/\/www.facebook.com\/plugins\/video.php?href=https%3A%2F%2Fwww.facebook.com%2Frevistacurva1%2Fvideos%2F1692668980769216%2F&amp;show_text=0&amp;width=560\" width=\"560\" height=\"315\" frameborder=\"0\" scrolling=\"no\" allowfullscreen=\"allowfullscreen\"><\/iframe><\/p>\n<hr \/>\n<p><img loading=\"lazy\" decoding=\"async\" class=\"aligncenter size-full wp-image-25266\" src=\"http:\/\/www.curva1.com.ar\/wp-content\/uploads\/2018\/04\/IMG_7035.jpg\" alt=\"\" width=\"1000\" height=\"563\" srcset=\"https:\/\/curva1.com.ar\/wp-content\/uploads\/2018\/04\/IMG_7035.jpg 1000w, https:\/\/curva1.com.ar\/wp-content\/uploads\/2018\/04\/IMG_7035-300x169.jpg 300w, https:\/\/curva1.com.ar\/wp-content\/uploads\/2018\/04\/IMG_7035-600x337.jpg 600w, https:\/\/curva1.com.ar\/wp-content\/uploads\/2018\/04\/IMG_7035-768x432.jpg 768w\" sizes=\"auto, (max-width: 1000px) 100vw, 1000px\" \/> <img loading=\"lazy\" decoding=\"async\" class=\"aligncenter size-full wp-image-25267\" src=\"http:\/\/www.curva1.com.ar\/wp-content\/uploads\/2018\/04\/IMG_7047.jpg\" alt=\"\" width=\"1000\" height=\"667\" srcset=\"https:\/\/curva1.com.ar\/wp-content\/uploads\/2018\/04\/IMG_7047.jpg 1000w, https:\/\/curva1.com.ar\/wp-content\/uploads\/2018\/04\/IMG_7047-505x337.jpg 505w, https:\/\/curva1.com.ar\/wp-content\/uploads\/2018\/04\/IMG_7047-768x512.jpg 768w\" sizes=\"auto, (max-width: 1000px) 100vw, 1000px\" \/> <img loading=\"lazy\" decoding=\"async\" class=\"aligncenter size-full wp-image-25268\" src=\"http:\/\/www.curva1.com.ar\/wp-content\/uploads\/2018\/04\/IMG_7049.jpg\" alt=\"\" width=\"1000\" height=\"667\" srcset=\"https:\/\/curva1.com.ar\/wp-content\/uploads\/2018\/04\/IMG_7049.jpg 1000w, https:\/\/curva1.com.ar\/wp-content\/uploads\/2018\/04\/IMG_7049-505x337.jpg 505w, https:\/\/curva1.com.ar\/wp-content\/uploads\/2018\/04\/IMG_7049-768x512.jpg 768w\" sizes=\"auto, (max-width: 1000px) 100vw, 1000px\" \/> <img loading=\"lazy\" decoding=\"async\" class=\"aligncenter size-full wp-image-25269\" src=\"http:\/\/www.curva1.com.ar\/wp-content\/uploads\/2018\/04\/IMG_7050.jpg\" alt=\"\" width=\"1000\" height=\"667\" srcset=\"https:\/\/curva1.com.ar\/wp-content\/uploads\/2018\/04\/IMG_7050.jpg 1000w, https:\/\/curva1.com.ar\/wp-content\/uploads\/2018\/04\/IMG_7050-505x337.jpg 505w, https:\/\/curva1.com.ar\/wp-content\/uploads\/2018\/04\/IMG_7050-768x512.jpg 768w\" sizes=\"auto, (max-width: 1000px) 100vw, 1000px\" \/> <img loading=\"lazy\" decoding=\"async\" class=\"aligncenter size-full wp-image-25270\" src=\"http:\/\/www.curva1.com.ar\/wp-content\/uploads\/2018\/04\/IMG_7053.jpg\" alt=\"\" width=\"1000\" height=\"667\" srcset=\"https:\/\/curva1.com.ar\/wp-content\/uploads\/2018\/04\/IMG_7053.jpg 1000w, https:\/\/curva1.com.ar\/wp-content\/uploads\/2018\/04\/IMG_7053-505x337.jpg 505w, https:\/\/curva1.com.ar\/wp-content\/uploads\/2018\/04\/IMG_7053-768x512.jpg 768w\" sizes=\"auto, (max-width: 1000px) 100vw, 1000px\" \/><\/p>\n","protected":false},"excerpt":{"rendered":"<p>Anoche se realiz\u00f3 la inauguraci\u00f3n oficial de la sede en Cuyo de la\u00a0Asociaci\u00f3n Argentina de<\/p>\n","protected":false},"author":1,"featured_media":25265,"comment_status":"closed","ping_status":"closed","sticky":false,"template":"","format":"standard","meta":{"footnotes":""},"categories":[1],"tags":[],"class_list":["post-25263","post","type-post","status-publish","format-standard","has-post-thumbnail","hentry","category-zonal-cuyano"],"featured_image_urls":{"full":["https:\/\/curva1.com.ar\/wp-content\/uploads\/2018\/04\/IMG_7045.jpg",1000,563,false],"thumbnail":["https:\/\/curva1.com.ar\/wp-content\/uploads\/2018\/04\/IMG_7045-300x169.jpg",300,169,true],"medium":["https:\/\/curva1.com.ar\/wp-content\/uploads\/2018\/04\/IMG_7045-600x337.jpg",600,337,true],"medium_large":["https:\/\/curva1.com.ar\/wp-content\/uploads\/2018\/04\/IMG_7045-768x432.jpg",640,360,true],"large":["https:\/\/curva1.com.ar\/wp-content\/uploads\/2018\/04\/IMG_7045.jpg",640,360,false],"1536x1536":["https:\/\/curva1.com.ar\/wp-content\/uploads\/2018\/04\/IMG_7045.jpg",1000,563,false],"2048x2048":["https:\/\/curva1.com.ar\/wp-content\/uploads\/2018\/04\/IMG_7045.jpg",1000,563,false],"chromenews-featured":["https:\/\/curva1.com.ar\/wp-content\/uploads\/2018\/04\/IMG_7045.jpg",1000,563,false],"chromenews-large":["https:\/\/curva1.com.ar\/wp-content\/uploads\/2018\/04\/IMG_7045.jpg",825,464,false],"chromenews-medium":["https:\/\/curva1.com.ar\/wp-content\/uploads\/2018\/04\/IMG_7045.jpg",590,332,false]},"author_info":{"display_name":"Jos\u00e9 Bravo","author_link":"https:\/\/curva1.com.ar\/?author=1"},"category_info":"<a href=\"https:\/\/curva1.com.ar\/?cat=1\" rel=\"category\">Zonal Cuyano<\/a>","tag_info":"Zonal Cuyano","comment_count":"0","_links":{"self":[{"href":"https:\/\/curva1.com.ar\/index.php?rest_route=\/wp\/v2\/posts\/25263","targetHints":{"allow":["GET"]}}],"collection":[{"href":"https:\/\/curva1.com.ar\/index.php?rest_route=\/wp\/v2\/posts"}],"about":[{"href":"https:\/\/curva1.com.ar\/index.php?rest_route=\/wp\/v2\/types\/post"}],"author":[{"embeddable":true,"href":"https:\/\/curva1.com.ar\/index.php?rest_route=\/wp\/v2\/users\/1"}],"replies":[{"embeddable":true,"href":"https:\/\/curva1.com.ar\/index.php?rest_route=%2Fwp%2Fv2%2Fcomments&post=25263"}],"version-history":[{"count":4,"href":"https:\/\/curva1.com.ar\/index.php?rest_route=\/wp\/v2\/posts\/25263\/revisions"}],"predecessor-version":[{"id":25336,"href":"https:\/\/curva1.com.ar\/index.php?rest_route=\/wp\/v2\/posts\/25263\/revisions\/25336"}],"wp:featuredmedia":[{"embeddable":true,"href":"https:\/\/curva1.com.ar\/index.php?rest_route=\/wp\/v2\/media\/25265"}],"wp:attachment":[{"href":"https:\/\/curva1.com.ar\/index.php?rest_route=%2Fwp%2Fv2%2Fmedia&parent=25263"}],"wp:term":[{"taxonomy":"category","embeddable":true,"href":"https:\/\/curva1.com.ar\/index.php?rest_route=%2Fwp%2Fv2%2Fcategories&post=25263"},{"taxonomy":"post_tag","embeddable":true,"href":"https:\/\/curva1.com.ar\/index.php?rest_route=%2Fwp%2Fv2%2Ftags&post=25263"}],"curies":[{"name":"wp","href":"https:\/\/api.w.org\/{rel}","templated":true}]}}