{"id":25339,"date":"2018-05-01T21:09:11","date_gmt":"2018-05-02T00:09:11","guid":{"rendered":"http:\/\/www.curva1.com.ar\/?p=25339"},"modified":"2018-05-02T19:18:57","modified_gmt":"2018-05-02T22:18:57","slug":"se-viene-el-debut-de-un-nuevo-clio-para-el-zonal-cuyano","status":"publish","type":"post","link":"https:\/\/curva1.com.ar\/?p=25339","title":{"rendered":"Se viene el regreso de un nuevo Clio para el Zonal Cuyano"},"content":{"rendered":"<p><img loading=\"lazy\" decoding=\"async\" class=\"aligncenter size-full wp-image-25340\" src=\"http:\/\/www.curva1.com.ar\/wp-content\/uploads\/2018\/05\/FB_IMG_1524319344821.jpg\" alt=\"\" width=\"1280\" height=\"960\" srcset=\"https:\/\/curva1.com.ar\/wp-content\/uploads\/2018\/05\/FB_IMG_1524319344821.jpg 1280w, https:\/\/curva1.com.ar\/wp-content\/uploads\/2018\/05\/FB_IMG_1524319344821-449x337.jpg 449w, https:\/\/curva1.com.ar\/wp-content\/uploads\/2018\/05\/FB_IMG_1524319344821-768x576.jpg 768w, https:\/\/curva1.com.ar\/wp-content\/uploads\/2018\/05\/FB_IMG_1524319344821-1024x768.jpg 1024w\" sizes=\"auto, (max-width: 1280px) 100vw, 1280px\" \/><\/p>\n<p>As\u00ed se ve el Renault Clio propiedad de Luis Mathon, que espera volver a la Clase 2 muy pronto, sabiendo que en 2017 lo hizo debutar Mat\u00edas Antol\u00edn.<\/p>\n<p>Este auto lo comenz\u00f3 a construir Abdo Girala en el taller de Antol\u00edn, pero luego se lo vendi\u00f3 a Mathon quien ser\u00e1 el encargado de hacerlo debutar. El ploteo estuvo a cargo de Germ\u00e1n Grillo en su taller de San Mart\u00edn.<\/p>\n<p><img loading=\"lazy\" decoding=\"async\" class=\"aligncenter size-full wp-image-25341\" src=\"http:\/\/www.curva1.com.ar\/wp-content\/uploads\/2018\/05\/FB_IMG_1524319347495.jpg\" alt=\"\" width=\"1280\" height=\"960\" srcset=\"https:\/\/curva1.com.ar\/wp-content\/uploads\/2018\/05\/FB_IMG_1524319347495.jpg 1280w, https:\/\/curva1.com.ar\/wp-content\/uploads\/2018\/05\/FB_IMG_1524319347495-449x337.jpg 449w, https:\/\/curva1.com.ar\/wp-content\/uploads\/2018\/05\/FB_IMG_1524319347495-768x576.jpg 768w, https:\/\/curva1.com.ar\/wp-content\/uploads\/2018\/05\/FB_IMG_1524319347495-1024x768.jpg 1024w\" sizes=\"auto, (max-width: 1280px) 100vw, 1280px\" \/> <img loading=\"lazy\" decoding=\"async\" class=\"aligncenter size-full wp-image-25342\" src=\"http:\/\/www.curva1.com.ar\/wp-content\/uploads\/2018\/05\/FB_IMG_1524319351439.jpg\" alt=\"\" width=\"1280\" height=\"960\" srcset=\"https:\/\/curva1.com.ar\/wp-content\/uploads\/2018\/05\/FB_IMG_1524319351439.jpg 1280w, https:\/\/curva1.com.ar\/wp-content\/uploads\/2018\/05\/FB_IMG_1524319351439-449x337.jpg 449w, https:\/\/curva1.com.ar\/wp-content\/uploads\/2018\/05\/FB_IMG_1524319351439-768x576.jpg 768w, https:\/\/curva1.com.ar\/wp-content\/uploads\/2018\/05\/FB_IMG_1524319351439-1024x768.jpg 1024w\" sizes=\"auto, (max-width: 1280px) 100vw, 1280px\" \/><\/p>\n","protected":false},"excerpt":{"rendered":"<p>As\u00ed se ve el Renault Clio propiedad de Luis Mathon, que espera volver a la<\/p>\n","protected":false},"author":1,"featured_media":25340,"comment_status":"closed","ping_status":"closed","sticky":false,"template":"","format":"standard","meta":{"footnotes":""},"categories":[1],"tags":[],"class_list":["post-25339","post","type-post","status-publish","format-standard","has-post-thumbnail","hentry","category-zonal-cuyano"],"featured_image_urls":{"full":["https:\/\/curva1.com.ar\/wp-content\/uploads\/2018\/05\/FB_IMG_1524319344821.jpg",1280,960,false],"thumbnail":["https:\/\/curva1.com.ar\/wp-content\/uploads\/2018\/05\/FB_IMG_1524319344821-300x169.jpg",300,169,true],"medium":["https:\/\/curva1.com.ar\/wp-content\/uploads\/2018\/05\/FB_IMG_1524319344821-449x337.jpg",449,337,true],"medium_large":["https:\/\/curva1.com.ar\/wp-content\/uploads\/2018\/05\/FB_IMG_1524319344821-768x576.jpg",640,480,true],"large":["https:\/\/curva1.com.ar\/wp-content\/uploads\/2018\/05\/FB_IMG_1524319344821-1024x768.jpg",640,480,true],"1536x1536":["https:\/\/curva1.com.ar\/wp-content\/uploads\/2018\/05\/FB_IMG_1524319344821.jpg",1280,960,false],"2048x2048":["https:\/\/curva1.com.ar\/wp-content\/uploads\/2018\/05\/FB_IMG_1524319344821.jpg",1280,960,false],"chromenews-featured":["https:\/\/curva1.com.ar\/wp-content\/uploads\/2018\/05\/FB_IMG_1524319344821.jpg",1024,768,false],"chromenews-large":["https:\/\/curva1.com.ar\/wp-content\/uploads\/2018\/05\/FB_IMG_1524319344821.jpg",767,575,false],"chromenews-medium":["https:\/\/curva1.com.ar\/wp-content\/uploads\/2018\/05\/FB_IMG_1524319344821.jpg",547,410,false]},"author_info":{"display_name":"Jos\u00e9 Bravo","author_link":"https:\/\/curva1.com.ar\/?author=1"},"category_info":"<a href=\"https:\/\/curva1.com.ar\/?cat=1\" rel=\"category\">Zonal Cuyano<\/a>","tag_info":"Zonal Cuyano","comment_count":"0","_links":{"self":[{"href":"https:\/\/curva1.com.ar\/index.php?rest_route=\/wp\/v2\/posts\/25339","targetHints":{"allow":["GET"]}}],"collection":[{"href":"https:\/\/curva1.com.ar\/index.php?rest_route=\/wp\/v2\/posts"}],"about":[{"href":"https:\/\/curva1.com.ar\/index.php?rest_route=\/wp\/v2\/types\/post"}],"author":[{"embeddable":true,"href":"https:\/\/curva1.com.ar\/index.php?rest_route=\/wp\/v2\/users\/1"}],"replies":[{"embeddable":true,"href":"https:\/\/curva1.com.ar\/index.php?rest_route=%2Fwp%2Fv2%2Fcomments&post=25339"}],"version-history":[{"count":2,"href":"https:\/\/curva1.com.ar\/index.php?rest_route=\/wp\/v2\/posts\/25339\/revisions"}],"predecessor-version":[{"id":25366,"href":"https:\/\/curva1.com.ar\/index.php?rest_route=\/wp\/v2\/posts\/25339\/revisions\/25366"}],"wp:featuredmedia":[{"embeddable":true,"href":"https:\/\/curva1.com.ar\/index.php?rest_route=\/wp\/v2\/media\/25340"}],"wp:attachment":[{"href":"https:\/\/curva1.com.ar\/index.php?rest_route=%2Fwp%2Fv2%2Fmedia&parent=25339"}],"wp:term":[{"taxonomy":"category","embeddable":true,"href":"https:\/\/curva1.com.ar\/index.php?rest_route=%2Fwp%2Fv2%2Fcategories&post=25339"},{"taxonomy":"post_tag","embeddable":true,"href":"https:\/\/curva1.com.ar\/index.php?rest_route=%2Fwp%2Fv2%2Ftags&post=25339"}],"curies":[{"name":"wp","href":"https:\/\/api.w.org\/{rel}","templated":true}]}}