{"id":25349,"date":"2018-05-02T14:20:46","date_gmt":"2018-05-02T17:20:46","guid":{"rendered":"http:\/\/www.curva1.com.ar\/?p=25349"},"modified":"2018-05-02T14:20:46","modified_gmt":"2018-05-02T17:20:46","slug":"imberti-probo-un-formula-2-0-del-equipo-werner","status":"publish","type":"post","link":"https:\/\/curva1.com.ar\/?p=25349","title":{"rendered":"Imberti prob\u00f3 un F\u00f3rmula 2.0 del equipo Werner"},"content":{"rendered":"<p><img loading=\"lazy\" decoding=\"async\" class=\"aligncenter size-full wp-image-25350\" src=\"http:\/\/www.curva1.com.ar\/wp-content\/uploads\/2018\/05\/WhatsApp-Image-2018-05-01-at-15.05.55.jpeg\" alt=\"\" width=\"1032\" height=\"581\" srcset=\"https:\/\/curva1.com.ar\/wp-content\/uploads\/2018\/05\/WhatsApp-Image-2018-05-01-at-15.05.55.jpeg 1032w, https:\/\/curva1.com.ar\/wp-content\/uploads\/2018\/05\/WhatsApp-Image-2018-05-01-at-15.05.55-300x169.jpeg 300w, https:\/\/curva1.com.ar\/wp-content\/uploads\/2018\/05\/WhatsApp-Image-2018-05-01-at-15.05.55-600x337.jpeg 600w, https:\/\/curva1.com.ar\/wp-content\/uploads\/2018\/05\/WhatsApp-Image-2018-05-01-at-15.05.55-768x432.jpeg 768w, https:\/\/curva1.com.ar\/wp-content\/uploads\/2018\/05\/WhatsApp-Image-2018-05-01-at-15.05.55-1024x576.jpeg 1024w\" sizes=\"auto, (max-width: 1032px) 100vw, 1032px\" \/><\/p>\n<p>Ger\u00f3nimo Imberti realiz\u00f3 ayer una prueba en un auto de la F\u00f3rmula 2.0 by Renault, aprovechando que la categor\u00eda corri\u00f3 el fin de semana en el Aut\u00f3dromo de San Mart\u00edn.<\/p>\n<p><strong>&#8220;Fue una muy linda experiencia, es un auto increible y acelera un mont\u00f3n. Ahora nos esperan en los pr\u00f3ximos meses en Paran\u00e1 para hacer otra prueba&#8221;<\/strong> destac\u00f3 Imberti a Curva 1, recordando que el joven de Jun\u00edn es el actual campe\u00f3n del Karting Mendocino en la clase Monomarca Guerrero 150.<\/p>\n<p><img loading=\"lazy\" decoding=\"async\" class=\"aligncenter size-full wp-image-25351\" src=\"http:\/\/www.curva1.com.ar\/wp-content\/uploads\/2018\/05\/WhatsApp-Image-2018-05-01-at-15.06.21.jpeg\" alt=\"\" width=\"1032\" height=\"581\" srcset=\"https:\/\/curva1.com.ar\/wp-content\/uploads\/2018\/05\/WhatsApp-Image-2018-05-01-at-15.06.21.jpeg 1032w, https:\/\/curva1.com.ar\/wp-content\/uploads\/2018\/05\/WhatsApp-Image-2018-05-01-at-15.06.21-300x169.jpeg 300w, https:\/\/curva1.com.ar\/wp-content\/uploads\/2018\/05\/WhatsApp-Image-2018-05-01-at-15.06.21-600x337.jpeg 600w, https:\/\/curva1.com.ar\/wp-content\/uploads\/2018\/05\/WhatsApp-Image-2018-05-01-at-15.06.21-768x432.jpeg 768w, https:\/\/curva1.com.ar\/wp-content\/uploads\/2018\/05\/WhatsApp-Image-2018-05-01-at-15.06.21-1024x576.jpeg 1024w\" sizes=\"auto, (max-width: 1032px) 100vw, 1032px\" \/> <img loading=\"lazy\" decoding=\"async\" class=\"aligncenter size-full wp-image-25352\" src=\"http:\/\/www.curva1.com.ar\/wp-content\/uploads\/2018\/05\/WhatsApp-Image-2018-05-01-at-15.07.09.jpeg\" alt=\"\" width=\"960\" height=\"540\" srcset=\"https:\/\/curva1.com.ar\/wp-content\/uploads\/2018\/05\/WhatsApp-Image-2018-05-01-at-15.07.09.jpeg 960w, https:\/\/curva1.com.ar\/wp-content\/uploads\/2018\/05\/WhatsApp-Image-2018-05-01-at-15.07.09-300x169.jpeg 300w, https:\/\/curva1.com.ar\/wp-content\/uploads\/2018\/05\/WhatsApp-Image-2018-05-01-at-15.07.09-600x337.jpeg 600w, https:\/\/curva1.com.ar\/wp-content\/uploads\/2018\/05\/WhatsApp-Image-2018-05-01-at-15.07.09-768x432.jpeg 768w\" sizes=\"auto, (max-width: 960px) 100vw, 960px\" \/><\/p>\n<p>&nbsp;<\/p>\n","protected":false},"excerpt":{"rendered":"<p>Ger\u00f3nimo Imberti realiz\u00f3 ayer una prueba en un auto de la F\u00f3rmula 2.0 by Renault,<\/p>\n","protected":false},"author":1,"featured_media":25352,"comment_status":"closed","ping_status":"closed","sticky":false,"template":"","format":"standard","meta":{"footnotes":""},"categories":[6],"tags":[],"class_list":["post-25349","post","type-post","status-publish","format-standard","has-post-thumbnail","hentry","category-nacionales"],"featured_image_urls":{"full":["https:\/\/curva1.com.ar\/wp-content\/uploads\/2018\/05\/WhatsApp-Image-2018-05-01-at-15.07.09.jpeg",960,540,false],"thumbnail":["https:\/\/curva1.com.ar\/wp-content\/uploads\/2018\/05\/WhatsApp-Image-2018-05-01-at-15.07.09-300x169.jpeg",300,169,true],"medium":["https:\/\/curva1.com.ar\/wp-content\/uploads\/2018\/05\/WhatsApp-Image-2018-05-01-at-15.07.09-600x337.jpeg",600,337,true],"medium_large":["https:\/\/curva1.com.ar\/wp-content\/uploads\/2018\/05\/WhatsApp-Image-2018-05-01-at-15.07.09-768x432.jpeg",640,360,true],"large":["https:\/\/curva1.com.ar\/wp-content\/uploads\/2018\/05\/WhatsApp-Image-2018-05-01-at-15.07.09.jpeg",640,360,false],"1536x1536":["https:\/\/curva1.com.ar\/wp-content\/uploads\/2018\/05\/WhatsApp-Image-2018-05-01-at-15.07.09.jpeg",960,540,false],"2048x2048":["https:\/\/curva1.com.ar\/wp-content\/uploads\/2018\/05\/WhatsApp-Image-2018-05-01-at-15.07.09.jpeg",960,540,false],"chromenews-featured":["https:\/\/curva1.com.ar\/wp-content\/uploads\/2018\/05\/WhatsApp-Image-2018-05-01-at-15.07.09.jpeg",960,540,false],"chromenews-large":["https:\/\/curva1.com.ar\/wp-content\/uploads\/2018\/05\/WhatsApp-Image-2018-05-01-at-15.07.09.jpeg",825,464,false],"chromenews-medium":["https:\/\/curva1.com.ar\/wp-content\/uploads\/2018\/05\/WhatsApp-Image-2018-05-01-at-15.07.09.jpeg",590,332,false]},"author_info":{"display_name":"Jos\u00e9 Bravo","author_link":"https:\/\/curva1.com.ar\/?author=1"},"category_info":"<a href=\"https:\/\/curva1.com.ar\/?cat=6\" rel=\"category\">Nacionales<\/a>","tag_info":"Nacionales","comment_count":"0","_links":{"self":[{"href":"https:\/\/curva1.com.ar\/index.php?rest_route=\/wp\/v2\/posts\/25349","targetHints":{"allow":["GET"]}}],"collection":[{"href":"https:\/\/curva1.com.ar\/index.php?rest_route=\/wp\/v2\/posts"}],"about":[{"href":"https:\/\/curva1.com.ar\/index.php?rest_route=\/wp\/v2\/types\/post"}],"author":[{"embeddable":true,"href":"https:\/\/curva1.com.ar\/index.php?rest_route=\/wp\/v2\/users\/1"}],"replies":[{"embeddable":true,"href":"https:\/\/curva1.com.ar\/index.php?rest_route=%2Fwp%2Fv2%2Fcomments&post=25349"}],"version-history":[{"count":1,"href":"https:\/\/curva1.com.ar\/index.php?rest_route=\/wp\/v2\/posts\/25349\/revisions"}],"predecessor-version":[{"id":25353,"href":"https:\/\/curva1.com.ar\/index.php?rest_route=\/wp\/v2\/posts\/25349\/revisions\/25353"}],"wp:featuredmedia":[{"embeddable":true,"href":"https:\/\/curva1.com.ar\/index.php?rest_route=\/wp\/v2\/media\/25352"}],"wp:attachment":[{"href":"https:\/\/curva1.com.ar\/index.php?rest_route=%2Fwp%2Fv2%2Fmedia&parent=25349"}],"wp:term":[{"taxonomy":"category","embeddable":true,"href":"https:\/\/curva1.com.ar\/index.php?rest_route=%2Fwp%2Fv2%2Fcategories&post=25349"},{"taxonomy":"post_tag","embeddable":true,"href":"https:\/\/curva1.com.ar\/index.php?rest_route=%2Fwp%2Fv2%2Ftags&post=25349"}],"curies":[{"name":"wp","href":"https:\/\/api.w.org\/{rel}","templated":true}]}}