{"id":25368,"date":"2018-05-03T01:03:07","date_gmt":"2018-05-03T04:03:07","guid":{"rendered":"http:\/\/www.curva1.com.ar\/?p=25368"},"modified":"2018-05-03T01:03:07","modified_gmt":"2018-05-03T04:03:07","slug":"malizia-regresa-este-fin-de-semana-al-turismo-pista","status":"publish","type":"post","link":"https:\/\/curva1.com.ar\/?p=25368","title":{"rendered":"Malizia regresa este fin de semana al Turismo Pista"},"content":{"rendered":"<p><img loading=\"lazy\" decoding=\"async\" class=\"aligncenter size-full wp-image-25369\" src=\"http:\/\/www.curva1.com.ar\/wp-content\/uploads\/2018\/05\/31815477_1428611310617470_355636988759506944_o.jpg\" alt=\"\" width=\"1056\" height=\"498\" srcset=\"https:\/\/curva1.com.ar\/wp-content\/uploads\/2018\/05\/31815477_1428611310617470_355636988759506944_o.jpg 1056w, https:\/\/curva1.com.ar\/wp-content\/uploads\/2018\/05\/31815477_1428611310617470_355636988759506944_o-600x283.jpg 600w, https:\/\/curva1.com.ar\/wp-content\/uploads\/2018\/05\/31815477_1428611310617470_355636988759506944_o-768x362.jpg 768w, https:\/\/curva1.com.ar\/wp-content\/uploads\/2018\/05\/31815477_1428611310617470_355636988759506944_o-1024x483.jpg 1024w, https:\/\/curva1.com.ar\/wp-content\/uploads\/2018\/05\/31815477_1428611310617470_355636988759506944_o-520x245.jpg 520w, https:\/\/curva1.com.ar\/wp-content\/uploads\/2018\/05\/31815477_1428611310617470_355636988759506944_o-720x340.jpg 720w\" sizes=\"auto, (max-width: 1056px) 100vw, 1056px\" \/><\/p>\n<p>El piloto de San Rafael estar\u00e1 presente en la tercera fecha de la especialidad que se llevar\u00e1 a cabo este fin de semana en Concordia, Entre R\u00edos.<\/p>\n<p>La decisi\u00f3n la tom\u00f3 luego de probar el Clio en San Mart\u00edn, donde aprovech\u00f3 la jornada para testar elementos de suspensi\u00f3n ya que la performance del motor entreg\u00f3 buenos resultados en el banco.<\/p>\n<p><strong>&#8220;La prueba fue muy buena y si bien el viernes sabremos donde estamos parados con el resto, el auto evolucion\u00f3 mucho por lo que vamos confiados e ilusionados con poder aprovechar al m\u00e1ximo el fin de semana&#8221;,<\/strong> cont\u00f3 al respecto.<\/p>\n<p>Vale recordar que el excampe\u00f3n de la Clase 2 del Zonal Cuyano decidi\u00f3 parar la fecha anterior justamente para poder acomodar el Renault\u00a0e ir en igualdad de condiciones con los rivales de la competitiva Clase 3.<\/p>\n","protected":false},"excerpt":{"rendered":"<p>El piloto de San Rafael estar\u00e1 presente en la tercera fecha de la especialidad que<\/p>\n","protected":false},"author":1,"featured_media":25369,"comment_status":"closed","ping_status":"closed","sticky":false,"template":"","format":"standard","meta":{"footnotes":""},"categories":[6],"tags":[],"class_list":["post-25368","post","type-post","status-publish","format-standard","has-post-thumbnail","hentry","category-nacionales"],"featured_image_urls":{"full":["https:\/\/curva1.com.ar\/wp-content\/uploads\/2018\/05\/31815477_1428611310617470_355636988759506944_o.jpg",1056,498,false],"thumbnail":["https:\/\/curva1.com.ar\/wp-content\/uploads\/2018\/05\/31815477_1428611310617470_355636988759506944_o-300x169.jpg",300,169,true],"medium":["https:\/\/curva1.com.ar\/wp-content\/uploads\/2018\/05\/31815477_1428611310617470_355636988759506944_o-600x283.jpg",600,283,true],"medium_large":["https:\/\/curva1.com.ar\/wp-content\/uploads\/2018\/05\/31815477_1428611310617470_355636988759506944_o-768x362.jpg",640,302,true],"large":["https:\/\/curva1.com.ar\/wp-content\/uploads\/2018\/05\/31815477_1428611310617470_355636988759506944_o-1024x483.jpg",640,302,true],"1536x1536":["https:\/\/curva1.com.ar\/wp-content\/uploads\/2018\/05\/31815477_1428611310617470_355636988759506944_o.jpg",1056,498,false],"2048x2048":["https:\/\/curva1.com.ar\/wp-content\/uploads\/2018\/05\/31815477_1428611310617470_355636988759506944_o.jpg",1056,498,false],"chromenews-featured":["https:\/\/curva1.com.ar\/wp-content\/uploads\/2018\/05\/31815477_1428611310617470_355636988759506944_o.jpg",1024,483,false],"chromenews-large":["https:\/\/curva1.com.ar\/wp-content\/uploads\/2018\/05\/31815477_1428611310617470_355636988759506944_o.jpg",825,389,false],"chromenews-medium":["https:\/\/curva1.com.ar\/wp-content\/uploads\/2018\/05\/31815477_1428611310617470_355636988759506944_o.jpg",590,278,false]},"author_info":{"display_name":"Jos\u00e9 Bravo","author_link":"https:\/\/curva1.com.ar\/?author=1"},"category_info":"<a href=\"https:\/\/curva1.com.ar\/?cat=6\" rel=\"category\">Nacionales<\/a>","tag_info":"Nacionales","comment_count":"0","_links":{"self":[{"href":"https:\/\/curva1.com.ar\/index.php?rest_route=\/wp\/v2\/posts\/25368","targetHints":{"allow":["GET"]}}],"collection":[{"href":"https:\/\/curva1.com.ar\/index.php?rest_route=\/wp\/v2\/posts"}],"about":[{"href":"https:\/\/curva1.com.ar\/index.php?rest_route=\/wp\/v2\/types\/post"}],"author":[{"embeddable":true,"href":"https:\/\/curva1.com.ar\/index.php?rest_route=\/wp\/v2\/users\/1"}],"replies":[{"embeddable":true,"href":"https:\/\/curva1.com.ar\/index.php?rest_route=%2Fwp%2Fv2%2Fcomments&post=25368"}],"version-history":[{"count":1,"href":"https:\/\/curva1.com.ar\/index.php?rest_route=\/wp\/v2\/posts\/25368\/revisions"}],"predecessor-version":[{"id":25370,"href":"https:\/\/curva1.com.ar\/index.php?rest_route=\/wp\/v2\/posts\/25368\/revisions\/25370"}],"wp:featuredmedia":[{"embeddable":true,"href":"https:\/\/curva1.com.ar\/index.php?rest_route=\/wp\/v2\/media\/25369"}],"wp:attachment":[{"href":"https:\/\/curva1.com.ar\/index.php?rest_route=%2Fwp%2Fv2%2Fmedia&parent=25368"}],"wp:term":[{"taxonomy":"category","embeddable":true,"href":"https:\/\/curva1.com.ar\/index.php?rest_route=%2Fwp%2Fv2%2Fcategories&post=25368"},{"taxonomy":"post_tag","embeddable":true,"href":"https:\/\/curva1.com.ar\/index.php?rest_route=%2Fwp%2Fv2%2Ftags&post=25368"}],"curies":[{"name":"wp","href":"https:\/\/api.w.org\/{rel}","templated":true}]}}