{"id":25386,"date":"2018-05-06T13:39:06","date_gmt":"2018-05-06T16:39:06","guid":{"rendered":"http:\/\/www.curva1.com.ar\/?p=25386"},"modified":"2018-05-06T13:39:06","modified_gmt":"2018-05-06T16:39:06","slug":"nuevos-dias-de-pruebas-para-pilotos-del-zonal-cuyano","status":"publish","type":"post","link":"https:\/\/curva1.com.ar\/?p=25386","title":{"rendered":"Nuevos d\u00edas de pruebas para pilotos del Zonal Cuyano"},"content":{"rendered":"<p><img loading=\"lazy\" decoding=\"async\" class=\"aligncenter size-full wp-image-25387\" src=\"http:\/\/www.curva1.com.ar\/wp-content\/uploads\/2018\/05\/IMG_2837.jpg\" alt=\"\" width=\"800\" height=\"450\" srcset=\"https:\/\/curva1.com.ar\/wp-content\/uploads\/2018\/05\/IMG_2837.jpg 800w, https:\/\/curva1.com.ar\/wp-content\/uploads\/2018\/05\/IMG_2837-300x169.jpg 300w, https:\/\/curva1.com.ar\/wp-content\/uploads\/2018\/05\/IMG_2837-600x337.jpg 600w, https:\/\/curva1.com.ar\/wp-content\/uploads\/2018\/05\/IMG_2837-768x432.jpg 768w\" sizes=\"auto, (max-width: 800px) 100vw, 800px\" \/><\/p>\n<p>La federaci\u00f3n Mendocina de Automovilismo Deportivo comunica a los Sres. Pilotos de las categor\u00edas TP 1.4, TC Cuyano y Clase 2, Preparadores, Medios de Prensa y al ambiente del automovilismo en general, que debido a la suspensi\u00f3n de las Pruebas Libres pactadas para el 5 de Mayo, las mismas se han re programado para este Lunes 7 de Mayo en el horario de 13 a 18:00 hs. en el Aut\u00f3dromo ciudad de San Mart\u00edn y para el viernes 11 de Mayo en el horario de 13 a 18:00 hs. en el Aut\u00f3dromo Ciudad de San Rafael.<\/p>\n<p>El piloto que desee probar deber\u00e1 optar por uno de los circuitos habilitados, no pudiendo realizar pruebas en ambos circuitos, lo que ser\u00e1 pasible de sanciones.<\/p>\n<p>Tambi\u00e9n recordamos que a pedido de los pilotos de la\u00a0 categor\u00eda Promocional Fiat es terminantemente prohibido llevar a cabo cualquier tipo de pruebas hasta nuevo aviso. Quien omita esta restricci\u00f3n ser\u00e1 sancionado.<\/p>\n","protected":false},"excerpt":{"rendered":"<p>La federaci\u00f3n Mendocina de Automovilismo Deportivo comunica a los Sres. Pilotos de las categor\u00edas TP<\/p>\n","protected":false},"author":1,"featured_media":25387,"comment_status":"closed","ping_status":"closed","sticky":false,"template":"","format":"standard","meta":{"footnotes":""},"categories":[1],"tags":[],"class_list":["post-25386","post","type-post","status-publish","format-standard","has-post-thumbnail","hentry","category-zonal-cuyano"],"featured_image_urls":{"full":["https:\/\/curva1.com.ar\/wp-content\/uploads\/2018\/05\/IMG_2837.jpg",800,450,false],"thumbnail":["https:\/\/curva1.com.ar\/wp-content\/uploads\/2018\/05\/IMG_2837-300x169.jpg",300,169,true],"medium":["https:\/\/curva1.com.ar\/wp-content\/uploads\/2018\/05\/IMG_2837-600x337.jpg",600,337,true],"medium_large":["https:\/\/curva1.com.ar\/wp-content\/uploads\/2018\/05\/IMG_2837-768x432.jpg",640,360,true],"large":["https:\/\/curva1.com.ar\/wp-content\/uploads\/2018\/05\/IMG_2837.jpg",640,360,false],"1536x1536":["https:\/\/curva1.com.ar\/wp-content\/uploads\/2018\/05\/IMG_2837.jpg",800,450,false],"2048x2048":["https:\/\/curva1.com.ar\/wp-content\/uploads\/2018\/05\/IMG_2837.jpg",800,450,false],"chromenews-featured":["https:\/\/curva1.com.ar\/wp-content\/uploads\/2018\/05\/IMG_2837.jpg",800,450,false],"chromenews-large":["https:\/\/curva1.com.ar\/wp-content\/uploads\/2018\/05\/IMG_2837.jpg",800,450,false],"chromenews-medium":["https:\/\/curva1.com.ar\/wp-content\/uploads\/2018\/05\/IMG_2837.jpg",590,332,false]},"author_info":{"display_name":"Jos\u00e9 Bravo","author_link":"https:\/\/curva1.com.ar\/?author=1"},"category_info":"<a href=\"https:\/\/curva1.com.ar\/?cat=1\" rel=\"category\">Zonal Cuyano<\/a>","tag_info":"Zonal Cuyano","comment_count":"0","_links":{"self":[{"href":"https:\/\/curva1.com.ar\/index.php?rest_route=\/wp\/v2\/posts\/25386","targetHints":{"allow":["GET"]}}],"collection":[{"href":"https:\/\/curva1.com.ar\/index.php?rest_route=\/wp\/v2\/posts"}],"about":[{"href":"https:\/\/curva1.com.ar\/index.php?rest_route=\/wp\/v2\/types\/post"}],"author":[{"embeddable":true,"href":"https:\/\/curva1.com.ar\/index.php?rest_route=\/wp\/v2\/users\/1"}],"replies":[{"embeddable":true,"href":"https:\/\/curva1.com.ar\/index.php?rest_route=%2Fwp%2Fv2%2Fcomments&post=25386"}],"version-history":[{"count":1,"href":"https:\/\/curva1.com.ar\/index.php?rest_route=\/wp\/v2\/posts\/25386\/revisions"}],"predecessor-version":[{"id":25388,"href":"https:\/\/curva1.com.ar\/index.php?rest_route=\/wp\/v2\/posts\/25386\/revisions\/25388"}],"wp:featuredmedia":[{"embeddable":true,"href":"https:\/\/curva1.com.ar\/index.php?rest_route=\/wp\/v2\/media\/25387"}],"wp:attachment":[{"href":"https:\/\/curva1.com.ar\/index.php?rest_route=%2Fwp%2Fv2%2Fmedia&parent=25386"}],"wp:term":[{"taxonomy":"category","embeddable":true,"href":"https:\/\/curva1.com.ar\/index.php?rest_route=%2Fwp%2Fv2%2Fcategories&post=25386"},{"taxonomy":"post_tag","embeddable":true,"href":"https:\/\/curva1.com.ar\/index.php?rest_route=%2Fwp%2Fv2%2Ftags&post=25386"}],"curies":[{"name":"wp","href":"https:\/\/api.w.org\/{rel}","templated":true}]}}