{"id":2542,"date":"2012-11-26T23:30:03","date_gmt":"2012-11-27T02:30:03","guid":{"rendered":"http:\/\/www.curva1.com.ar\/?p=2542"},"modified":"2012-11-27T00:37:58","modified_gmt":"2012-11-27T03:37:58","slug":"el-ovalo-de-asa-se-prepara-para-el-inicio-del-speedway-de-san-rafael","status":"publish","type":"post","link":"https:\/\/curva1.com.ar\/?p=2542","title":{"rendered":"El \u00f3valo de ASA se prepara para el inicio del Speedway de San Rafael"},"content":{"rendered":"<p>La Asociaci\u00f3n Sanrafaelina de Automovilismo trabaja para el comienzo del speedway en el ovalo de tierra ubicado dentro del aut\u00f3dromo de Las Paredes, en San Rafael.<\/p>\n<p>El pr\u00f3ximo viernes 30 de noviembre est\u00e1 prevista la realizaci\u00f3n de la fecha inaugural de la temporada y desde la organizaci\u00f3n dijeron que hay importantes vi\u00e1ticos para los pilotos del centro norte de la provincia que deseen competir.<\/p>\n<p>Las fotos corresponden a los trabajos en la pista, colocacion de los ca\u00f1os para el regado de la pista por aspercion, la colocacion de m\u00e1s reflectores para mejorar la iluminacion, terminacion de las sentaderas de la tribuna y la construccion de un dep\u00f3sito.<\/p>\n<figure id=\"attachment_2543\" aria-describedby=\"caption-attachment-2543\" style=\"width: 500px\" class=\"wp-caption aligncenter\"><a href=\"http:\/\/www.curva1.com.ar\/wp-content\/uploads\/2012\/11\/526308_204686996333942_129591578_n.jpg\"><img loading=\"lazy\" decoding=\"async\" class=\"size-full wp-image-2543\" title=\"526308_204686996333942_129591578_n\" src=\"http:\/\/www.curva1.com.ar\/wp-content\/uploads\/2012\/11\/526308_204686996333942_129591578_n.jpg\" alt=\"\" width=\"500\" height=\"281\" srcset=\"https:\/\/curva1.com.ar\/wp-content\/uploads\/2012\/11\/526308_204686996333942_129591578_n.jpg 500w, https:\/\/curva1.com.ar\/wp-content\/uploads\/2012\/11\/526308_204686996333942_129591578_n-300x168.jpg 300w\" sizes=\"auto, (max-width: 500px) 100vw, 500px\" \/><\/a><figcaption id=\"caption-attachment-2543\" class=\"wp-caption-text\">TRABAJOS EN EL OVALO<\/figcaption><\/figure>\n<p style=\"text-align: center;\">\n<figure id=\"attachment_2544\" aria-describedby=\"caption-attachment-2544\" style=\"width: 500px\" class=\"wp-caption aligncenter\"><a href=\"http:\/\/www.curva1.com.ar\/wp-content\/uploads\/2012\/11\/263778_204686076334034_1761553426_n.jpg\"><img loading=\"lazy\" decoding=\"async\" class=\"size-full wp-image-2544\" title=\"263778_204686076334034_1761553426_n\" src=\"http:\/\/www.curva1.com.ar\/wp-content\/uploads\/2012\/11\/263778_204686076334034_1761553426_n.jpg\" alt=\"\" width=\"500\" height=\"375\" srcset=\"https:\/\/curva1.com.ar\/wp-content\/uploads\/2012\/11\/263778_204686076334034_1761553426_n.jpg 500w, https:\/\/curva1.com.ar\/wp-content\/uploads\/2012\/11\/263778_204686076334034_1761553426_n-300x225.jpg 300w, https:\/\/curva1.com.ar\/wp-content\/uploads\/2012\/11\/263778_204686076334034_1761553426_n-200x150.jpg 200w\" sizes=\"auto, (max-width: 500px) 100vw, 500px\" \/><\/a><figcaption id=\"caption-attachment-2544\" class=\"wp-caption-text\">RIEGO POR ASPERSION PARA LA PISTA<\/figcaption><\/figure>\n<figure id=\"attachment_2545\" aria-describedby=\"caption-attachment-2545\" style=\"width: 500px\" class=\"wp-caption aligncenter\"><a href=\"http:\/\/www.curva1.com.ar\/wp-content\/uploads\/2012\/11\/603881_204687146333927_2001265582_n.jpg\"><img loading=\"lazy\" decoding=\"async\" class=\"size-full wp-image-2545\" title=\"603881_204687146333927_2001265582_n\" src=\"http:\/\/www.curva1.com.ar\/wp-content\/uploads\/2012\/11\/603881_204687146333927_2001265582_n.jpg\" alt=\"\" width=\"500\" height=\"375\" srcset=\"https:\/\/curva1.com.ar\/wp-content\/uploads\/2012\/11\/603881_204687146333927_2001265582_n.jpg 500w, https:\/\/curva1.com.ar\/wp-content\/uploads\/2012\/11\/603881_204687146333927_2001265582_n-300x225.jpg 300w, https:\/\/curva1.com.ar\/wp-content\/uploads\/2012\/11\/603881_204687146333927_2001265582_n-200x150.jpg 200w\" sizes=\"auto, (max-width: 500px) 100vw, 500px\" \/><\/a><figcaption id=\"caption-attachment-2545\" class=\"wp-caption-text\">TRIBUNAS<\/figcaption><\/figure>\n<figure id=\"attachment_2546\" aria-describedby=\"caption-attachment-2546\" style=\"width: 500px\" class=\"wp-caption aligncenter\"><a href=\"http:\/\/www.curva1.com.ar\/wp-content\/uploads\/2012\/11\/556959_204685703000738_1014403254_n.jpg\"><img loading=\"lazy\" decoding=\"async\" class=\"size-full wp-image-2546\" title=\"556959_204685703000738_1014403254_n\" src=\"http:\/\/www.curva1.com.ar\/wp-content\/uploads\/2012\/11\/556959_204685703000738_1014403254_n.jpg\" alt=\"\" width=\"500\" height=\"375\" srcset=\"https:\/\/curva1.com.ar\/wp-content\/uploads\/2012\/11\/556959_204685703000738_1014403254_n.jpg 500w, https:\/\/curva1.com.ar\/wp-content\/uploads\/2012\/11\/556959_204685703000738_1014403254_n-300x225.jpg 300w, https:\/\/curva1.com.ar\/wp-content\/uploads\/2012\/11\/556959_204685703000738_1014403254_n-200x150.jpg 200w\" sizes=\"auto, (max-width: 500px) 100vw, 500px\" \/><\/a><figcaption id=\"caption-attachment-2546\" class=\"wp-caption-text\">ILUMINACION NOCTURNA<\/figcaption><\/figure>\n<p>&nbsp;<\/p>\n","protected":false},"excerpt":{"rendered":"<p>La Asociaci\u00f3n Sanrafaelina de Automovilismo trabaja para el comienzo del speedway en el ovalo de<\/p>\n","protected":false},"author":1,"featured_media":2543,"comment_status":"open","ping_status":"closed","sticky":false,"template":"","format":"standard","meta":{"footnotes":""},"categories":[5],"tags":[],"class_list":["post-2542","post","type-post","status-publish","format-standard","has-post-thumbnail","hentry","category-speedway"],"featured_image_urls":{"full":["https:\/\/curva1.com.ar\/wp-content\/uploads\/2012\/11\/526308_204686996333942_129591578_n.jpg",500,281,false],"thumbnail":["https:\/\/curva1.com.ar\/wp-content\/uploads\/2012\/11\/526308_204686996333942_129591578_n-150x150.jpg",150,150,true],"medium":["https:\/\/curva1.com.ar\/wp-content\/uploads\/2012\/11\/526308_204686996333942_129591578_n-300x168.jpg",300,168,true],"medium_large":["https:\/\/curva1.com.ar\/wp-content\/uploads\/2012\/11\/526308_204686996333942_129591578_n.jpg",500,281,false],"large":["https:\/\/curva1.com.ar\/wp-content\/uploads\/2012\/11\/526308_204686996333942_129591578_n.jpg",500,281,false],"1536x1536":["https:\/\/curva1.com.ar\/wp-content\/uploads\/2012\/11\/526308_204686996333942_129591578_n.jpg",500,281,false],"2048x2048":["https:\/\/curva1.com.ar\/wp-content\/uploads\/2012\/11\/526308_204686996333942_129591578_n.jpg",500,281,false],"chromenews-featured":["https:\/\/curva1.com.ar\/wp-content\/uploads\/2012\/11\/526308_204686996333942_129591578_n.jpg",500,281,false],"chromenews-large":["https:\/\/curva1.com.ar\/wp-content\/uploads\/2012\/11\/526308_204686996333942_129591578_n.jpg",500,281,false],"chromenews-medium":["https:\/\/curva1.com.ar\/wp-content\/uploads\/2012\/11\/526308_204686996333942_129591578_n.jpg",500,281,false]},"author_info":{"display_name":"Jos\u00e9 Bravo","author_link":"https:\/\/curva1.com.ar\/?author=1"},"category_info":"<a href=\"https:\/\/curva1.com.ar\/?cat=5\" rel=\"category\">Speedway<\/a>","tag_info":"Speedway","comment_count":"0","_links":{"self":[{"href":"https:\/\/curva1.com.ar\/index.php?rest_route=\/wp\/v2\/posts\/2542","targetHints":{"allow":["GET"]}}],"collection":[{"href":"https:\/\/curva1.com.ar\/index.php?rest_route=\/wp\/v2\/posts"}],"about":[{"href":"https:\/\/curva1.com.ar\/index.php?rest_route=\/wp\/v2\/types\/post"}],"author":[{"embeddable":true,"href":"https:\/\/curva1.com.ar\/index.php?rest_route=\/wp\/v2\/users\/1"}],"replies":[{"embeddable":true,"href":"https:\/\/curva1.com.ar\/index.php?rest_route=%2Fwp%2Fv2%2Fcomments&post=2542"}],"version-history":[{"count":1,"href":"https:\/\/curva1.com.ar\/index.php?rest_route=\/wp\/v2\/posts\/2542\/revisions"}],"predecessor-version":[{"id":2547,"href":"https:\/\/curva1.com.ar\/index.php?rest_route=\/wp\/v2\/posts\/2542\/revisions\/2547"}],"wp:featuredmedia":[{"embeddable":true,"href":"https:\/\/curva1.com.ar\/index.php?rest_route=\/wp\/v2\/media\/2543"}],"wp:attachment":[{"href":"https:\/\/curva1.com.ar\/index.php?rest_route=%2Fwp%2Fv2%2Fmedia&parent=2542"}],"wp:term":[{"taxonomy":"category","embeddable":true,"href":"https:\/\/curva1.com.ar\/index.php?rest_route=%2Fwp%2Fv2%2Fcategories&post=2542"},{"taxonomy":"post_tag","embeddable":true,"href":"https:\/\/curva1.com.ar\/index.php?rest_route=%2Fwp%2Fv2%2Ftags&post=2542"}],"curies":[{"name":"wp","href":"https:\/\/api.w.org\/{rel}","templated":true}]}}