{"id":25446,"date":"2018-05-09T15:37:11","date_gmt":"2018-05-09T18:37:11","guid":{"rendered":"http:\/\/www.curva1.com.ar\/?p=25446"},"modified":"2018-05-09T16:40:40","modified_gmt":"2018-05-09T19:40:40","slug":"campeonatos-del-karting-esperando-la-segunda-fecha","status":"publish","type":"post","link":"https:\/\/curva1.com.ar\/?p=25446","title":{"rendered":"Campeonatos del Karting, esperando la segunda fecha"},"content":{"rendered":"<figure id=\"attachment_80713\" aria-describedby=\"caption-attachment-80713\" style=\"width: 800px\" class=\"wp-caption aligncenter\"><img loading=\"lazy\" decoding=\"async\" class=\"size-full wp-image-80713\" src=\"http:\/\/curva1kart.com.ar\/noticias\/wp-content\/uploads\/2018\/05\/IMG_8003.jpg\" alt=\"\" width=\"800\" height=\"450\" \/><figcaption id=\"caption-attachment-80713\" class=\"wp-caption-text\">NICOLAS CARIO, CATEGOR\u00cdA SENIOR<\/figcaption><\/figure>\n<p>La fecha apertura del Karting Mendocino qued\u00f3 atr\u00e1s y ahora es tiempo de ver las estad\u00edsticas. As\u00ed marchan los tablas de campeonatos, que tienen como l\u00edderes a:<\/p>\n<ul>\n<li>Mauro Tejada<\/li>\n<li>Luciano Vicino<\/li>\n<li>Juan Cruz Roca<\/li>\n<li>Maxi Telo<\/li>\n<li>Ger\u00f3nimo Imberti<\/li>\n<li>Juan Luna<\/li>\n<li>Lucas Vicino<\/li>\n<\/ul>\n<p>La segunda carrera del a\u00f1o est\u00e1 programada para el domingo 27 de mayo en San Mart\u00edn, Mendoza y se encuentra disponible el afiche promocional.<\/p>\n<hr \/>\n<p><img loading=\"lazy\" decoding=\"async\" class=\"aligncenter size-full wp-image-80723\" src=\"http:\/\/curva1kart.com.ar\/noticias\/wp-content\/uploads\/2018\/05\/asdf.jpg\" alt=\"\" width=\"960\" height=\"640\" \/><\/p>\n<hr \/>\n<h3 style=\"text-align: center;\"><span style=\"color: #ff0000;\">CAMPEONATOS<\/span><\/h3>\n<p style=\"text-align: center;\">Disputada 1 fecha de 8<\/p>\n<p><img loading=\"lazy\" decoding=\"async\" class=\"aligncenter size-full wp-image-80572\" src=\"http:\/\/curva1kart.com.ar\/noticias\/wp-content\/uploads\/2018\/05\/600a.jpg\" alt=\"\" width=\"600\" height=\"3928\" \/><\/p>\n","protected":false},"excerpt":{"rendered":"<p>La fecha apertura del Karting Mendocino qued\u00f3 atr\u00e1s y ahora es tiempo de ver las<\/p>\n","protected":false},"author":1,"featured_media":25447,"comment_status":"closed","ping_status":"closed","sticky":false,"template":"","format":"standard","meta":{"footnotes":""},"categories":[4],"tags":[],"class_list":["post-25446","post","type-post","status-publish","format-standard","has-post-thumbnail","hentry","category-karting"],"featured_image_urls":{"full":["https:\/\/curva1.com.ar\/wp-content\/uploads\/2018\/05\/IMG_8678.jpg",800,450,false],"thumbnail":["https:\/\/curva1.com.ar\/wp-content\/uploads\/2018\/05\/IMG_8678-300x169.jpg",300,169,true],"medium":["https:\/\/curva1.com.ar\/wp-content\/uploads\/2018\/05\/IMG_8678-600x337.jpg",600,337,true],"medium_large":["https:\/\/curva1.com.ar\/wp-content\/uploads\/2018\/05\/IMG_8678-768x432.jpg",640,360,true],"large":["https:\/\/curva1.com.ar\/wp-content\/uploads\/2018\/05\/IMG_8678.jpg",640,360,false],"1536x1536":["https:\/\/curva1.com.ar\/wp-content\/uploads\/2018\/05\/IMG_8678.jpg",800,450,false],"2048x2048":["https:\/\/curva1.com.ar\/wp-content\/uploads\/2018\/05\/IMG_8678.jpg",800,450,false],"chromenews-featured":["https:\/\/curva1.com.ar\/wp-content\/uploads\/2018\/05\/IMG_8678.jpg",800,450,false],"chromenews-large":["https:\/\/curva1.com.ar\/wp-content\/uploads\/2018\/05\/IMG_8678.jpg",800,450,false],"chromenews-medium":["https:\/\/curva1.com.ar\/wp-content\/uploads\/2018\/05\/IMG_8678.jpg",590,332,false]},"author_info":{"display_name":"Jos\u00e9 Bravo","author_link":"https:\/\/curva1.com.ar\/?author=1"},"category_info":"<a href=\"https:\/\/curva1.com.ar\/?cat=4\" rel=\"category\">Karting Asfalto<\/a>","tag_info":"Karting Asfalto","comment_count":"0","_links":{"self":[{"href":"https:\/\/curva1.com.ar\/index.php?rest_route=\/wp\/v2\/posts\/25446","targetHints":{"allow":["GET"]}}],"collection":[{"href":"https:\/\/curva1.com.ar\/index.php?rest_route=\/wp\/v2\/posts"}],"about":[{"href":"https:\/\/curva1.com.ar\/index.php?rest_route=\/wp\/v2\/types\/post"}],"author":[{"embeddable":true,"href":"https:\/\/curva1.com.ar\/index.php?rest_route=\/wp\/v2\/users\/1"}],"replies":[{"embeddable":true,"href":"https:\/\/curva1.com.ar\/index.php?rest_route=%2Fwp%2Fv2%2Fcomments&post=25446"}],"version-history":[{"count":1,"href":"https:\/\/curva1.com.ar\/index.php?rest_route=\/wp\/v2\/posts\/25446\/revisions"}],"predecessor-version":[{"id":25448,"href":"https:\/\/curva1.com.ar\/index.php?rest_route=\/wp\/v2\/posts\/25446\/revisions\/25448"}],"wp:featuredmedia":[{"embeddable":true,"href":"https:\/\/curva1.com.ar\/index.php?rest_route=\/wp\/v2\/media\/25447"}],"wp:attachment":[{"href":"https:\/\/curva1.com.ar\/index.php?rest_route=%2Fwp%2Fv2%2Fmedia&parent=25446"}],"wp:term":[{"taxonomy":"category","embeddable":true,"href":"https:\/\/curva1.com.ar\/index.php?rest_route=%2Fwp%2Fv2%2Fcategories&post=25446"},{"taxonomy":"post_tag","embeddable":true,"href":"https:\/\/curva1.com.ar\/index.php?rest_route=%2Fwp%2Fv2%2Ftags&post=25446"}],"curies":[{"name":"wp","href":"https:\/\/api.w.org\/{rel}","templated":true}]}}