{"id":25487,"date":"2018-05-17T00:29:55","date_gmt":"2018-05-17T03:29:55","guid":{"rendered":"http:\/\/www.curva1.com.ar\/?p=25487"},"modified":"2018-05-17T00:29:55","modified_gmt":"2018-05-17T03:29:55","slug":"peluche-va-a-toay-por-primera-vez-con-el-tc-mouras","status":"publish","type":"post","link":"https:\/\/curva1.com.ar\/?p=25487","title":{"rendered":"Peluche va a Toay por primera vez con el TC Mouras"},"content":{"rendered":"<p><img loading=\"lazy\" decoding=\"async\" class=\"aligncenter size-full wp-image-25488\" src=\"http:\/\/www.curva1.com.ar\/wp-content\/uploads\/2018\/05\/dg7_1398.jpg\" alt=\"\" width=\"1000\" height=\"652\" srcset=\"https:\/\/curva1.com.ar\/wp-content\/uploads\/2018\/05\/dg7_1398.jpg 1000w, https:\/\/curva1.com.ar\/wp-content\/uploads\/2018\/05\/dg7_1398-517x337.jpg 517w, https:\/\/curva1.com.ar\/wp-content\/uploads\/2018\/05\/dg7_1398-768x501.jpg 768w\" sizes=\"auto, (max-width: 1000px) 100vw, 1000px\" \/><\/p>\n<p>Por en\u00e9sima vez en el a\u00f1o,\u00a0Emmanuel C\u00e1ceres\u00a0deber\u00e1 descifrar un nuevo enigma que se le presenta en su presente deportivo. A la sumatoria que signific\u00f3 conducir un veh\u00edculo de TC Mouras y adaptarse a la tracci\u00f3n trasera entre otras cuestiones, se agrega el descubrir un nuevo trazado: Toay. El aut\u00f3dromo pampeano recibir\u00e1 a partir del d\u00eda viernes la actividad de la 6ta fecha anual de TC Mouras.<\/p>\n<p>Sobre el Ford Falcon Nro169 que asiste el team de Luciano Ventricelli, \u201cPeluche\u201d descubrir\u00e1 el veloz trazado pampeano, el cual se caracteriza por el tr\u00e1nsito de alta y media velocidad.<\/p>\n<p>Tras haber demostrado su adaptaci\u00f3n a la divisional a lo largo de las 5 fechas disputadas hasta hoy (una en Concepci\u00f3n del Uruguay y el resto en La Plata), el piloto mendocino afronta este compromiso con la tranquilidad de conducir un veh\u00edculo que ha plasmado un gran potencial en la \u00faltima fecha:<\/p>\n<blockquote><p>\u201cMejoramos mucho en la \u00faltima carrera. M\u00e1s all\u00e1 de lo problemas que pasan a lo largo del fin de semana en la \u00faltima de La Plata funcionamos bien. Me toc\u00f3 compartir auto con Luciano Ventricceli y eso me ayud\u00f3 bastante, ya que \u00e9l conoce muy bien estos autos que yo reci\u00e9n empec\u00e9 a manejar hace un poco m\u00e1s de 3 meses.<\/p>\n<p>Estuve viendo con c\u00e1maras el circuito de La Pampa y es muy veloz y entretenido. Tiene la recta de boxes y al final esa curva que despu\u00e9s lleva al tobog\u00e1n. Habr\u00e1 que hacer una buena vuelta, transitando muy bien todos los parciales para lograr hacer un buen tiempo.<\/p>\n<p>Por mi parte estoy tranquilo, s\u00e9 que reci\u00e9n me estoy adaptando al TC Mouras y que hay que trabajar en cada fecha para mejorar d\u00eda a d\u00eda.<\/p>\n<p>Le agradezco al equipo, a los sponsor que siempre me ayudan y a mi familia que me apoya d\u00eda a d\u00eda en esto tan dif\u00edcil que es el automovilismo\u201d.<\/p><\/blockquote>\n<p>La actividad en el aut\u00f3dromo pampeano tendr\u00e1 inicio para \u201cPeluche\u201d el viernes con los tres ensayos (10.47 a 11.20hs, 13.04 a 13.37hs y 15.21 a 15.54hs). En la jornada sabatina se disputar\u00e1 un nuevo ensayo (09.40 a 10.25hs), la clasificaci\u00f3n (12.35 a 13.05hs) y las dos Series Clasificatorias (15.40 y 16.05hs) disput\u00e1ndose el d\u00eda domingo la 6ta Final anual a la hora 13.40.<\/p>\n<p><img loading=\"lazy\" decoding=\"async\" class=\"aligncenter size-full wp-image-25489\" src=\"http:\/\/www.curva1.com.ar\/wp-content\/uploads\/2018\/05\/dg7_2584.jpg\" alt=\"\" width=\"1000\" height=\"563\" srcset=\"https:\/\/curva1.com.ar\/wp-content\/uploads\/2018\/05\/dg7_2584.jpg 1000w, https:\/\/curva1.com.ar\/wp-content\/uploads\/2018\/05\/dg7_2584-300x169.jpg 300w, https:\/\/curva1.com.ar\/wp-content\/uploads\/2018\/05\/dg7_2584-600x337.jpg 600w, https:\/\/curva1.com.ar\/wp-content\/uploads\/2018\/05\/dg7_2584-768x432.jpg 768w\" sizes=\"auto, (max-width: 1000px) 100vw, 1000px\" \/><\/p>\n","protected":false},"excerpt":{"rendered":"<p>Por en\u00e9sima vez en el a\u00f1o,\u00a0Emmanuel C\u00e1ceres\u00a0deber\u00e1 descifrar un nuevo enigma que se le presenta<\/p>\n","protected":false},"author":1,"featured_media":25488,"comment_status":"closed","ping_status":"closed","sticky":false,"template":"","format":"standard","meta":{"footnotes":""},"categories":[6],"tags":[],"class_list":["post-25487","post","type-post","status-publish","format-standard","has-post-thumbnail","hentry","category-nacionales"],"featured_image_urls":{"full":["https:\/\/curva1.com.ar\/wp-content\/uploads\/2018\/05\/dg7_1398.jpg",1000,652,false],"thumbnail":["https:\/\/curva1.com.ar\/wp-content\/uploads\/2018\/05\/dg7_1398-300x169.jpg",300,169,true],"medium":["https:\/\/curva1.com.ar\/wp-content\/uploads\/2018\/05\/dg7_1398-517x337.jpg",517,337,true],"medium_large":["https:\/\/curva1.com.ar\/wp-content\/uploads\/2018\/05\/dg7_1398-768x501.jpg",640,418,true],"large":["https:\/\/curva1.com.ar\/wp-content\/uploads\/2018\/05\/dg7_1398.jpg",640,417,false],"1536x1536":["https:\/\/curva1.com.ar\/wp-content\/uploads\/2018\/05\/dg7_1398.jpg",1000,652,false],"2048x2048":["https:\/\/curva1.com.ar\/wp-content\/uploads\/2018\/05\/dg7_1398.jpg",1000,652,false],"chromenews-featured":["https:\/\/curva1.com.ar\/wp-content\/uploads\/2018\/05\/dg7_1398.jpg",1000,652,false],"chromenews-large":["https:\/\/curva1.com.ar\/wp-content\/uploads\/2018\/05\/dg7_1398.jpg",825,538,false],"chromenews-medium":["https:\/\/curva1.com.ar\/wp-content\/uploads\/2018\/05\/dg7_1398.jpg",590,385,false]},"author_info":{"display_name":"Jos\u00e9 Bravo","author_link":"https:\/\/curva1.com.ar\/?author=1"},"category_info":"<a href=\"https:\/\/curva1.com.ar\/?cat=6\" rel=\"category\">Nacionales<\/a>","tag_info":"Nacionales","comment_count":"0","_links":{"self":[{"href":"https:\/\/curva1.com.ar\/index.php?rest_route=\/wp\/v2\/posts\/25487","targetHints":{"allow":["GET"]}}],"collection":[{"href":"https:\/\/curva1.com.ar\/index.php?rest_route=\/wp\/v2\/posts"}],"about":[{"href":"https:\/\/curva1.com.ar\/index.php?rest_route=\/wp\/v2\/types\/post"}],"author":[{"embeddable":true,"href":"https:\/\/curva1.com.ar\/index.php?rest_route=\/wp\/v2\/users\/1"}],"replies":[{"embeddable":true,"href":"https:\/\/curva1.com.ar\/index.php?rest_route=%2Fwp%2Fv2%2Fcomments&post=25487"}],"version-history":[{"count":1,"href":"https:\/\/curva1.com.ar\/index.php?rest_route=\/wp\/v2\/posts\/25487\/revisions"}],"predecessor-version":[{"id":25490,"href":"https:\/\/curva1.com.ar\/index.php?rest_route=\/wp\/v2\/posts\/25487\/revisions\/25490"}],"wp:featuredmedia":[{"embeddable":true,"href":"https:\/\/curva1.com.ar\/index.php?rest_route=\/wp\/v2\/media\/25488"}],"wp:attachment":[{"href":"https:\/\/curva1.com.ar\/index.php?rest_route=%2Fwp%2Fv2%2Fmedia&parent=25487"}],"wp:term":[{"taxonomy":"category","embeddable":true,"href":"https:\/\/curva1.com.ar\/index.php?rest_route=%2Fwp%2Fv2%2Fcategories&post=25487"},{"taxonomy":"post_tag","embeddable":true,"href":"https:\/\/curva1.com.ar\/index.php?rest_route=%2Fwp%2Fv2%2Ftags&post=25487"}],"curies":[{"name":"wp","href":"https:\/\/api.w.org\/{rel}","templated":true}]}}