{"id":25492,"date":"2018-05-17T11:46:12","date_gmt":"2018-05-17T14:46:12","guid":{"rendered":"http:\/\/www.curva1.com.ar\/?p=25492"},"modified":"2018-05-17T12:07:07","modified_gmt":"2018-05-17T15:07:07","slug":"nace-categoria-exclusiva-para-mayores-de-45-anos","status":"publish","type":"post","link":"https:\/\/curva1.com.ar\/?p=25492","title":{"rendered":"Nace categor\u00eda &#8220;extra econ\u00f3mica&#8221; para mayores de 45 a\u00f1os"},"content":{"rendered":"<p><img loading=\"lazy\" decoding=\"async\" class=\"aligncenter size-full wp-image-25493\" src=\"http:\/\/www.curva1.com.ar\/wp-content\/uploads\/2018\/05\/IMG_7932.jpg\" alt=\"\" width=\"800\" height=\"450\" srcset=\"https:\/\/curva1.com.ar\/wp-content\/uploads\/2018\/05\/IMG_7932.jpg 800w, https:\/\/curva1.com.ar\/wp-content\/uploads\/2018\/05\/IMG_7932-300x169.jpg 300w, https:\/\/curva1.com.ar\/wp-content\/uploads\/2018\/05\/IMG_7932-600x337.jpg 600w, https:\/\/curva1.com.ar\/wp-content\/uploads\/2018\/05\/IMG_7932-768x432.jpg 768w\" sizes=\"auto, (max-width: 800px) 100vw, 800px\" \/><\/p>\n<p>Surgi\u00f3 como una charla en parque cerrado y de a poco fue tomando forma. El relator Ariel Dupaus les &#8220;meti\u00f3 ficha&#8221; y avalados por el asesoramiento de Pato Alvarez Storni, se est\u00e1 formando\u00a0una categor\u00eda &#8220;M\u00e1ster&#8221; para pilotos mayores de 45 a\u00f1os que competir\u00e1n en el Karting Mendocino.<\/p>\n<p><strong>&#8220;Hay varios interesados. Fue una idea que les gust\u00f3 a varios y el pr\u00f3ximo lunes tendremos una reuni\u00f3n, pero es posible que arranque desde la pr\u00f3xima fecha del 27 de mayo<\/strong>&#8221; destac\u00f3 Alvarez Storni, dirigente de AVE.<\/p>\n<p>La nueva divisional ser\u00e1 la &#8220;Guerrero 150 M\u00e1ster&#8221;, exclusiva para pilotos con <strong>45 a\u00f1os cumplidos en adelante, 190 kg y motores marca Guerrero<\/strong> que quedan en guarda de la organizaci\u00f3n entre cada carrera y el domingo, antes de competir, se sortean entre los competidores.<\/p>\n<p>El costo de <strong>mantenimiento del motor por fecha es de $500.-<\/strong>, algo casi &#8220;il\u00f3gico&#8221; para el mundo de la competici\u00f3n en estos tiempos.<\/p>\n<p>Los apuntados para esta nueva divisional ser\u00edan: Silvio Imberti, Sergio Segura, Walter Tejada, Omar P\u00e9rez y Daniel Nodari, todos tienen sus hijos compitiendo actualmente. Debutar\u00edan lo sanmartinianos Andr\u00e9s y Alejandro Benedetti, como tambi\u00e9n est\u00e1n interesados Jorge Moragas, Patricio Alvarez Storni, Armando Gualerzi, Carlos Pasqualotto y Carlos Dean.<\/p>\n<p>Para m\u00e1s info, comunicarse al celular\u00a0&#x1f4f2;\u00a0<span style=\"color: #0000ff;\"><strong>2634517562<\/strong><\/span><\/p>\n<blockquote><p><span style=\"color: #ff0000;\"><strong>REUNION INFORMATIVA<\/strong><\/span><\/p>\n<p><span style=\"color: #ff0000;\">Pr\u00f3ximo lunes 21 de mayo a las 21 horas en Sangucher\u00eda San Pedro, ubicada en Avenida Lima 705 de San Mart\u00edn.<\/span><\/p><\/blockquote>\n","protected":false},"excerpt":{"rendered":"<p>Surgi\u00f3 como una charla en parque cerrado y de a poco fue tomando forma. El<\/p>\n","protected":false},"author":1,"featured_media":25498,"comment_status":"closed","ping_status":"closed","sticky":false,"template":"","format":"standard","meta":{"footnotes":""},"categories":[4],"tags":[],"class_list":["post-25492","post","type-post","status-publish","format-standard","has-post-thumbnail","hentry","category-karting"],"featured_image_urls":{"full":["https:\/\/curva1.com.ar\/wp-content\/uploads\/2018\/05\/IMG_8700.jpg",900,600,false],"thumbnail":["https:\/\/curva1.com.ar\/wp-content\/uploads\/2018\/05\/IMG_8700-300x169.jpg",300,169,true],"medium":["https:\/\/curva1.com.ar\/wp-content\/uploads\/2018\/05\/IMG_8700-506x337.jpg",506,337,true],"medium_large":["https:\/\/curva1.com.ar\/wp-content\/uploads\/2018\/05\/IMG_8700-768x512.jpg",640,427,true],"large":["https:\/\/curva1.com.ar\/wp-content\/uploads\/2018\/05\/IMG_8700.jpg",640,427,false],"1536x1536":["https:\/\/curva1.com.ar\/wp-content\/uploads\/2018\/05\/IMG_8700.jpg",900,600,false],"2048x2048":["https:\/\/curva1.com.ar\/wp-content\/uploads\/2018\/05\/IMG_8700.jpg",900,600,false],"chromenews-featured":["https:\/\/curva1.com.ar\/wp-content\/uploads\/2018\/05\/IMG_8700.jpg",900,600,false],"chromenews-large":["https:\/\/curva1.com.ar\/wp-content\/uploads\/2018\/05\/IMG_8700.jpg",825,550,false],"chromenews-medium":["https:\/\/curva1.com.ar\/wp-content\/uploads\/2018\/05\/IMG_8700.jpg",590,393,false]},"author_info":{"display_name":"Jos\u00e9 Bravo","author_link":"https:\/\/curva1.com.ar\/?author=1"},"category_info":"<a href=\"https:\/\/curva1.com.ar\/?cat=4\" rel=\"category\">Karting Asfalto<\/a>","tag_info":"Karting Asfalto","comment_count":"0","_links":{"self":[{"href":"https:\/\/curva1.com.ar\/index.php?rest_route=\/wp\/v2\/posts\/25492","targetHints":{"allow":["GET"]}}],"collection":[{"href":"https:\/\/curva1.com.ar\/index.php?rest_route=\/wp\/v2\/posts"}],"about":[{"href":"https:\/\/curva1.com.ar\/index.php?rest_route=\/wp\/v2\/types\/post"}],"author":[{"embeddable":true,"href":"https:\/\/curva1.com.ar\/index.php?rest_route=\/wp\/v2\/users\/1"}],"replies":[{"embeddable":true,"href":"https:\/\/curva1.com.ar\/index.php?rest_route=%2Fwp%2Fv2%2Fcomments&post=25492"}],"version-history":[{"count":9,"href":"https:\/\/curva1.com.ar\/index.php?rest_route=\/wp\/v2\/posts\/25492\/revisions"}],"predecessor-version":[{"id":25503,"href":"https:\/\/curva1.com.ar\/index.php?rest_route=\/wp\/v2\/posts\/25492\/revisions\/25503"}],"wp:featuredmedia":[{"embeddable":true,"href":"https:\/\/curva1.com.ar\/index.php?rest_route=\/wp\/v2\/media\/25498"}],"wp:attachment":[{"href":"https:\/\/curva1.com.ar\/index.php?rest_route=%2Fwp%2Fv2%2Fmedia&parent=25492"}],"wp:term":[{"taxonomy":"category","embeddable":true,"href":"https:\/\/curva1.com.ar\/index.php?rest_route=%2Fwp%2Fv2%2Fcategories&post=25492"},{"taxonomy":"post_tag","embeddable":true,"href":"https:\/\/curva1.com.ar\/index.php?rest_route=%2Fwp%2Fv2%2Ftags&post=25492"}],"curies":[{"name":"wp","href":"https:\/\/api.w.org\/{rel}","templated":true}]}}