{"id":25514,"date":"2018-05-18T21:47:45","date_gmt":"2018-05-19T00:47:45","guid":{"rendered":"http:\/\/www.curva1.com.ar\/?p=25514"},"modified":"2018-05-18T21:47:45","modified_gmt":"2018-05-19T00:47:45","slug":"fuerte-golpe-de-lucas-vicino-a-un-paredon-en-potrero","status":"publish","type":"post","link":"https:\/\/curva1.com.ar\/?p=25514","title":{"rendered":"Fuerte golpe de Lucas Vicino a un pared\u00f3n en Potrero"},"content":{"rendered":"<p><img loading=\"lazy\" decoding=\"async\" class=\"aligncenter size-full wp-image-25516\" src=\"http:\/\/www.curva1.com.ar\/wp-content\/uploads\/2018\/05\/MRG_9595.jpg\" alt=\"\" width=\"1000\" height=\"663\" srcset=\"https:\/\/curva1.com.ar\/wp-content\/uploads\/2018\/05\/MRG_9595.jpg 1000w, https:\/\/curva1.com.ar\/wp-content\/uploads\/2018\/05\/MRG_9595-508x337.jpg 508w, https:\/\/curva1.com.ar\/wp-content\/uploads\/2018\/05\/MRG_9595-768x509.jpg 768w\" sizes=\"auto, (max-width: 1000px) 100vw, 1000px\" \/><\/p>\n<p>Lucas Vicino sufri\u00f3 un fuerte accidente durante la segunda prueba comunitaria que disput\u00f3 la F\u00f3rmula 2.0 en el circuito de Potrero de los Funes.<\/p>\n<p>La segunda prueba comunitaria del viernes para la F\u00f3rmula 2.0 en Potrero de los Funes se estaba desarrollando con total normalidad hasta que el fuerte despiste de Lucas Vicino contra los neum\u00e1ticos gener\u00f3 la bandera roja y par\u00f3 la actividad, explicaro<span class=\"text_exposed_show\">n en\u00a0carburando.com<\/span><\/p>\n<div class=\"text_exposed_show\">\n<p><strong>&#8220;No tengo ni un rasp\u00f3n, no pas\u00f3 nada y estoy perfecto, pero todav\u00eda no podemos confirmar que si corremos ma\u00f1ana&#8221;<\/strong> dijo Vicino cerca de las 21 hs a Curva 1.<\/p>\n<\/div>\n<p style=\"text-align: center;\"><iframe loading=\"lazy\" src=\"https:\/\/www.youtube.com\/embed\/zG-pJQSgef0\" width=\"560\" height=\"315\" frameborder=\"0\" allowfullscreen=\"allowfullscreen\"><\/iframe><\/p>\n","protected":false},"excerpt":{"rendered":"<p>Lucas Vicino sufri\u00f3 un fuerte accidente durante la segunda prueba comunitaria que disput\u00f3 la F\u00f3rmula<\/p>\n","protected":false},"author":1,"featured_media":25516,"comment_status":"closed","ping_status":"closed","sticky":false,"template":"","format":"standard","meta":{"footnotes":""},"categories":[6],"tags":[],"class_list":["post-25514","post","type-post","status-publish","format-standard","has-post-thumbnail","hentry","category-nacionales"],"featured_image_urls":{"full":["https:\/\/curva1.com.ar\/wp-content\/uploads\/2018\/05\/MRG_9595.jpg",1000,663,false],"thumbnail":["https:\/\/curva1.com.ar\/wp-content\/uploads\/2018\/05\/MRG_9595-300x169.jpg",300,169,true],"medium":["https:\/\/curva1.com.ar\/wp-content\/uploads\/2018\/05\/MRG_9595-508x337.jpg",508,337,true],"medium_large":["https:\/\/curva1.com.ar\/wp-content\/uploads\/2018\/05\/MRG_9595-768x509.jpg",640,424,true],"large":["https:\/\/curva1.com.ar\/wp-content\/uploads\/2018\/05\/MRG_9595.jpg",640,424,false],"1536x1536":["https:\/\/curva1.com.ar\/wp-content\/uploads\/2018\/05\/MRG_9595.jpg",1000,663,false],"2048x2048":["https:\/\/curva1.com.ar\/wp-content\/uploads\/2018\/05\/MRG_9595.jpg",1000,663,false],"chromenews-featured":["https:\/\/curva1.com.ar\/wp-content\/uploads\/2018\/05\/MRG_9595.jpg",1000,663,false],"chromenews-large":["https:\/\/curva1.com.ar\/wp-content\/uploads\/2018\/05\/MRG_9595.jpg",825,547,false],"chromenews-medium":["https:\/\/curva1.com.ar\/wp-content\/uploads\/2018\/05\/MRG_9595.jpg",590,391,false]},"author_info":{"display_name":"Jos\u00e9 Bravo","author_link":"https:\/\/curva1.com.ar\/?author=1"},"category_info":"<a href=\"https:\/\/curva1.com.ar\/?cat=6\" rel=\"category\">Nacionales<\/a>","tag_info":"Nacionales","comment_count":"0","_links":{"self":[{"href":"https:\/\/curva1.com.ar\/index.php?rest_route=\/wp\/v2\/posts\/25514","targetHints":{"allow":["GET"]}}],"collection":[{"href":"https:\/\/curva1.com.ar\/index.php?rest_route=\/wp\/v2\/posts"}],"about":[{"href":"https:\/\/curva1.com.ar\/index.php?rest_route=\/wp\/v2\/types\/post"}],"author":[{"embeddable":true,"href":"https:\/\/curva1.com.ar\/index.php?rest_route=\/wp\/v2\/users\/1"}],"replies":[{"embeddable":true,"href":"https:\/\/curva1.com.ar\/index.php?rest_route=%2Fwp%2Fv2%2Fcomments&post=25514"}],"version-history":[{"count":2,"href":"https:\/\/curva1.com.ar\/index.php?rest_route=\/wp\/v2\/posts\/25514\/revisions"}],"predecessor-version":[{"id":25517,"href":"https:\/\/curva1.com.ar\/index.php?rest_route=\/wp\/v2\/posts\/25514\/revisions\/25517"}],"wp:featuredmedia":[{"embeddable":true,"href":"https:\/\/curva1.com.ar\/index.php?rest_route=\/wp\/v2\/media\/25516"}],"wp:attachment":[{"href":"https:\/\/curva1.com.ar\/index.php?rest_route=%2Fwp%2Fv2%2Fmedia&parent=25514"}],"wp:term":[{"taxonomy":"category","embeddable":true,"href":"https:\/\/curva1.com.ar\/index.php?rest_route=%2Fwp%2Fv2%2Fcategories&post=25514"},{"taxonomy":"post_tag","embeddable":true,"href":"https:\/\/curva1.com.ar\/index.php?rest_route=%2Fwp%2Fv2%2Ftags&post=25514"}],"curies":[{"name":"wp","href":"https:\/\/api.w.org\/{rel}","templated":true}]}}