{"id":25519,"date":"2018-05-20T19:45:41","date_gmt":"2018-05-20T22:45:41","guid":{"rendered":"http:\/\/www.curva1.com.ar\/?p=25519"},"modified":"2018-05-20T19:45:41","modified_gmt":"2018-05-20T22:45:41","slug":"vicino-sumo-bien-en-potrero-y-continua-liderando-la-formula-2-0","status":"publish","type":"post","link":"https:\/\/curva1.com.ar\/?p=25519","title":{"rendered":"Vicino sum\u00f3 bien en Potrero y contin\u00faa liderando la F\u00f3rmula 2.0"},"content":{"rendered":"<p><img loading=\"lazy\" decoding=\"async\" class=\"aligncenter size-full wp-image-25521\" src=\"http:\/\/www.curva1.com.ar\/wp-content\/uploads\/2018\/05\/ea2.jpg\" alt=\"\" width=\"1000\" height=\"563\" srcset=\"https:\/\/curva1.com.ar\/wp-content\/uploads\/2018\/05\/ea2.jpg 1000w, https:\/\/curva1.com.ar\/wp-content\/uploads\/2018\/05\/ea2-300x169.jpg 300w, https:\/\/curva1.com.ar\/wp-content\/uploads\/2018\/05\/ea2-600x337.jpg 600w, https:\/\/curva1.com.ar\/wp-content\/uploads\/2018\/05\/ea2-768x432.jpg 768w\" sizes=\"auto, (max-width: 1000px) 100vw, 1000px\" \/><\/p>\n<p>Lucas Vicino coron\u00f3 un fin de semana positivo en Potrero de los Funes. El piloto de Las Heras finaliz\u00f3 5\u00ba la segunda carrera de la F\u00f3rmula Renault 2.0 en el trazado sanluise\u00f1o y continua al frente del certamen.<\/p>\n<p>El fin de semana comenz\u00f3 muy complicado para el mendocino Lucas Vicino, ya que un golpe en los entrenamientos del viernes puso en duda su continuidad en la 4\u00b0 fecha del campeonato de la F\u00f3rmula Renault 2.0, en el imponente circuito semipermanente de Potrero de los Funes.<\/p>\n<p>Pero a medida que fueron pasando las horas y las distintas actividades en pista, el piloto de Las Heras se fue afianzando y as\u00ed logr\u00f3 los resultados necesarios para mantenerse como el \u00fanico puntero del campeonato.<\/p>\n<p>Tras el s\u00e9ptimo lugar en la final del s\u00e1bado, Vicino se aprest\u00f3 a largar desde el 11\u00ba caj\u00f3n en la carrera de este domingo con la unidad del LR Team, que le alist\u00f3 especialmente despu\u00e9s de mucho trabajo.<\/p>\n<p>Y mostrando un andar prolijo, pero con la firme intenci\u00f3n de ir para adelante, Lucas avanz\u00f3 varias posiciones para culminar en la quinta colocaci\u00f3n. Con esto, se mantiene en la cima de las posiciones con puntos, aunque ahora la diferencia con su escolta, Nicol\u00e1s Moscardini, es de 4 puntos y de 6 con el tercero, Exequiel Bastidas.<\/p>\n<p>Moscardini (Litoral Group) gan\u00f3 de punta a punta la carrera dominical y se coloca como escolta del campeonato. El podio lo completaron Esteban Fern\u00e1ndez (Croizet Racing) y Bastidas (Gabriel Werner Competici\u00f3n).<\/p>\n<p><strong>&#8220;La fecha me deja un balance bastante positivo por comenz\u00f3 todo y como lo pudimos terminar. En un momento pens\u00e9 que estaba todo perdido pero finalmente lo pudimos revertir. Vine con la intenci\u00f3n de mantener la punta del campeonato y por suerte pude lograr el objetivo. Habr\u00e1 que trabajar mucho porque est\u00e1 todo muy parejo&#8221;<\/strong>, afirm\u00f3 el piloto del LR Team.<\/p>\n<p>El pr\u00f3ximo compromiso de Vicino en esta categor\u00eda ser\u00e1 del 1 al 3 de junio, en el m\u00edtico aut\u00f3dromo de Rafaela.<\/p>\n<hr \/>\n<p style=\"text-align: center;\"><iframe loading=\"lazy\" style=\"border: none; overflow: hidden;\" src=\"https:\/\/www.facebook.com\/plugins\/video.php?href=https%3A%2F%2Fwww.facebook.com%2F979803235490121%2Fvideos%2F1235011499969292%2F&amp;show_text=0&amp;width=560\" width=\"560\" height=\"315\" frameborder=\"0\" scrolling=\"no\" allowfullscreen=\"allowfullscreen\"><\/iframe><\/p>\n<hr \/>\n<p><img loading=\"lazy\" decoding=\"async\" class=\"aligncenter size-full wp-image-25522\" src=\"http:\/\/www.curva1.com.ar\/wp-content\/uploads\/2018\/05\/DSC_9100.jpg\" alt=\"\" width=\"1000\" height=\"662\" srcset=\"https:\/\/curva1.com.ar\/wp-content\/uploads\/2018\/05\/DSC_9100.jpg 1000w, https:\/\/curva1.com.ar\/wp-content\/uploads\/2018\/05\/DSC_9100-509x337.jpg 509w, https:\/\/curva1.com.ar\/wp-content\/uploads\/2018\/05\/DSC_9100-768x508.jpg 768w\" sizes=\"auto, (max-width: 1000px) 100vw, 1000px\" \/> <img loading=\"lazy\" decoding=\"async\" class=\"aligncenter size-full wp-image-25523\" src=\"http:\/\/www.curva1.com.ar\/wp-content\/uploads\/2018\/05\/MRG_9883.jpg\" alt=\"\" width=\"1000\" height=\"686\" srcset=\"https:\/\/curva1.com.ar\/wp-content\/uploads\/2018\/05\/MRG_9883.jpg 1000w, https:\/\/curva1.com.ar\/wp-content\/uploads\/2018\/05\/MRG_9883-491x337.jpg 491w, https:\/\/curva1.com.ar\/wp-content\/uploads\/2018\/05\/MRG_9883-768x527.jpg 768w\" sizes=\"auto, (max-width: 1000px) 100vw, 1000px\" \/><\/p>\n","protected":false},"excerpt":{"rendered":"<p>Lucas Vicino coron\u00f3 un fin de semana positivo en Potrero de los Funes. El piloto<\/p>\n","protected":false},"author":1,"featured_media":25521,"comment_status":"closed","ping_status":"closed","sticky":false,"template":"","format":"standard","meta":{"footnotes":""},"categories":[6],"tags":[],"class_list":["post-25519","post","type-post","status-publish","format-standard","has-post-thumbnail","hentry","category-nacionales"],"featured_image_urls":{"full":["https:\/\/curva1.com.ar\/wp-content\/uploads\/2018\/05\/ea2.jpg",1000,563,false],"thumbnail":["https:\/\/curva1.com.ar\/wp-content\/uploads\/2018\/05\/ea2-300x169.jpg",300,169,true],"medium":["https:\/\/curva1.com.ar\/wp-content\/uploads\/2018\/05\/ea2-600x337.jpg",600,337,true],"medium_large":["https:\/\/curva1.com.ar\/wp-content\/uploads\/2018\/05\/ea2-768x432.jpg",640,360,true],"large":["https:\/\/curva1.com.ar\/wp-content\/uploads\/2018\/05\/ea2.jpg",640,360,false],"1536x1536":["https:\/\/curva1.com.ar\/wp-content\/uploads\/2018\/05\/ea2.jpg",1000,563,false],"2048x2048":["https:\/\/curva1.com.ar\/wp-content\/uploads\/2018\/05\/ea2.jpg",1000,563,false],"chromenews-featured":["https:\/\/curva1.com.ar\/wp-content\/uploads\/2018\/05\/ea2.jpg",1000,563,false],"chromenews-large":["https:\/\/curva1.com.ar\/wp-content\/uploads\/2018\/05\/ea2.jpg",825,464,false],"chromenews-medium":["https:\/\/curva1.com.ar\/wp-content\/uploads\/2018\/05\/ea2.jpg",590,332,false]},"author_info":{"display_name":"Jos\u00e9 Bravo","author_link":"https:\/\/curva1.com.ar\/?author=1"},"category_info":"<a href=\"https:\/\/curva1.com.ar\/?cat=6\" rel=\"category\">Nacionales<\/a>","tag_info":"Nacionales","comment_count":"0","_links":{"self":[{"href":"https:\/\/curva1.com.ar\/index.php?rest_route=\/wp\/v2\/posts\/25519","targetHints":{"allow":["GET"]}}],"collection":[{"href":"https:\/\/curva1.com.ar\/index.php?rest_route=\/wp\/v2\/posts"}],"about":[{"href":"https:\/\/curva1.com.ar\/index.php?rest_route=\/wp\/v2\/types\/post"}],"author":[{"embeddable":true,"href":"https:\/\/curva1.com.ar\/index.php?rest_route=\/wp\/v2\/users\/1"}],"replies":[{"embeddable":true,"href":"https:\/\/curva1.com.ar\/index.php?rest_route=%2Fwp%2Fv2%2Fcomments&post=25519"}],"version-history":[{"count":2,"href":"https:\/\/curva1.com.ar\/index.php?rest_route=\/wp\/v2\/posts\/25519\/revisions"}],"predecessor-version":[{"id":25524,"href":"https:\/\/curva1.com.ar\/index.php?rest_route=\/wp\/v2\/posts\/25519\/revisions\/25524"}],"wp:featuredmedia":[{"embeddable":true,"href":"https:\/\/curva1.com.ar\/index.php?rest_route=\/wp\/v2\/media\/25521"}],"wp:attachment":[{"href":"https:\/\/curva1.com.ar\/index.php?rest_route=%2Fwp%2Fv2%2Fmedia&parent=25519"}],"wp:term":[{"taxonomy":"category","embeddable":true,"href":"https:\/\/curva1.com.ar\/index.php?rest_route=%2Fwp%2Fv2%2Fcategories&post=25519"},{"taxonomy":"post_tag","embeddable":true,"href":"https:\/\/curva1.com.ar\/index.php?rest_route=%2Fwp%2Fv2%2Ftags&post=25519"}],"curies":[{"name":"wp","href":"https:\/\/api.w.org\/{rel}","templated":true}]}}