{"id":25555,"date":"2018-05-22T22:16:02","date_gmt":"2018-05-23T01:16:02","guid":{"rendered":"http:\/\/www.curva1.com.ar\/?p=25555"},"modified":"2018-05-22T22:52:29","modified_gmt":"2018-05-23T01:52:29","slug":"confirmada-la-creacion-de-la-master-para-pilotos-mayores-de-45-anos","status":"publish","type":"post","link":"https:\/\/curva1.com.ar\/?p=25555","title":{"rendered":"Confirmada la creaci\u00f3n de la M\u00e1ster, para pilotos mayores de 45 a\u00f1os"},"content":{"rendered":"<p><img loading=\"lazy\" decoding=\"async\" class=\"aligncenter size-full wp-image-25556\" src=\"http:\/\/www.curva1.com.ar\/wp-content\/uploads\/2018\/05\/IMG_20180522_003410.jpg\" alt=\"\" width=\"1280\" height=\"723\" srcset=\"https:\/\/curva1.com.ar\/wp-content\/uploads\/2018\/05\/IMG_20180522_003410.jpg 1280w, https:\/\/curva1.com.ar\/wp-content\/uploads\/2018\/05\/IMG_20180522_003410-300x169.jpg 300w, https:\/\/curva1.com.ar\/wp-content\/uploads\/2018\/05\/IMG_20180522_003410-597x337.jpg 597w, https:\/\/curva1.com.ar\/wp-content\/uploads\/2018\/05\/IMG_20180522_003410-768x434.jpg 768w, https:\/\/curva1.com.ar\/wp-content\/uploads\/2018\/05\/IMG_20180522_003410-1024x578.jpg 1024w\" sizes=\"auto, (max-width: 1280px) 100vw, 1280px\" \/><\/p>\n<p>Anoche en San Mart\u00edn se realiz\u00f3 una reuni\u00f3n para definir los par\u00e1metros para la nueva categor\u00eda <strong>Monomarca Guerrero 150 M\u00e1ster<\/strong>, orientada a pilotos de 45 a\u00f1os cumplidos en adelante.<\/p>\n<p>Se usar\u00eda un reglamento similar a la 150 &#8220;Avezados&#8221; y el peso ser\u00eda de 190 kilogramos. Motor Guerrero 150cc de 4 tiempos cajeros, que se sortean en cada carrera, asegurando una paridad entre los competidores.<\/p>\n<p>La &#8220;M\u00e1ster&#8221; ha generado mucho entusiasmo y estos ser\u00edan los posibles pilotos: <em>Silvio Imberti, Omar P\u00e9rez, Daniel Nodari, Fernando Valenti, Patricio Alvarez Storni, Sergio Segura, Pablo Juri, &#8220;Yayi&#8221; Malizia, Walter Tejada, Jorge Tom\u00e1s, Carlos Dean<\/em> y los hermanos <em>Benedetti<\/em> (ambos debutantes). Tambi\u00e9n est\u00e1n interesados <em>Carlos Pasqualotto, Fernando Berjely<\/em> y <em>Armando Gualerzi<\/em>, entre otros.<\/p>\n<p>Se trabajar\u00e1 para que la nueva divisional del <strong>Karting Mendocino<\/strong> debute oficialmente en la 3\u00ba fecha del 24 de Junio y as\u00ed continuar con el crecimiento del campeonato de kart m\u00e1s importante de Cuyo.<\/p>\n","protected":false},"excerpt":{"rendered":"<p>Anoche en San Mart\u00edn se realiz\u00f3 una reuni\u00f3n para definir los par\u00e1metros para la nueva<\/p>\n","protected":false},"author":1,"featured_media":25556,"comment_status":"closed","ping_status":"closed","sticky":false,"template":"","format":"standard","meta":{"footnotes":""},"categories":[4],"tags":[],"class_list":["post-25555","post","type-post","status-publish","format-standard","has-post-thumbnail","hentry","category-karting"],"featured_image_urls":{"full":["https:\/\/curva1.com.ar\/wp-content\/uploads\/2018\/05\/IMG_20180522_003410.jpg",1280,723,false],"thumbnail":["https:\/\/curva1.com.ar\/wp-content\/uploads\/2018\/05\/IMG_20180522_003410-300x169.jpg",300,169,true],"medium":["https:\/\/curva1.com.ar\/wp-content\/uploads\/2018\/05\/IMG_20180522_003410-597x337.jpg",597,337,true],"medium_large":["https:\/\/curva1.com.ar\/wp-content\/uploads\/2018\/05\/IMG_20180522_003410-768x434.jpg",640,362,true],"large":["https:\/\/curva1.com.ar\/wp-content\/uploads\/2018\/05\/IMG_20180522_003410-1024x578.jpg",640,361,true],"1536x1536":["https:\/\/curva1.com.ar\/wp-content\/uploads\/2018\/05\/IMG_20180522_003410.jpg",1280,723,false],"2048x2048":["https:\/\/curva1.com.ar\/wp-content\/uploads\/2018\/05\/IMG_20180522_003410.jpg",1280,723,false],"chromenews-featured":["https:\/\/curva1.com.ar\/wp-content\/uploads\/2018\/05\/IMG_20180522_003410.jpg",1024,578,false],"chromenews-large":["https:\/\/curva1.com.ar\/wp-content\/uploads\/2018\/05\/IMG_20180522_003410.jpg",825,466,false],"chromenews-medium":["https:\/\/curva1.com.ar\/wp-content\/uploads\/2018\/05\/IMG_20180522_003410.jpg",590,333,false]},"author_info":{"display_name":"Jos\u00e9 Bravo","author_link":"https:\/\/curva1.com.ar\/?author=1"},"category_info":"<a href=\"https:\/\/curva1.com.ar\/?cat=4\" rel=\"category\">Karting Asfalto<\/a>","tag_info":"Karting Asfalto","comment_count":"0","_links":{"self":[{"href":"https:\/\/curva1.com.ar\/index.php?rest_route=\/wp\/v2\/posts\/25555","targetHints":{"allow":["GET"]}}],"collection":[{"href":"https:\/\/curva1.com.ar\/index.php?rest_route=\/wp\/v2\/posts"}],"about":[{"href":"https:\/\/curva1.com.ar\/index.php?rest_route=\/wp\/v2\/types\/post"}],"author":[{"embeddable":true,"href":"https:\/\/curva1.com.ar\/index.php?rest_route=\/wp\/v2\/users\/1"}],"replies":[{"embeddable":true,"href":"https:\/\/curva1.com.ar\/index.php?rest_route=%2Fwp%2Fv2%2Fcomments&post=25555"}],"version-history":[{"count":3,"href":"https:\/\/curva1.com.ar\/index.php?rest_route=\/wp\/v2\/posts\/25555\/revisions"}],"predecessor-version":[{"id":25559,"href":"https:\/\/curva1.com.ar\/index.php?rest_route=\/wp\/v2\/posts\/25555\/revisions\/25559"}],"wp:featuredmedia":[{"embeddable":true,"href":"https:\/\/curva1.com.ar\/index.php?rest_route=\/wp\/v2\/media\/25556"}],"wp:attachment":[{"href":"https:\/\/curva1.com.ar\/index.php?rest_route=%2Fwp%2Fv2%2Fmedia&parent=25555"}],"wp:term":[{"taxonomy":"category","embeddable":true,"href":"https:\/\/curva1.com.ar\/index.php?rest_route=%2Fwp%2Fv2%2Fcategories&post=25555"},{"taxonomy":"post_tag","embeddable":true,"href":"https:\/\/curva1.com.ar\/index.php?rest_route=%2Fwp%2Fv2%2Ftags&post=25555"}],"curies":[{"name":"wp","href":"https:\/\/api.w.org\/{rel}","templated":true}]}}