{"id":25677,"date":"2018-06-01T12:09:52","date_gmt":"2018-06-01T15:09:52","guid":{"rendered":"http:\/\/www.curva1.com.ar\/?p=25677"},"modified":"2018-06-01T12:12:05","modified_gmt":"2018-06-01T15:12:05","slug":"se-confirmo-el-69o-gp-vendimia-para-el-23-y-24-de-junio","status":"publish","type":"post","link":"https:\/\/curva1.com.ar\/?p=25677","title":{"rendered":"Se confirm\u00f3 el 69\u00ba GP Vendimia para el 23 y 24 de Junio"},"content":{"rendered":"<p><img loading=\"lazy\" decoding=\"async\" class=\"aligncenter size-full wp-image-25679\" src=\"http:\/\/www.curva1.com.ar\/wp-content\/uploads\/2018\/06\/IMG_2838.jpg\" alt=\"\" width=\"960\" height=\"540\" srcset=\"https:\/\/curva1.com.ar\/wp-content\/uploads\/2018\/06\/IMG_2838.jpg 960w, https:\/\/curva1.com.ar\/wp-content\/uploads\/2018\/06\/IMG_2838-300x169.jpg 300w, https:\/\/curva1.com.ar\/wp-content\/uploads\/2018\/06\/IMG_2838-600x337.jpg 600w, https:\/\/curva1.com.ar\/wp-content\/uploads\/2018\/06\/IMG_2838-768x432.jpg 768w\" sizes=\"auto, (max-width: 960px) 100vw, 960px\" \/><\/p>\n<p>Finalmente y despu\u00e9s de un par de reuniones, el Autom\u00f3vil Club Mendoza confirma la realizaci\u00f3n del 69\u00ba Gran Premio Vendimia de Automovilismo para el 23 y 24 de junio en el Aut\u00f3dromo de San Mart\u00edn.<\/p>\n<p>Una gran novedad es que el TC Cuyano tendr\u00e1 &#8220;vuelta joker&#8221;.<\/p>\n<p>Aqu\u00ed el comunicado oficial del ACM.<\/p>\n<p><img loading=\"lazy\" decoding=\"async\" class=\"aligncenter size-full wp-image-25678\" src=\"http:\/\/www.curva1.com.ar\/wp-content\/uploads\/2018\/06\/WhatsApp-Image-2018-06-01-at-11.49.42.jpeg\" alt=\"\" width=\"799\" height=\"801\" srcset=\"https:\/\/curva1.com.ar\/wp-content\/uploads\/2018\/06\/WhatsApp-Image-2018-06-01-at-11.49.42.jpeg 799w, https:\/\/curva1.com.ar\/wp-content\/uploads\/2018\/06\/WhatsApp-Image-2018-06-01-at-11.49.42-336x337.jpeg 336w, https:\/\/curva1.com.ar\/wp-content\/uploads\/2018\/06\/WhatsApp-Image-2018-06-01-at-11.49.42-768x770.jpeg 768w, https:\/\/curva1.com.ar\/wp-content\/uploads\/2018\/06\/WhatsApp-Image-2018-06-01-at-11.49.42-160x160.jpeg 160w, https:\/\/curva1.com.ar\/wp-content\/uploads\/2018\/06\/WhatsApp-Image-2018-06-01-at-11.49.42-320x320.jpeg 320w\" sizes=\"auto, (max-width: 799px) 100vw, 799px\" \/><\/p>\n","protected":false},"excerpt":{"rendered":"<p>Finalmente y despu\u00e9s de un par de reuniones, el Autom\u00f3vil Club Mendoza confirma la realizaci\u00f3n<\/p>\n","protected":false},"author":1,"featured_media":25679,"comment_status":"closed","ping_status":"closed","sticky":false,"template":"","format":"standard","meta":{"footnotes":""},"categories":[6],"tags":[],"class_list":["post-25677","post","type-post","status-publish","format-standard","has-post-thumbnail","hentry","category-nacionales"],"featured_image_urls":{"full":["https:\/\/curva1.com.ar\/wp-content\/uploads\/2018\/06\/IMG_2838.jpg",960,540,false],"thumbnail":["https:\/\/curva1.com.ar\/wp-content\/uploads\/2018\/06\/IMG_2838-300x169.jpg",300,169,true],"medium":["https:\/\/curva1.com.ar\/wp-content\/uploads\/2018\/06\/IMG_2838-600x337.jpg",600,337,true],"medium_large":["https:\/\/curva1.com.ar\/wp-content\/uploads\/2018\/06\/IMG_2838-768x432.jpg",640,360,true],"large":["https:\/\/curva1.com.ar\/wp-content\/uploads\/2018\/06\/IMG_2838.jpg",640,360,false],"1536x1536":["https:\/\/curva1.com.ar\/wp-content\/uploads\/2018\/06\/IMG_2838.jpg",960,540,false],"2048x2048":["https:\/\/curva1.com.ar\/wp-content\/uploads\/2018\/06\/IMG_2838.jpg",960,540,false],"chromenews-featured":["https:\/\/curva1.com.ar\/wp-content\/uploads\/2018\/06\/IMG_2838.jpg",960,540,false],"chromenews-large":["https:\/\/curva1.com.ar\/wp-content\/uploads\/2018\/06\/IMG_2838.jpg",825,464,false],"chromenews-medium":["https:\/\/curva1.com.ar\/wp-content\/uploads\/2018\/06\/IMG_2838.jpg",590,332,false]},"author_info":{"display_name":"Jos\u00e9 Bravo","author_link":"https:\/\/curva1.com.ar\/?author=1"},"category_info":"<a href=\"https:\/\/curva1.com.ar\/?cat=6\" rel=\"category\">Nacionales<\/a>","tag_info":"Nacionales","comment_count":"0","_links":{"self":[{"href":"https:\/\/curva1.com.ar\/index.php?rest_route=\/wp\/v2\/posts\/25677","targetHints":{"allow":["GET"]}}],"collection":[{"href":"https:\/\/curva1.com.ar\/index.php?rest_route=\/wp\/v2\/posts"}],"about":[{"href":"https:\/\/curva1.com.ar\/index.php?rest_route=\/wp\/v2\/types\/post"}],"author":[{"embeddable":true,"href":"https:\/\/curva1.com.ar\/index.php?rest_route=\/wp\/v2\/users\/1"}],"replies":[{"embeddable":true,"href":"https:\/\/curva1.com.ar\/index.php?rest_route=%2Fwp%2Fv2%2Fcomments&post=25677"}],"version-history":[{"count":3,"href":"https:\/\/curva1.com.ar\/index.php?rest_route=\/wp\/v2\/posts\/25677\/revisions"}],"predecessor-version":[{"id":25682,"href":"https:\/\/curva1.com.ar\/index.php?rest_route=\/wp\/v2\/posts\/25677\/revisions\/25682"}],"wp:featuredmedia":[{"embeddable":true,"href":"https:\/\/curva1.com.ar\/index.php?rest_route=\/wp\/v2\/media\/25679"}],"wp:attachment":[{"href":"https:\/\/curva1.com.ar\/index.php?rest_route=%2Fwp%2Fv2%2Fmedia&parent=25677"}],"wp:term":[{"taxonomy":"category","embeddable":true,"href":"https:\/\/curva1.com.ar\/index.php?rest_route=%2Fwp%2Fv2%2Fcategories&post=25677"},{"taxonomy":"post_tag","embeddable":true,"href":"https:\/\/curva1.com.ar\/index.php?rest_route=%2Fwp%2Fv2%2Ftags&post=25677"}],"curies":[{"name":"wp","href":"https:\/\/api.w.org\/{rel}","templated":true}]}}