{"id":25694,"date":"2018-06-04T18:49:02","date_gmt":"2018-06-04T21:49:02","guid":{"rendered":"http:\/\/www.curva1.com.ar\/?p=25694"},"modified":"2018-06-04T18:49:02","modified_gmt":"2018-06-04T21:49:03","slug":"lucas-vicino-seguimos-en-la-pelea-por-el-campeonato-de-la-formula-2-0","status":"publish","type":"post","link":"https:\/\/curva1.com.ar\/?p=25694","title":{"rendered":"Lucas Vicino &#8220;seguimos en la pelea por el campeonato de la F\u00f3rmula 2.0&#8221;"},"content":{"rendered":"<p><img loading=\"lazy\" decoding=\"async\" class=\"aligncenter size-full wp-image-25695\" src=\"http:\/\/www.curva1.com.ar\/wp-content\/uploads\/2018\/06\/unnamed.jpg\" alt=\"\" width=\"1280\" height=\"720\" srcset=\"https:\/\/curva1.com.ar\/wp-content\/uploads\/2018\/06\/unnamed.jpg 1280w, https:\/\/curva1.com.ar\/wp-content\/uploads\/2018\/06\/unnamed-300x169.jpg 300w, https:\/\/curva1.com.ar\/wp-content\/uploads\/2018\/06\/unnamed-600x337.jpg 600w, https:\/\/curva1.com.ar\/wp-content\/uploads\/2018\/06\/unnamed-768x432.jpg 768w, https:\/\/curva1.com.ar\/wp-content\/uploads\/2018\/06\/unnamed-1024x576.jpg 1024w\" sizes=\"auto, (max-width: 1280px) 100vw, 1280px\" \/><\/p>\n<p><strong>El piloto de Las Heras finaliz\u00f3 7\u00ba en la segunda competencia del fin de semana de la F\u00f3rmula 2.0 Ahora marcha tercero en el campeonato.<\/strong><\/p>\n<p><strong>Lucas Vicino<\/strong>\u00a0tuvo un buena actuaci\u00f3n en la 5\u00aa fecha de la F\u00f3rmula 2.0, que se disput\u00f3 en el aut\u00f3dromo de Rafaela.<\/p>\n<p>El mendocino parti\u00f3 cuarto y en pocos metros busc\u00f3 avanzar, pero en una de las chicanas, se pas\u00f3 de largo y cay\u00f3 al 15\u00ba lugar. Desde ah\u00ed fue avanzando hasta que recibi\u00f3 la bandera a cuadros en el s\u00e9ptimo puesto, casi pegado al sexto Guido Moggia.<\/p>\n<p>Con este resultados, m\u00e1s el octavo lugar del s\u00e1bado, Vicino marcha ahora tercero en el campeonato con 162 puntos, detr\u00e1s de Exequiel Bastias y Nicol\u00e1s Moscardini.<\/p>\n<p>&#8220;<em>Lamentablemente no pude sumar todos los puntos que deseaba, pero seguimos en la pelea por el campeonato y eso es bueno. Ahora viene el receso y despu\u00e9s habr\u00e1 que ser contundentes para llegar con chances al final de la temporada<\/em>&#8220;, coment\u00f3 el piloto de LR Team.<\/p>\n<p>Moscardini, con el monoposto N\u00b010 del Litoral Group, se qued\u00f3 con la victoria en la carrera dominical. Detr\u00e1s del joven de La Plata culminaron Bastidas (Gabriel Werner Competeci\u00f3n) y Mateo Polakovich (Mart\u00ednez Competici\u00f3n).<\/p>\n<p>El pr\u00f3ximo compromiso de Vicino en la categor\u00eda escuela ser\u00e1 el 22 de julio en el aut\u00f3dromo El Zonda-Eduardo Copello, de San Juan.<\/p>\n","protected":false},"excerpt":{"rendered":"<p>El piloto de Las Heras finaliz\u00f3 7\u00ba en la segunda competencia del fin de semana<\/p>\n","protected":false},"author":1,"featured_media":25695,"comment_status":"closed","ping_status":"closed","sticky":false,"template":"","format":"standard","meta":{"footnotes":""},"categories":[6],"tags":[],"class_list":["post-25694","post","type-post","status-publish","format-standard","has-post-thumbnail","hentry","category-nacionales"],"featured_image_urls":{"full":["https:\/\/curva1.com.ar\/wp-content\/uploads\/2018\/06\/unnamed.jpg",1280,720,false],"thumbnail":["https:\/\/curva1.com.ar\/wp-content\/uploads\/2018\/06\/unnamed-300x169.jpg",300,169,true],"medium":["https:\/\/curva1.com.ar\/wp-content\/uploads\/2018\/06\/unnamed-600x337.jpg",600,337,true],"medium_large":["https:\/\/curva1.com.ar\/wp-content\/uploads\/2018\/06\/unnamed-768x432.jpg",640,360,true],"large":["https:\/\/curva1.com.ar\/wp-content\/uploads\/2018\/06\/unnamed-1024x576.jpg",640,360,true],"1536x1536":["https:\/\/curva1.com.ar\/wp-content\/uploads\/2018\/06\/unnamed.jpg",1280,720,false],"2048x2048":["https:\/\/curva1.com.ar\/wp-content\/uploads\/2018\/06\/unnamed.jpg",1280,720,false],"chromenews-featured":["https:\/\/curva1.com.ar\/wp-content\/uploads\/2018\/06\/unnamed.jpg",1024,576,false],"chromenews-large":["https:\/\/curva1.com.ar\/wp-content\/uploads\/2018\/06\/unnamed.jpg",825,464,false],"chromenews-medium":["https:\/\/curva1.com.ar\/wp-content\/uploads\/2018\/06\/unnamed.jpg",590,332,false]},"author_info":{"display_name":"Jos\u00e9 Bravo","author_link":"https:\/\/curva1.com.ar\/?author=1"},"category_info":"<a href=\"https:\/\/curva1.com.ar\/?cat=6\" rel=\"category\">Nacionales<\/a>","tag_info":"Nacionales","comment_count":"0","_links":{"self":[{"href":"https:\/\/curva1.com.ar\/index.php?rest_route=\/wp\/v2\/posts\/25694","targetHints":{"allow":["GET"]}}],"collection":[{"href":"https:\/\/curva1.com.ar\/index.php?rest_route=\/wp\/v2\/posts"}],"about":[{"href":"https:\/\/curva1.com.ar\/index.php?rest_route=\/wp\/v2\/types\/post"}],"author":[{"embeddable":true,"href":"https:\/\/curva1.com.ar\/index.php?rest_route=\/wp\/v2\/users\/1"}],"replies":[{"embeddable":true,"href":"https:\/\/curva1.com.ar\/index.php?rest_route=%2Fwp%2Fv2%2Fcomments&post=25694"}],"version-history":[{"count":1,"href":"https:\/\/curva1.com.ar\/index.php?rest_route=\/wp\/v2\/posts\/25694\/revisions"}],"predecessor-version":[{"id":25696,"href":"https:\/\/curva1.com.ar\/index.php?rest_route=\/wp\/v2\/posts\/25694\/revisions\/25696"}],"wp:featuredmedia":[{"embeddable":true,"href":"https:\/\/curva1.com.ar\/index.php?rest_route=\/wp\/v2\/media\/25695"}],"wp:attachment":[{"href":"https:\/\/curva1.com.ar\/index.php?rest_route=%2Fwp%2Fv2%2Fmedia&parent=25694"}],"wp:term":[{"taxonomy":"category","embeddable":true,"href":"https:\/\/curva1.com.ar\/index.php?rest_route=%2Fwp%2Fv2%2Fcategories&post=25694"},{"taxonomy":"post_tag","embeddable":true,"href":"https:\/\/curva1.com.ar\/index.php?rest_route=%2Fwp%2Fv2%2Ftags&post=25694"}],"curies":[{"name":"wp","href":"https:\/\/api.w.org\/{rel}","templated":true}]}}