{"id":25707,"date":"2018-06-04T20:13:30","date_gmt":"2018-06-04T23:13:30","guid":{"rendered":"http:\/\/www.curva1.com.ar\/?p=25707"},"modified":"2018-06-04T20:20:08","modified_gmt":"2018-06-04T23:20:08","slug":"cambios-en-el-calendario-de-fechas-del-karting-mendocino","status":"publish","type":"post","link":"https:\/\/curva1.com.ar\/?p=25707","title":{"rendered":"Cambios en el calendario de fechas del Karting Mendocino"},"content":{"rendered":"<figure id=\"attachment_25708\" aria-describedby=\"caption-attachment-25708\" style=\"width: 960px\" class=\"wp-caption aligncenter\"><img loading=\"lazy\" decoding=\"async\" class=\"size-full wp-image-25708\" src=\"http:\/\/www.curva1.com.ar\/wp-content\/uploads\/2018\/06\/IMG_7437.jpg\" alt=\"\" width=\"960\" height=\"540\" srcset=\"https:\/\/curva1.com.ar\/wp-content\/uploads\/2018\/06\/IMG_7437.jpg 960w, https:\/\/curva1.com.ar\/wp-content\/uploads\/2018\/06\/IMG_7437-300x169.jpg 300w, https:\/\/curva1.com.ar\/wp-content\/uploads\/2018\/06\/IMG_7437-600x337.jpg 600w, https:\/\/curva1.com.ar\/wp-content\/uploads\/2018\/06\/IMG_7437-768x432.jpg 768w\" sizes=\"auto, (max-width: 960px) 100vw, 960px\" \/><figcaption id=\"caption-attachment-25708\" class=\"wp-caption-text\">Foto: Jos\u00e9 Bravo<\/figcaption><\/figure>\n<p>Hace algunos d\u00edas se realizaron cambios en los calendarios de carreras de la Federaci\u00f3n Mendocina de Automovilismo, lo que afect\u00f3 al Karting Mendocino que ahora tendr\u00e1 la siguiente continuidad:<\/p>\n<p>3\u00ba Fecha\u00a0 &#8211; 8 de Julio<\/p>\n<div class=\"text_exposed_show\">\n<p>4\u00ba Fecha &#8211; 29 de Julio<\/p>\n<p>5\u00ba Fecha &#8211; 19 de Agosto<\/p>\n<p>Este cambio se origin\u00f3 luego de que el Zonal Cuyano decidiera correr el 23 y 24 de junio, fecha que en los calendarios le pertenec\u00eda al karting.<\/p>\n<\/div>\n","protected":false},"excerpt":{"rendered":"<p>Hace algunos d\u00edas se realizaron cambios en los calendarios de carreras de la Federaci\u00f3n Mendocina<\/p>\n","protected":false},"author":1,"featured_media":25708,"comment_status":"closed","ping_status":"closed","sticky":false,"template":"","format":"standard","meta":{"footnotes":""},"categories":[4],"tags":[],"class_list":["post-25707","post","type-post","status-publish","format-standard","has-post-thumbnail","hentry","category-karting"],"featured_image_urls":{"full":["https:\/\/curva1.com.ar\/wp-content\/uploads\/2018\/06\/IMG_7437.jpg",960,540,false],"thumbnail":["https:\/\/curva1.com.ar\/wp-content\/uploads\/2018\/06\/IMG_7437-300x169.jpg",300,169,true],"medium":["https:\/\/curva1.com.ar\/wp-content\/uploads\/2018\/06\/IMG_7437-600x337.jpg",600,337,true],"medium_large":["https:\/\/curva1.com.ar\/wp-content\/uploads\/2018\/06\/IMG_7437-768x432.jpg",640,360,true],"large":["https:\/\/curva1.com.ar\/wp-content\/uploads\/2018\/06\/IMG_7437.jpg",640,360,false],"1536x1536":["https:\/\/curva1.com.ar\/wp-content\/uploads\/2018\/06\/IMG_7437.jpg",960,540,false],"2048x2048":["https:\/\/curva1.com.ar\/wp-content\/uploads\/2018\/06\/IMG_7437.jpg",960,540,false],"chromenews-featured":["https:\/\/curva1.com.ar\/wp-content\/uploads\/2018\/06\/IMG_7437.jpg",960,540,false],"chromenews-large":["https:\/\/curva1.com.ar\/wp-content\/uploads\/2018\/06\/IMG_7437.jpg",825,464,false],"chromenews-medium":["https:\/\/curva1.com.ar\/wp-content\/uploads\/2018\/06\/IMG_7437.jpg",590,332,false]},"author_info":{"display_name":"Jos\u00e9 Bravo","author_link":"https:\/\/curva1.com.ar\/?author=1"},"category_info":"<a href=\"https:\/\/curva1.com.ar\/?cat=4\" rel=\"category\">Karting Asfalto<\/a>","tag_info":"Karting Asfalto","comment_count":"0","_links":{"self":[{"href":"https:\/\/curva1.com.ar\/index.php?rest_route=\/wp\/v2\/posts\/25707","targetHints":{"allow":["GET"]}}],"collection":[{"href":"https:\/\/curva1.com.ar\/index.php?rest_route=\/wp\/v2\/posts"}],"about":[{"href":"https:\/\/curva1.com.ar\/index.php?rest_route=\/wp\/v2\/types\/post"}],"author":[{"embeddable":true,"href":"https:\/\/curva1.com.ar\/index.php?rest_route=\/wp\/v2\/users\/1"}],"replies":[{"embeddable":true,"href":"https:\/\/curva1.com.ar\/index.php?rest_route=%2Fwp%2Fv2%2Fcomments&post=25707"}],"version-history":[{"count":4,"href":"https:\/\/curva1.com.ar\/index.php?rest_route=\/wp\/v2\/posts\/25707\/revisions"}],"predecessor-version":[{"id":25712,"href":"https:\/\/curva1.com.ar\/index.php?rest_route=\/wp\/v2\/posts\/25707\/revisions\/25712"}],"wp:featuredmedia":[{"embeddable":true,"href":"https:\/\/curva1.com.ar\/index.php?rest_route=\/wp\/v2\/media\/25708"}],"wp:attachment":[{"href":"https:\/\/curva1.com.ar\/index.php?rest_route=%2Fwp%2Fv2%2Fmedia&parent=25707"}],"wp:term":[{"taxonomy":"category","embeddable":true,"href":"https:\/\/curva1.com.ar\/index.php?rest_route=%2Fwp%2Fv2%2Fcategories&post=25707"},{"taxonomy":"post_tag","embeddable":true,"href":"https:\/\/curva1.com.ar\/index.php?rest_route=%2Fwp%2Fv2%2Ftags&post=25707"}],"curies":[{"name":"wp","href":"https:\/\/api.w.org\/{rel}","templated":true}]}}