{"id":25725,"date":"2018-06-14T12:29:58","date_gmt":"2018-06-14T15:29:58","guid":{"rendered":"http:\/\/www.curva1.com.ar\/?p=25725"},"modified":"2018-06-14T12:29:58","modified_gmt":"2018-06-14T15:29:58","slug":"primera-victoria-de-jorge-vitar-en-el-tc2000-para-prenderse-en-la-tabla","status":"publish","type":"post","link":"https:\/\/curva1.com.ar\/?p=25725","title":{"rendered":"Primera victoria de Jorge Vitar en el TC2000, para prenderse en la tabla"},"content":{"rendered":"<p><img loading=\"lazy\" decoding=\"async\" class=\"aligncenter size-full wp-image-25726\" src=\"http:\/\/www.curva1.com.ar\/wp-content\/uploads\/2018\/06\/DSC_2558.jpg\" alt=\"\" width=\"1280\" height=\"848\" srcset=\"https:\/\/curva1.com.ar\/wp-content\/uploads\/2018\/06\/DSC_2558.jpg 1280w, https:\/\/curva1.com.ar\/wp-content\/uploads\/2018\/06\/DSC_2558-509x337.jpg 509w, https:\/\/curva1.com.ar\/wp-content\/uploads\/2018\/06\/DSC_2558-768x509.jpg 768w, https:\/\/curva1.com.ar\/wp-content\/uploads\/2018\/06\/DSC_2558-1024x678.jpg 1024w\" sizes=\"auto, (max-width: 1280px) 100vw, 1280px\" \/><\/p>\n<p>Jorge Vitar tuvo su bautismo de gloria en el TC2000 al ganar por primera vez en la categor\u00eda con mayor crecimiento de los \u00faltimos tiempos.<\/p>\n<p>El mendocino clasific\u00f3 catorce y, por la grilla invertida, larg\u00f3 adelante la carrera Sprint del s\u00e1bado. Se mantuvo la mayor parte de la competencia, hasta que en un momento Nicol\u00e1s Dapero lo super\u00f3, pero solo por un par de curvas, ya que el bonaerense se despist\u00f3 levemente y Vitar tom\u00f3 la punta nuevamente para no dejarla hasta la bandera cuadriculada.<\/p>\n<hr \/>\n<p style=\"text-align: center;\"><iframe loading=\"lazy\" style=\"border: none; overflow: hidden;\" src=\"https:\/\/www.facebook.com\/plugins\/video.php?href=https%3A%2F%2Fwww.facebook.com%2FProRacingOficial%2Fvideos%2F2459949930712544%2F&amp;show_text=0&amp;width=560\" width=\"560\" height=\"315\" frameborder=\"0\" scrolling=\"no\" allowfullscreen=\"allowfullscreen\"><\/iframe><\/p>\n<hr \/>\n<p>En la carrera final del domingo, Jorge Vitar parti\u00f3 desde la posici\u00f3n catorce y avanz\u00f3 hasta el 7\u00ba lugar con su Chevrolet Cruze que le entrega el equipo Pro Racing. Gan\u00f3 Marcelo Ciarrochi.<\/p>\n<p>Con estos resultados, Vitar marcha s\u00e9ptimo en un campeonato de TC2000 muy apretado, donde solo Ciarrochi ha logrado desprenderse algunos puntos.<\/p>\n<p>La pr\u00f3xima competencia ser\u00e1 en Buenos Aires, el fin de semana del 1 de julio.<\/p>\n<hr \/>\n<p style=\"text-align: center;\"><iframe loading=\"lazy\" style=\"border: none; overflow: hidden;\" src=\"https:\/\/www.facebook.com\/plugins\/video.php?href=https%3A%2F%2Fwww.facebook.com%2Fprensajorgevitar%2Fvideos%2F2534477026777487%2F&amp;show_text=0&amp;width=560\" width=\"560\" height=\"315\" frameborder=\"0\" scrolling=\"no\" allowfullscreen=\"allowfullscreen\"><\/iframe><\/p>\n<hr \/>\n<p style=\"text-align: center;\"><img loading=\"lazy\" decoding=\"async\" class=\"aligncenter size-full wp-image-25727\" src=\"http:\/\/www.curva1.com.ar\/wp-content\/uploads\/2018\/06\/DSC_2304.jpg\" alt=\"\" width=\"1280\" height=\"851\" srcset=\"https:\/\/curva1.com.ar\/wp-content\/uploads\/2018\/06\/DSC_2304.jpg 1280w, https:\/\/curva1.com.ar\/wp-content\/uploads\/2018\/06\/DSC_2304-507x337.jpg 507w, https:\/\/curva1.com.ar\/wp-content\/uploads\/2018\/06\/DSC_2304-768x511.jpg 768w, https:\/\/curva1.com.ar\/wp-content\/uploads\/2018\/06\/DSC_2304-1024x681.jpg 1024w\" sizes=\"auto, (max-width: 1280px) 100vw, 1280px\" \/> <img loading=\"lazy\" decoding=\"async\" class=\"aligncenter size-full wp-image-25728\" src=\"http:\/\/www.curva1.com.ar\/wp-content\/uploads\/2018\/06\/F29_8632.jpg\" alt=\"\" width=\"1280\" height=\"850\" srcset=\"https:\/\/curva1.com.ar\/wp-content\/uploads\/2018\/06\/F29_8632.jpg 1280w, https:\/\/curva1.com.ar\/wp-content\/uploads\/2018\/06\/F29_8632-507x337.jpg 507w, https:\/\/curva1.com.ar\/wp-content\/uploads\/2018\/06\/F29_8632-768x510.jpg 768w, https:\/\/curva1.com.ar\/wp-content\/uploads\/2018\/06\/F29_8632-1024x680.jpg 1024w\" sizes=\"auto, (max-width: 1280px) 100vw, 1280px\" \/> <img loading=\"lazy\" decoding=\"async\" class=\"aligncenter size-full wp-image-25729\" src=\"http:\/\/www.curva1.com.ar\/wp-content\/uploads\/2018\/06\/F29_8649.jpg\" alt=\"\" width=\"1280\" height=\"850\" srcset=\"https:\/\/curva1.com.ar\/wp-content\/uploads\/2018\/06\/F29_8649.jpg 1280w, https:\/\/curva1.com.ar\/wp-content\/uploads\/2018\/06\/F29_8649-507x337.jpg 507w, https:\/\/curva1.com.ar\/wp-content\/uploads\/2018\/06\/F29_8649-768x510.jpg 768w, https:\/\/curva1.com.ar\/wp-content\/uploads\/2018\/06\/F29_8649-1024x680.jpg 1024w\" sizes=\"auto, (max-width: 1280px) 100vw, 1280px\" \/><\/p>\n","protected":false},"excerpt":{"rendered":"<p>Jorge Vitar tuvo su bautismo de gloria en el TC2000 al ganar por primera vez<\/p>\n","protected":false},"author":1,"featured_media":25726,"comment_status":"closed","ping_status":"closed","sticky":false,"template":"","format":"standard","meta":{"footnotes":""},"categories":[6],"tags":[],"class_list":["post-25725","post","type-post","status-publish","format-standard","has-post-thumbnail","hentry","category-nacionales"],"featured_image_urls":{"full":["https:\/\/curva1.com.ar\/wp-content\/uploads\/2018\/06\/DSC_2558.jpg",1280,848,false],"thumbnail":["https:\/\/curva1.com.ar\/wp-content\/uploads\/2018\/06\/DSC_2558-300x169.jpg",300,169,true],"medium":["https:\/\/curva1.com.ar\/wp-content\/uploads\/2018\/06\/DSC_2558-509x337.jpg",509,337,true],"medium_large":["https:\/\/curva1.com.ar\/wp-content\/uploads\/2018\/06\/DSC_2558-768x509.jpg",640,424,true],"large":["https:\/\/curva1.com.ar\/wp-content\/uploads\/2018\/06\/DSC_2558-1024x678.jpg",640,424,true],"1536x1536":["https:\/\/curva1.com.ar\/wp-content\/uploads\/2018\/06\/DSC_2558.jpg",1280,848,false],"2048x2048":["https:\/\/curva1.com.ar\/wp-content\/uploads\/2018\/06\/DSC_2558.jpg",1280,848,false],"chromenews-featured":["https:\/\/curva1.com.ar\/wp-content\/uploads\/2018\/06\/DSC_2558.jpg",1024,678,false],"chromenews-large":["https:\/\/curva1.com.ar\/wp-content\/uploads\/2018\/06\/DSC_2558.jpg",825,547,false],"chromenews-medium":["https:\/\/curva1.com.ar\/wp-content\/uploads\/2018\/06\/DSC_2558.jpg",590,391,false]},"author_info":{"display_name":"Jos\u00e9 Bravo","author_link":"https:\/\/curva1.com.ar\/?author=1"},"category_info":"<a href=\"https:\/\/curva1.com.ar\/?cat=6\" rel=\"category\">Nacionales<\/a>","tag_info":"Nacionales","comment_count":"0","_links":{"self":[{"href":"https:\/\/curva1.com.ar\/index.php?rest_route=\/wp\/v2\/posts\/25725","targetHints":{"allow":["GET"]}}],"collection":[{"href":"https:\/\/curva1.com.ar\/index.php?rest_route=\/wp\/v2\/posts"}],"about":[{"href":"https:\/\/curva1.com.ar\/index.php?rest_route=\/wp\/v2\/types\/post"}],"author":[{"embeddable":true,"href":"https:\/\/curva1.com.ar\/index.php?rest_route=\/wp\/v2\/users\/1"}],"replies":[{"embeddable":true,"href":"https:\/\/curva1.com.ar\/index.php?rest_route=%2Fwp%2Fv2%2Fcomments&post=25725"}],"version-history":[{"count":1,"href":"https:\/\/curva1.com.ar\/index.php?rest_route=\/wp\/v2\/posts\/25725\/revisions"}],"predecessor-version":[{"id":25730,"href":"https:\/\/curva1.com.ar\/index.php?rest_route=\/wp\/v2\/posts\/25725\/revisions\/25730"}],"wp:featuredmedia":[{"embeddable":true,"href":"https:\/\/curva1.com.ar\/index.php?rest_route=\/wp\/v2\/media\/25726"}],"wp:attachment":[{"href":"https:\/\/curva1.com.ar\/index.php?rest_route=%2Fwp%2Fv2%2Fmedia&parent=25725"}],"wp:term":[{"taxonomy":"category","embeddable":true,"href":"https:\/\/curva1.com.ar\/index.php?rest_route=%2Fwp%2Fv2%2Fcategories&post=25725"},{"taxonomy":"post_tag","embeddable":true,"href":"https:\/\/curva1.com.ar\/index.php?rest_route=%2Fwp%2Fv2%2Ftags&post=25725"}],"curies":[{"name":"wp","href":"https:\/\/api.w.org\/{rel}","templated":true}]}}