{"id":25756,"date":"2018-06-20T12:49:50","date_gmt":"2018-06-20T15:49:50","guid":{"rendered":"http:\/\/www.curva1.com.ar\/?p=25756"},"modified":"2018-06-20T13:09:28","modified_gmt":"2018-06-20T16:09:28","slug":"santibanez-llega-confiado-a-la-fecha-del-santafecino-en-rafaela","status":"publish","type":"post","link":"https:\/\/curva1.com.ar\/?p=25756","title":{"rendered":"Santib\u00e1\u00f1ez llega confiado a la fecha del santafecino en Rafaela"},"content":{"rendered":"<p><img loading=\"lazy\" decoding=\"async\" class=\"aligncenter size-full wp-image-25758\" src=\"http:\/\/www.curva1.com.ar\/wp-content\/uploads\/2018\/06\/Gustavo-Santib\u00e1\u00f1ez-1.jpg\" alt=\"\" width=\"3456\" height=\"1752\" srcset=\"https:\/\/curva1.com.ar\/wp-content\/uploads\/2018\/06\/Gustavo-Santib\u00e1\u00f1ez-1.jpg 3456w, https:\/\/curva1.com.ar\/wp-content\/uploads\/2018\/06\/Gustavo-Santib\u00e1\u00f1ez-1-600x304.jpg 600w, https:\/\/curva1.com.ar\/wp-content\/uploads\/2018\/06\/Gustavo-Santib\u00e1\u00f1ez-1-768x389.jpg 768w, https:\/\/curva1.com.ar\/wp-content\/uploads\/2018\/06\/Gustavo-Santib\u00e1\u00f1ez-1-1024x519.jpg 1024w\" sizes=\"auto, (max-width: 3456px) 100vw, 3456px\" \/><\/p>\n<p>Gustavo Santib\u00e1\u00f1ez se prepar\u00f3 de la mejor forma de cara a la cuarta carrera del a\u00f1o Rafaela recibir\u00e1 al TS1800 Santafesino, donde Gustavo Santib\u00e1\u00f1ez quiere volver a ser protagonista y poder buscar un triunfo que lo considere como candidato al campeonato. El mendocino sabe que tiene un gran potencial y tratar\u00e1 de capitalizarlo en el cuarto compromiso<br \/>\ndel a\u00f1o.<\/p>\n<p>Su 206 est\u00e1 cada vez m\u00e1s cerca de la victoria, pero no se trata de una categor\u00eda f\u00e1cil y eso Santib\u00e1\u00f1ez lo sabe. En el taller se realiz\u00f3 el trabajo necesario para seguir en el mejor nivel, y hubo focalizaci\u00f3n en frenos y amortiguadores que provee el SRS Group con Mat\u00edas Fern\u00e1ndez, y el apoyo en pista de Carlos Cont\u00edn y Fernando Rojas. El motor de Esteban Pou ya est\u00e1 preparado, al igual que el de repuesto para utilizar el viernes en ensayos no oficiales.<\/p>\n<p><strong>\u201cHemos hecho mantenimiento a los frenos, para repasarlos y colocamos un motor de pruebas de Esteban Pou para ir a los ensayos comunitarios del viernes. Tengo todo armado y el 206 est\u00e1 repasado de punta a punta. Yo entren\u00e9 f\u00edsicamente muy bien, he bajado dos kilos f\u00e1cil, y tenemos un auto liviano respecto de otros pilotos de punta. Nuestras expectativas son buenas y esperemos tener un buen fin de semana\u201d,<\/strong> detall\u00f3 Gustavo.<\/p>\n<p>El viernes habr\u00e1 pruebas comunitarias, pero la actividad oficial comenzar\u00e1 el s\u00e1bado con\u00a0entrenamientos (8.55 a 9.40 y 11.05 a 11.30) y pruebas de clasificaci\u00f3n (13.15 a 13.40 y 15.25\u00a0a 15.30). El domingo se realizar\u00e1n las series por la ma\u00f1ana, mientras que la final ser\u00e1 a las\u00a014.25.<\/p>\n","protected":false},"excerpt":{"rendered":"<p>Gustavo Santib\u00e1\u00f1ez se prepar\u00f3 de la mejor forma de cara a la cuarta carrera del<\/p>\n","protected":false},"author":1,"featured_media":25758,"comment_status":"closed","ping_status":"closed","sticky":false,"template":"","format":"standard","meta":{"footnotes":""},"categories":[6],"tags":[],"class_list":["post-25756","post","type-post","status-publish","format-standard","has-post-thumbnail","hentry","category-nacionales"],"featured_image_urls":{"full":["https:\/\/curva1.com.ar\/wp-content\/uploads\/2018\/06\/Gustavo-Santib\u00e1\u00f1ez-1.jpg",3456,1752,false],"thumbnail":["https:\/\/curva1.com.ar\/wp-content\/uploads\/2018\/06\/Gustavo-Santib\u00e1\u00f1ez-1-300x169.jpg",300,169,true],"medium":["https:\/\/curva1.com.ar\/wp-content\/uploads\/2018\/06\/Gustavo-Santib\u00e1\u00f1ez-1-600x304.jpg",600,304,true],"medium_large":["https:\/\/curva1.com.ar\/wp-content\/uploads\/2018\/06\/Gustavo-Santib\u00e1\u00f1ez-1-768x389.jpg",640,324,true],"large":["https:\/\/curva1.com.ar\/wp-content\/uploads\/2018\/06\/Gustavo-Santib\u00e1\u00f1ez-1-1024x519.jpg",640,324,true],"1536x1536":["https:\/\/curva1.com.ar\/wp-content\/uploads\/2018\/06\/Gustavo-Santib\u00e1\u00f1ez-1.jpg",1536,779,false],"2048x2048":["https:\/\/curva1.com.ar\/wp-content\/uploads\/2018\/06\/Gustavo-Santib\u00e1\u00f1ez-1.jpg",2048,1038,false],"chromenews-featured":["https:\/\/curva1.com.ar\/wp-content\/uploads\/2018\/06\/Gustavo-Santib\u00e1\u00f1ez-1.jpg",1024,519,false],"chromenews-large":["https:\/\/curva1.com.ar\/wp-content\/uploads\/2018\/06\/Gustavo-Santib\u00e1\u00f1ez-1.jpg",825,418,false],"chromenews-medium":["https:\/\/curva1.com.ar\/wp-content\/uploads\/2018\/06\/Gustavo-Santib\u00e1\u00f1ez-1.jpg",590,299,false]},"author_info":{"display_name":"Jos\u00e9 Bravo","author_link":"https:\/\/curva1.com.ar\/?author=1"},"category_info":"<a href=\"https:\/\/curva1.com.ar\/?cat=6\" rel=\"category\">Nacionales<\/a>","tag_info":"Nacionales","comment_count":"0","_links":{"self":[{"href":"https:\/\/curva1.com.ar\/index.php?rest_route=\/wp\/v2\/posts\/25756","targetHints":{"allow":["GET"]}}],"collection":[{"href":"https:\/\/curva1.com.ar\/index.php?rest_route=\/wp\/v2\/posts"}],"about":[{"href":"https:\/\/curva1.com.ar\/index.php?rest_route=\/wp\/v2\/types\/post"}],"author":[{"embeddable":true,"href":"https:\/\/curva1.com.ar\/index.php?rest_route=\/wp\/v2\/users\/1"}],"replies":[{"embeddable":true,"href":"https:\/\/curva1.com.ar\/index.php?rest_route=%2Fwp%2Fv2%2Fcomments&post=25756"}],"version-history":[{"count":2,"href":"https:\/\/curva1.com.ar\/index.php?rest_route=\/wp\/v2\/posts\/25756\/revisions"}],"predecessor-version":[{"id":25759,"href":"https:\/\/curva1.com.ar\/index.php?rest_route=\/wp\/v2\/posts\/25756\/revisions\/25759"}],"wp:featuredmedia":[{"embeddable":true,"href":"https:\/\/curva1.com.ar\/index.php?rest_route=\/wp\/v2\/media\/25758"}],"wp:attachment":[{"href":"https:\/\/curva1.com.ar\/index.php?rest_route=%2Fwp%2Fv2%2Fmedia&parent=25756"}],"wp:term":[{"taxonomy":"category","embeddable":true,"href":"https:\/\/curva1.com.ar\/index.php?rest_route=%2Fwp%2Fv2%2Fcategories&post=25756"},{"taxonomy":"post_tag","embeddable":true,"href":"https:\/\/curva1.com.ar\/index.php?rest_route=%2Fwp%2Fv2%2Ftags&post=25756"}],"curies":[{"name":"wp","href":"https:\/\/api.w.org\/{rel}","templated":true}]}}