{"id":25786,"date":"2018-07-10T19:00:57","date_gmt":"2018-07-10T22:00:57","guid":{"rendered":"http:\/\/www.curva1.com.ar\/?p=25786"},"modified":"2018-07-10T19:03:09","modified_gmt":"2018-07-10T22:03:09","slug":"novedades-y-pruebas-en-la-previa-de-la-3o-fecha-del-karting","status":"publish","type":"post","link":"https:\/\/curva1.com.ar\/?p=25786","title":{"rendered":"Novedades y pruebas en la previa de la 3\u00ba fecha del Karting"},"content":{"rendered":"<p><img loading=\"lazy\" decoding=\"async\" class=\"aligncenter size-full wp-image-82150\" src=\"http:\/\/curva1kart.com.ar\/noticias\/wp-content\/uploads\/2018\/07\/IMG_7486.jpg\" alt=\"\" width=\"960\" height=\"540\" \/><\/p>\n<p>Luego de casi un mes y medio, el Karting Mendocino volver\u00e1 a acelerar sus m\u00e1quinas este domingo 15 de Julio en la pista ubicada dentro del Aut\u00f3dromo Ciudad de San Mart\u00edn.<\/p>\n<h3><span style=\"color: #ff0000;\">NUEVO LIDER<\/span><\/h3>\n<p>Una de las novedades principales es que se confirm\u00f3 la exclusi\u00f3n por t\u00e9cnica de Mauro Tejada (categor\u00eda Infantil), situaci\u00f3n que se conoc\u00eda pero que Federaci\u00f3n tard\u00f3 en informar. Por tanto, el ganador de la segunda fecha fue Lautaro Umana (nuevo l\u00edder del certamen), seguido por el sanjuanino Efra\u00edn Castro y Juan Bautista Fracchia.<\/p>\n<h3><img loading=\"lazy\" decoding=\"async\" class=\"aligncenter size-full wp-image-82151\" src=\"http:\/\/curva1kart.com.ar\/noticias\/wp-content\/uploads\/2018\/07\/cdaeats.jpg\" alt=\"\" width=\"600\" height=\"307\" \/>\u00a0<span style=\"color: #ff0000;\">PRUEBAS<\/span><\/h3>\n<p>Desde el s\u00e1bado y hasta el lunes feriado, distintos pilotos estuvieron realizando pruebas, con miras a la tercera competencia del a\u00f1o que se realizar\u00e1 este domingo 15 de Julio en San Mart\u00edn.<\/p>\n<p><img loading=\"lazy\" decoding=\"async\" class=\"aligncenter size-full wp-image-82154\" src=\"http:\/\/curva1kart.com.ar\/noticias\/wp-content\/uploads\/2018\/07\/IMG_20180707_160802.jpg\" alt=\"\" width=\"960\" height=\"542\" \/> <img loading=\"lazy\" decoding=\"async\" class=\"aligncenter size-full wp-image-82155\" src=\"http:\/\/curva1kart.com.ar\/noticias\/wp-content\/uploads\/2018\/07\/IMG_20180707_163001.jpg\" alt=\"\" width=\"960\" height=\"542\" \/><\/p>\n<p>&nbsp;<\/p>\n<h3 style=\"text-align: left;\"><span style=\"color: #ff0000;\">AFICHE PROMOCIONAL<\/span><\/h3>\n<hr \/>\n<p><img loading=\"lazy\" decoding=\"async\" class=\"aligncenter size-full wp-image-82149\" src=\"http:\/\/curva1kart.com.ar\/noticias\/wp-content\/uploads\/2018\/07\/3k2_o.jpg\" alt=\"\" width=\"960\" height=\"640\" \/><\/p>\n","protected":false},"excerpt":{"rendered":"<p>Luego de casi un mes y medio, el Karting Mendocino volver\u00e1 a acelerar sus m\u00e1quinas<\/p>\n","protected":false},"author":1,"featured_media":25787,"comment_status":"closed","ping_status":"closed","sticky":false,"template":"","format":"standard","meta":{"footnotes":""},"categories":[4],"tags":[],"class_list":["post-25786","post","type-post","status-publish","format-standard","has-post-thumbnail","hentry","category-karting"],"featured_image_urls":{"full":["https:\/\/curva1.com.ar\/wp-content\/uploads\/2018\/07\/IMG_20180707_160802.jpg",960,542,false],"thumbnail":["https:\/\/curva1.com.ar\/wp-content\/uploads\/2018\/07\/IMG_20180707_160802-300x169.jpg",300,169,true],"medium":["https:\/\/curva1.com.ar\/wp-content\/uploads\/2018\/07\/IMG_20180707_160802-597x337.jpg",597,337,true],"medium_large":["https:\/\/curva1.com.ar\/wp-content\/uploads\/2018\/07\/IMG_20180707_160802-768x434.jpg",640,362,true],"large":["https:\/\/curva1.com.ar\/wp-content\/uploads\/2018\/07\/IMG_20180707_160802.jpg",640,361,false],"1536x1536":["https:\/\/curva1.com.ar\/wp-content\/uploads\/2018\/07\/IMG_20180707_160802.jpg",960,542,false],"2048x2048":["https:\/\/curva1.com.ar\/wp-content\/uploads\/2018\/07\/IMG_20180707_160802.jpg",960,542,false],"chromenews-featured":["https:\/\/curva1.com.ar\/wp-content\/uploads\/2018\/07\/IMG_20180707_160802.jpg",960,542,false],"chromenews-large":["https:\/\/curva1.com.ar\/wp-content\/uploads\/2018\/07\/IMG_20180707_160802.jpg",825,466,false],"chromenews-medium":["https:\/\/curva1.com.ar\/wp-content\/uploads\/2018\/07\/IMG_20180707_160802.jpg",590,333,false]},"author_info":{"display_name":"Jos\u00e9 Bravo","author_link":"https:\/\/curva1.com.ar\/?author=1"},"category_info":"<a href=\"https:\/\/curva1.com.ar\/?cat=4\" rel=\"category\">Karting Asfalto<\/a>","tag_info":"Karting Asfalto","comment_count":"0","_links":{"self":[{"href":"https:\/\/curva1.com.ar\/index.php?rest_route=\/wp\/v2\/posts\/25786","targetHints":{"allow":["GET"]}}],"collection":[{"href":"https:\/\/curva1.com.ar\/index.php?rest_route=\/wp\/v2\/posts"}],"about":[{"href":"https:\/\/curva1.com.ar\/index.php?rest_route=\/wp\/v2\/types\/post"}],"author":[{"embeddable":true,"href":"https:\/\/curva1.com.ar\/index.php?rest_route=\/wp\/v2\/users\/1"}],"replies":[{"embeddable":true,"href":"https:\/\/curva1.com.ar\/index.php?rest_route=%2Fwp%2Fv2%2Fcomments&post=25786"}],"version-history":[{"count":1,"href":"https:\/\/curva1.com.ar\/index.php?rest_route=\/wp\/v2\/posts\/25786\/revisions"}],"predecessor-version":[{"id":25788,"href":"https:\/\/curva1.com.ar\/index.php?rest_route=\/wp\/v2\/posts\/25786\/revisions\/25788"}],"wp:featuredmedia":[{"embeddable":true,"href":"https:\/\/curva1.com.ar\/index.php?rest_route=\/wp\/v2\/media\/25787"}],"wp:attachment":[{"href":"https:\/\/curva1.com.ar\/index.php?rest_route=%2Fwp%2Fv2%2Fmedia&parent=25786"}],"wp:term":[{"taxonomy":"category","embeddable":true,"href":"https:\/\/curva1.com.ar\/index.php?rest_route=%2Fwp%2Fv2%2Fcategories&post=25786"},{"taxonomy":"post_tag","embeddable":true,"href":"https:\/\/curva1.com.ar\/index.php?rest_route=%2Fwp%2Fv2%2Ftags&post=25786"}],"curies":[{"name":"wp","href":"https:\/\/api.w.org\/{rel}","templated":true}]}}