{"id":25794,"date":"2018-07-11T14:26:20","date_gmt":"2018-07-11T17:26:20","guid":{"rendered":"http:\/\/www.curva1.com.ar\/?p=25794"},"modified":"2018-07-11T16:52:07","modified_gmt":"2018-07-11T19:52:07","slug":"nunez-secchi-martinez-y-paladini-lideran-las-tablas-del-zonal","status":"publish","type":"post","link":"https:\/\/curva1.com.ar\/?p=25794","title":{"rendered":"Nu\u00f1ez, Secchi, Mart\u00ednez y Paladini lideran las tablas del Zonal"},"content":{"rendered":"<figure id=\"attachment_25799\" aria-describedby=\"caption-attachment-25799\" style=\"width: 960px\" class=\"wp-caption aligncenter\"><img loading=\"lazy\" decoding=\"async\" class=\"size-full wp-image-25799\" src=\"http:\/\/www.curva1.com.ar\/wp-content\/uploads\/2018\/07\/IMG_0938.jpg\" alt=\"\" width=\"960\" height=\"540\" srcset=\"https:\/\/curva1.com.ar\/wp-content\/uploads\/2018\/07\/IMG_0938.jpg 960w, https:\/\/curva1.com.ar\/wp-content\/uploads\/2018\/07\/IMG_0938-300x169.jpg 300w, https:\/\/curva1.com.ar\/wp-content\/uploads\/2018\/07\/IMG_0938-600x337.jpg 600w, https:\/\/curva1.com.ar\/wp-content\/uploads\/2018\/07\/IMG_0938-768x432.jpg 768w\" sizes=\"auto, (max-width: 960px) 100vw, 960px\" \/><figcaption id=\"caption-attachment-25799\" class=\"wp-caption-text\">JAVITO N\u00da\u00d1EZ MANDA EN SOLEDAD EN LA CLASE 2<\/figcaption><\/figure>\n<p>Luego del GP Vendimia 2018, te mostramos como marchan los campeonatos de las cuatro categor\u00edas que integran el Zonal Cuyano de Automovilismo.<\/p>\n<p>Los actuales l\u00edderes est\u00e1n distribu\u00eddos por la provincia de Mendoza:\u00a0Javito N\u00fa\u00f1ez (Rivadavia), Fernando Secchi (Luj\u00e1n), Pablo Paladini (Guaymall\u00e9n) y Maxi Mart\u00ednez (Tunuy\u00e1n).<\/p>\n<p><img loading=\"lazy\" decoding=\"async\" class=\"aligncenter size-full wp-image-25795\" src=\"http:\/\/www.curva1.com.ar\/wp-content\/uploads\/2018\/07\/c2.jpg\" alt=\"\" width=\"582\" height=\"465\" srcset=\"https:\/\/curva1.com.ar\/wp-content\/uploads\/2018\/07\/c2.jpg 582w, https:\/\/curva1.com.ar\/wp-content\/uploads\/2018\/07\/c2-422x337.jpg 422w\" sizes=\"auto, (max-width: 582px) 100vw, 582px\" \/> <img loading=\"lazy\" decoding=\"async\" class=\"aligncenter size-full wp-image-25796\" src=\"http:\/\/www.curva1.com.ar\/wp-content\/uploads\/2018\/07\/tc.jpg\" alt=\"\" width=\"582\" height=\"515\" srcset=\"https:\/\/curva1.com.ar\/wp-content\/uploads\/2018\/07\/tc.jpg 582w, https:\/\/curva1.com.ar\/wp-content\/uploads\/2018\/07\/tc-381x337.jpg 381w\" sizes=\"auto, (max-width: 582px) 100vw, 582px\" \/> <img loading=\"lazy\" decoding=\"async\" class=\"aligncenter size-full wp-image-25797\" src=\"http:\/\/www.curva1.com.ar\/wp-content\/uploads\/2018\/07\/tp14.jpg\" alt=\"\" width=\"582\" height=\"495\" srcset=\"https:\/\/curva1.com.ar\/wp-content\/uploads\/2018\/07\/tp14.jpg 582w, https:\/\/curva1.com.ar\/wp-content\/uploads\/2018\/07\/tp14-396x337.jpg 396w\" sizes=\"auto, (max-width: 582px) 100vw, 582px\" \/> <img loading=\"lazy\" decoding=\"async\" class=\"aligncenter size-full wp-image-25798\" src=\"http:\/\/www.curva1.com.ar\/wp-content\/uploads\/2018\/07\/tpro.jpg\" alt=\"\" width=\"582\" height=\"751\" srcset=\"https:\/\/curva1.com.ar\/wp-content\/uploads\/2018\/07\/tpro.jpg 582w, https:\/\/curva1.com.ar\/wp-content\/uploads\/2018\/07\/tpro-261x337.jpg 261w\" sizes=\"auto, (max-width: 582px) 100vw, 582px\" \/><\/p>\n","protected":false},"excerpt":{"rendered":"<p>Luego del GP Vendimia 2018, te mostramos como marchan los campeonatos de las cuatro categor\u00edas<\/p>\n","protected":false},"author":1,"featured_media":25799,"comment_status":"closed","ping_status":"closed","sticky":false,"template":"","format":"standard","meta":{"footnotes":""},"categories":[1],"tags":[],"class_list":["post-25794","post","type-post","status-publish","format-standard","has-post-thumbnail","hentry","category-zonal-cuyano"],"featured_image_urls":{"full":["https:\/\/curva1.com.ar\/wp-content\/uploads\/2018\/07\/IMG_0938.jpg",960,540,false],"thumbnail":["https:\/\/curva1.com.ar\/wp-content\/uploads\/2018\/07\/IMG_0938-300x169.jpg",300,169,true],"medium":["https:\/\/curva1.com.ar\/wp-content\/uploads\/2018\/07\/IMG_0938-600x337.jpg",600,337,true],"medium_large":["https:\/\/curva1.com.ar\/wp-content\/uploads\/2018\/07\/IMG_0938-768x432.jpg",640,360,true],"large":["https:\/\/curva1.com.ar\/wp-content\/uploads\/2018\/07\/IMG_0938.jpg",640,360,false],"1536x1536":["https:\/\/curva1.com.ar\/wp-content\/uploads\/2018\/07\/IMG_0938.jpg",960,540,false],"2048x2048":["https:\/\/curva1.com.ar\/wp-content\/uploads\/2018\/07\/IMG_0938.jpg",960,540,false],"chromenews-featured":["https:\/\/curva1.com.ar\/wp-content\/uploads\/2018\/07\/IMG_0938.jpg",960,540,false],"chromenews-large":["https:\/\/curva1.com.ar\/wp-content\/uploads\/2018\/07\/IMG_0938.jpg",825,464,false],"chromenews-medium":["https:\/\/curva1.com.ar\/wp-content\/uploads\/2018\/07\/IMG_0938.jpg",590,332,false]},"author_info":{"display_name":"Jos\u00e9 Bravo","author_link":"https:\/\/curva1.com.ar\/?author=1"},"category_info":"<a href=\"https:\/\/curva1.com.ar\/?cat=1\" rel=\"category\">Zonal Cuyano<\/a>","tag_info":"Zonal Cuyano","comment_count":"0","_links":{"self":[{"href":"https:\/\/curva1.com.ar\/index.php?rest_route=\/wp\/v2\/posts\/25794","targetHints":{"allow":["GET"]}}],"collection":[{"href":"https:\/\/curva1.com.ar\/index.php?rest_route=\/wp\/v2\/posts"}],"about":[{"href":"https:\/\/curva1.com.ar\/index.php?rest_route=\/wp\/v2\/types\/post"}],"author":[{"embeddable":true,"href":"https:\/\/curva1.com.ar\/index.php?rest_route=\/wp\/v2\/users\/1"}],"replies":[{"embeddable":true,"href":"https:\/\/curva1.com.ar\/index.php?rest_route=%2Fwp%2Fv2%2Fcomments&post=25794"}],"version-history":[{"count":3,"href":"https:\/\/curva1.com.ar\/index.php?rest_route=\/wp\/v2\/posts\/25794\/revisions"}],"predecessor-version":[{"id":25802,"href":"https:\/\/curva1.com.ar\/index.php?rest_route=\/wp\/v2\/posts\/25794\/revisions\/25802"}],"wp:featuredmedia":[{"embeddable":true,"href":"https:\/\/curva1.com.ar\/index.php?rest_route=\/wp\/v2\/media\/25799"}],"wp:attachment":[{"href":"https:\/\/curva1.com.ar\/index.php?rest_route=%2Fwp%2Fv2%2Fmedia&parent=25794"}],"wp:term":[{"taxonomy":"category","embeddable":true,"href":"https:\/\/curva1.com.ar\/index.php?rest_route=%2Fwp%2Fv2%2Fcategories&post=25794"},{"taxonomy":"post_tag","embeddable":true,"href":"https:\/\/curva1.com.ar\/index.php?rest_route=%2Fwp%2Fv2%2Ftags&post=25794"}],"curies":[{"name":"wp","href":"https:\/\/api.w.org\/{rel}","templated":true}]}}