{"id":25807,"date":"2018-07-12T12:39:05","date_gmt":"2018-07-12T15:39:05","guid":{"rendered":"http:\/\/www.curva1.com.ar\/?p=25807"},"modified":"2018-07-12T12:39:05","modified_gmt":"2018-07-12T15:39:05","slug":"horarios-para-la-carrera-del-domingo-del-karting-mendocino","status":"publish","type":"post","link":"https:\/\/curva1.com.ar\/?p=25807","title":{"rendered":"Horarios para la carrera del domingo del Karting Mendocino"},"content":{"rendered":"<p><img loading=\"lazy\" decoding=\"async\" class=\"aligncenter size-full wp-image-25810\" src=\"http:\/\/www.curva1.com.ar\/wp-content\/uploads\/2018\/07\/IMG_7487.jpg\" alt=\"\" width=\"960\" height=\"640\" srcset=\"https:\/\/curva1.com.ar\/wp-content\/uploads\/2018\/07\/IMG_7487.jpg 960w, https:\/\/curva1.com.ar\/wp-content\/uploads\/2018\/07\/IMG_7487-506x337.jpg 506w, https:\/\/curva1.com.ar\/wp-content\/uploads\/2018\/07\/IMG_7487-768x512.jpg 768w\" sizes=\"auto, (max-width: 960px) 100vw, 960px\" \/><\/p>\n<p>El domingo se pondr\u00e1 un marcha una nueva fecha del Karting Mendocino y aqu\u00ed est\u00e1n toda la info necesaria para la competencia que se desarrollar\u00e1 en San Mart\u00edn.<\/p>\n<p>La jornada del s\u00e1bado tendr\u00e1 cuatro pruebas no oficiales.<\/p>\n<h3><span style=\"color: #ff0000;\">CLIMA<\/span><\/h3>\n<p><img loading=\"lazy\" decoding=\"async\" class=\"aligncenter size-full wp-image-25809\" src=\"http:\/\/www.curva1.com.ar\/wp-content\/uploads\/2018\/07\/climasmm.jpg\" alt=\"\" width=\"659\" height=\"290\" srcset=\"https:\/\/curva1.com.ar\/wp-content\/uploads\/2018\/07\/climasmm.jpg 659w, https:\/\/curva1.com.ar\/wp-content\/uploads\/2018\/07\/climasmm-600x264.jpg 600w\" sizes=\"auto, (max-width: 659px) 100vw, 659px\" \/><\/p>\n<h3><span style=\"color: #ff0000;\">HORARIOS<\/span><\/h3>\n<p><img loading=\"lazy\" decoding=\"async\" class=\"aligncenter size-full wp-image-25808\" src=\"http:\/\/www.curva1.com.ar\/wp-content\/uploads\/2018\/07\/horario-3\u00ba-fecha.jpg\" alt=\"\" width=\"1000\" height=\"1415\" srcset=\"https:\/\/curva1.com.ar\/wp-content\/uploads\/2018\/07\/horario-3\u00ba-fecha.jpg 1000w, https:\/\/curva1.com.ar\/wp-content\/uploads\/2018\/07\/horario-3\u00ba-fecha-238x337.jpg 238w, https:\/\/curva1.com.ar\/wp-content\/uploads\/2018\/07\/horario-3\u00ba-fecha-768x1087.jpg 768w, https:\/\/curva1.com.ar\/wp-content\/uploads\/2018\/07\/horario-3\u00ba-fecha-724x1024.jpg 724w\" sizes=\"auto, (max-width: 1000px) 100vw, 1000px\" \/><\/p>\n","protected":false},"excerpt":{"rendered":"<p>El domingo se pondr\u00e1 un marcha una nueva fecha del Karting Mendocino y aqu\u00ed est\u00e1n<\/p>\n","protected":false},"author":1,"featured_media":25810,"comment_status":"closed","ping_status":"closed","sticky":false,"template":"","format":"standard","meta":{"footnotes":""},"categories":[4],"tags":[],"class_list":["post-25807","post","type-post","status-publish","format-standard","has-post-thumbnail","hentry","category-karting"],"featured_image_urls":{"full":["https:\/\/curva1.com.ar\/wp-content\/uploads\/2018\/07\/IMG_7487.jpg",960,640,false],"thumbnail":["https:\/\/curva1.com.ar\/wp-content\/uploads\/2018\/07\/IMG_7487-300x169.jpg",300,169,true],"medium":["https:\/\/curva1.com.ar\/wp-content\/uploads\/2018\/07\/IMG_7487-506x337.jpg",506,337,true],"medium_large":["https:\/\/curva1.com.ar\/wp-content\/uploads\/2018\/07\/IMG_7487-768x512.jpg",640,427,true],"large":["https:\/\/curva1.com.ar\/wp-content\/uploads\/2018\/07\/IMG_7487.jpg",640,427,false],"1536x1536":["https:\/\/curva1.com.ar\/wp-content\/uploads\/2018\/07\/IMG_7487.jpg",960,640,false],"2048x2048":["https:\/\/curva1.com.ar\/wp-content\/uploads\/2018\/07\/IMG_7487.jpg",960,640,false],"chromenews-featured":["https:\/\/curva1.com.ar\/wp-content\/uploads\/2018\/07\/IMG_7487.jpg",960,640,false],"chromenews-large":["https:\/\/curva1.com.ar\/wp-content\/uploads\/2018\/07\/IMG_7487.jpg",825,550,false],"chromenews-medium":["https:\/\/curva1.com.ar\/wp-content\/uploads\/2018\/07\/IMG_7487.jpg",590,393,false]},"author_info":{"display_name":"Jos\u00e9 Bravo","author_link":"https:\/\/curva1.com.ar\/?author=1"},"category_info":"<a href=\"https:\/\/curva1.com.ar\/?cat=4\" rel=\"category\">Karting Asfalto<\/a>","tag_info":"Karting Asfalto","comment_count":"0","_links":{"self":[{"href":"https:\/\/curva1.com.ar\/index.php?rest_route=\/wp\/v2\/posts\/25807","targetHints":{"allow":["GET"]}}],"collection":[{"href":"https:\/\/curva1.com.ar\/index.php?rest_route=\/wp\/v2\/posts"}],"about":[{"href":"https:\/\/curva1.com.ar\/index.php?rest_route=\/wp\/v2\/types\/post"}],"author":[{"embeddable":true,"href":"https:\/\/curva1.com.ar\/index.php?rest_route=\/wp\/v2\/users\/1"}],"replies":[{"embeddable":true,"href":"https:\/\/curva1.com.ar\/index.php?rest_route=%2Fwp%2Fv2%2Fcomments&post=25807"}],"version-history":[{"count":1,"href":"https:\/\/curva1.com.ar\/index.php?rest_route=\/wp\/v2\/posts\/25807\/revisions"}],"predecessor-version":[{"id":25811,"href":"https:\/\/curva1.com.ar\/index.php?rest_route=\/wp\/v2\/posts\/25807\/revisions\/25811"}],"wp:featuredmedia":[{"embeddable":true,"href":"https:\/\/curva1.com.ar\/index.php?rest_route=\/wp\/v2\/media\/25810"}],"wp:attachment":[{"href":"https:\/\/curva1.com.ar\/index.php?rest_route=%2Fwp%2Fv2%2Fmedia&parent=25807"}],"wp:term":[{"taxonomy":"category","embeddable":true,"href":"https:\/\/curva1.com.ar\/index.php?rest_route=%2Fwp%2Fv2%2Fcategories&post=25807"},{"taxonomy":"post_tag","embeddable":true,"href":"https:\/\/curva1.com.ar\/index.php?rest_route=%2Fwp%2Fv2%2Ftags&post=25807"}],"curies":[{"name":"wp","href":"https:\/\/api.w.org\/{rel}","templated":true}]}}