{"id":25817,"date":"2018-07-17T15:39:38","date_gmt":"2018-07-17T18:39:38","guid":{"rendered":"http:\/\/www.curva1.com.ar\/?p=25817"},"modified":"2018-07-17T15:54:52","modified_gmt":"2018-07-17T18:54:52","slug":"confirmada-la-4o-del-zonal-para-finales-de-julio","status":"publish","type":"post","link":"https:\/\/curva1.com.ar\/?p=25817","title":{"rendered":"Se confirm\u00f3 la pr\u00f3xima del Zonal y que ser\u00e1n solo 8 fechas"},"content":{"rendered":"<figure id=\"attachment_25818\" aria-describedby=\"caption-attachment-25818\" style=\"width: 960px\" class=\"wp-caption aligncenter\"><img loading=\"lazy\" decoding=\"async\" class=\"size-full wp-image-25818\" src=\"http:\/\/www.curva1.com.ar\/wp-content\/uploads\/2018\/07\/IMG_0604.jpg\" alt=\"\" width=\"960\" height=\"540\" srcset=\"https:\/\/curva1.com.ar\/wp-content\/uploads\/2018\/07\/IMG_0604.jpg 960w, https:\/\/curva1.com.ar\/wp-content\/uploads\/2018\/07\/IMG_0604-300x169.jpg 300w, https:\/\/curva1.com.ar\/wp-content\/uploads\/2018\/07\/IMG_0604-600x337.jpg 600w, https:\/\/curva1.com.ar\/wp-content\/uploads\/2018\/07\/IMG_0604-768x432.jpg 768w\" sizes=\"auto, (max-width: 960px) 100vw, 960px\" \/><figcaption id=\"caption-attachment-25818\" class=\"wp-caption-text\">Foto: Jos\u00e9 Bravo<\/figcaption><\/figure>\n<p>Dejado atr\u00e1s el Gran Premio Vendimia, ya figua en la web de FEMAD la continuidad para el campeonato Zonal Cuyano de Automovilismo, que ser\u00e1 el 28 y 29 de julio nuevamente en el Aut\u00f3dromo de San Mart\u00edn.\u00a0Organizar\u00eda ACT.<\/p>\n<p>Adem\u00e1s, se puede ver que el calendario tendr\u00e1 una fecha menos, tal como lo permite el reglamento. En 2018 no ser\u00e1n 9 como fueron anunciadas en febrero (ver aqu\u00ed) sino que ser\u00e1n 8 carreras.<\/p>\n<p>El zonal no comenz\u00f3 bien el a\u00f1o. Las tres fechas programadas sufrieron modificaciones y la \u00faltima (GP Vendimia) se pas\u00f3 para adelante m\u00e1s de 20 d\u00edas, haciendo casi una obviedad que se eliminar\u00e1 una fecha puntuable.<\/p>\n<p>El calendario publicado del Zonal Cuyano es el siguiente:<\/p>\n<ul>\n<li>4\u00ba &#8211; 29 de JULIO<\/li>\n<li>5\u00ba &#8211;\u00a026 de AGOSTO<\/li>\n<li>6\u00ba &#8211;\u00a030 de SETIEMBRE<\/li>\n<li>7\u00ba &#8211;\u00a028 de OCTUBRE<\/li>\n<li>8\u00ba &#8211;\u00a025 de NOVIEMBRE<\/li>\n<\/ul>\n","protected":false},"excerpt":{"rendered":"<p>Dejado atr\u00e1s el Gran Premio Vendimia, ya figua en la web de FEMAD la continuidad<\/p>\n","protected":false},"author":1,"featured_media":25818,"comment_status":"closed","ping_status":"closed","sticky":false,"template":"","format":"standard","meta":{"footnotes":""},"categories":[1],"tags":[],"class_list":["post-25817","post","type-post","status-publish","format-standard","has-post-thumbnail","hentry","category-zonal-cuyano"],"featured_image_urls":{"full":["https:\/\/curva1.com.ar\/wp-content\/uploads\/2018\/07\/IMG_0604.jpg",960,540,false],"thumbnail":["https:\/\/curva1.com.ar\/wp-content\/uploads\/2018\/07\/IMG_0604-300x169.jpg",300,169,true],"medium":["https:\/\/curva1.com.ar\/wp-content\/uploads\/2018\/07\/IMG_0604-600x337.jpg",600,337,true],"medium_large":["https:\/\/curva1.com.ar\/wp-content\/uploads\/2018\/07\/IMG_0604-768x432.jpg",640,360,true],"large":["https:\/\/curva1.com.ar\/wp-content\/uploads\/2018\/07\/IMG_0604.jpg",640,360,false],"1536x1536":["https:\/\/curva1.com.ar\/wp-content\/uploads\/2018\/07\/IMG_0604.jpg",960,540,false],"2048x2048":["https:\/\/curva1.com.ar\/wp-content\/uploads\/2018\/07\/IMG_0604.jpg",960,540,false],"chromenews-featured":["https:\/\/curva1.com.ar\/wp-content\/uploads\/2018\/07\/IMG_0604.jpg",960,540,false],"chromenews-large":["https:\/\/curva1.com.ar\/wp-content\/uploads\/2018\/07\/IMG_0604.jpg",825,464,false],"chromenews-medium":["https:\/\/curva1.com.ar\/wp-content\/uploads\/2018\/07\/IMG_0604.jpg",590,332,false]},"author_info":{"display_name":"Jos\u00e9 Bravo","author_link":"https:\/\/curva1.com.ar\/?author=1"},"category_info":"<a href=\"https:\/\/curva1.com.ar\/?cat=1\" rel=\"category\">Zonal Cuyano<\/a>","tag_info":"Zonal Cuyano","comment_count":"0","_links":{"self":[{"href":"https:\/\/curva1.com.ar\/index.php?rest_route=\/wp\/v2\/posts\/25817","targetHints":{"allow":["GET"]}}],"collection":[{"href":"https:\/\/curva1.com.ar\/index.php?rest_route=\/wp\/v2\/posts"}],"about":[{"href":"https:\/\/curva1.com.ar\/index.php?rest_route=\/wp\/v2\/types\/post"}],"author":[{"embeddable":true,"href":"https:\/\/curva1.com.ar\/index.php?rest_route=\/wp\/v2\/users\/1"}],"replies":[{"embeddable":true,"href":"https:\/\/curva1.com.ar\/index.php?rest_route=%2Fwp%2Fv2%2Fcomments&post=25817"}],"version-history":[{"count":5,"href":"https:\/\/curva1.com.ar\/index.php?rest_route=\/wp\/v2\/posts\/25817\/revisions"}],"predecessor-version":[{"id":25823,"href":"https:\/\/curva1.com.ar\/index.php?rest_route=\/wp\/v2\/posts\/25817\/revisions\/25823"}],"wp:featuredmedia":[{"embeddable":true,"href":"https:\/\/curva1.com.ar\/index.php?rest_route=\/wp\/v2\/media\/25818"}],"wp:attachment":[{"href":"https:\/\/curva1.com.ar\/index.php?rest_route=%2Fwp%2Fv2%2Fmedia&parent=25817"}],"wp:term":[{"taxonomy":"category","embeddable":true,"href":"https:\/\/curva1.com.ar\/index.php?rest_route=%2Fwp%2Fv2%2Fcategories&post=25817"},{"taxonomy":"post_tag","embeddable":true,"href":"https:\/\/curva1.com.ar\/index.php?rest_route=%2Fwp%2Fv2%2Ftags&post=25817"}],"curies":[{"name":"wp","href":"https:\/\/api.w.org\/{rel}","templated":true}]}}