{"id":25827,"date":"2018-07-17T14:05:34","date_gmt":"2018-07-17T17:05:34","guid":{"rendered":"http:\/\/www.curva1.com.ar\/?p=25827"},"modified":"2018-07-17T16:08:59","modified_gmt":"2018-07-17T19:08:59","slug":"llaver-tengo-que-mejorar-la-regularidad-con-el-chevrolet","status":"publish","type":"post","link":"https:\/\/curva1.com.ar\/?p=25827","title":{"rendered":"Llaver &#8220;tengo que mejorar la regularidad con el Chevrolet&#8221;"},"content":{"rendered":"<p><img loading=\"lazy\" decoding=\"async\" class=\"aligncenter size-full wp-image-25828\" src=\"http:\/\/www.curva1.com.ar\/wp-content\/uploads\/2018\/07\/llaver_3_1.jpg\" alt=\"\" width=\"649\" height=\"433\" srcset=\"https:\/\/curva1.com.ar\/wp-content\/uploads\/2018\/07\/llaver_3_1.jpg 649w, https:\/\/curva1.com.ar\/wp-content\/uploads\/2018\/07\/llaver_3_1-505x337.jpg 505w\" sizes=\"auto, (max-width: 649px) 100vw, 649px\" \/><\/p>\n<p class=\"summary\">Bernardo Llaver est\u00e1 quinto en el campeonato. Con su Chevrolet ya gan\u00f3 una carrera y desea llegar con chances a la \u00faltima fecha del 2018<\/p>\n<div class=\"body\">\n<p><strong>Bernardo Llaver, el Zorro mendocino, viajar\u00e1 en esta oportunidad al patio de su casa para tratar de seguir haciendo las cosas de la mejor manera y de esa forma seguir prendido en el campeonato. El de Chevrolet, que ya gan\u00f3 una carrera en Potrero de los Funes, est\u00e1 quinto en la tabla de posiciones y no le pierde pisada a sus rivales.<\/strong>\u00a0El de Mendoza est\u00e1 a 44 pts del puntero Facundo Ardusso y a 21 de su compa\u00f1ero Agust\u00edn Canapino que est\u00e1 en el segundo lugar.<\/p>\n<p>Cuando se le pregunt\u00f3 que an\u00e1lisis realiz\u00f3 de la primera mitad del 2018, qui\u00e9n conduce el auto n\u00famero 2 coment\u00f3: \u201c<strong>El primer semestre creo que fue positivo porque pude ganar una carrera y porque estoy entre los cinco mejores del campeonato. Lo que tengo que mejorar es la regularidad ya que es fundamental para poder pelear de lleno el campeonato.<\/strong>\u00a0Se que no es f\u00e1cil estar siempre adelante en el S\u00faper por el nivel de pilotos que tiene pero lo intentamos permanentemente\u201d.<\/p>\n<p><img loading=\"lazy\" decoding=\"async\" class=\"aligncenter size-full wp-image-25829\" src=\"http:\/\/www.curva1.com.ar\/wp-content\/uploads\/2018\/07\/llaver_7.jpg\" alt=\"\" width=\"1600\" height=\"1066\" srcset=\"https:\/\/curva1.com.ar\/wp-content\/uploads\/2018\/07\/llaver_7.jpg 1600w, https:\/\/curva1.com.ar\/wp-content\/uploads\/2018\/07\/llaver_7-506x337.jpg 506w, https:\/\/curva1.com.ar\/wp-content\/uploads\/2018\/07\/llaver_7-768x512.jpg 768w, https:\/\/curva1.com.ar\/wp-content\/uploads\/2018\/07\/llaver_7-1024x682.jpg 1024w\" sizes=\"auto, (max-width: 1600px) 100vw, 1600px\" \/><\/p>\n<\/div>\n<p>En cuanto a la importancia del nuevo capitulo que se pondr\u00e1 en juego desde el s\u00e1bado en San Juan, Berni expres\u00f3: \u00a0<strong>\u201cLa del domingo no es una fecha que desequilibre pero si es importante para sumar. Hay penalizaciones y es ac\u00e1 donde tenemos que sumar m\u00e1s que lo que est\u00e1n arriba m\u00edo en el campeonato. Si puedo clasificar bien ser\u00e1 excelente para poder partir por delante de Facundo Ardusso\u201d.<\/strong><\/p>\n<p>En otros temas, el ganador de la cuarta fecha del calendario se\u00f1al\u00f3 que se est\u00e1 m\u00e1s cerca de la marca del rombo.\u00a0<strong>\u201cMe parece que Renault no es tan superior como en las primeras carreras, estamos todos un poco m\u00e1s cerca, se emparej\u00f3 mucho y todos estamos m\u00e1s apretados\u201d. \u00a0\u00a0<\/strong><\/p>\n<p><strong>Llaver sabe que tiene que seguir siendo prolijo y sumando puntos en cada una de las fechas.<\/strong>\u00a0Sabe que Agust\u00edn es el referente y es a quien primero tiene que ganarle. No es f\u00e1cil pero tampoco imposible. Las carreras hay que correrlas y completarlas.\u00a0<strong>Bernardo Llaver madur\u00f3 mucho, es r\u00e1pido y cuenta con un Cruze muy competitivo para seguir metido el grupo de elite que tiene el S\u00faper TC 2000 para la definici\u00f3n del campeonato.<\/strong><\/p>\n","protected":false},"excerpt":{"rendered":"<p>Bernardo Llaver est\u00e1 quinto en el campeonato. Con su Chevrolet ya gan\u00f3 una carrera y<\/p>\n","protected":false},"author":1,"featured_media":0,"comment_status":"closed","ping_status":"closed","sticky":false,"template":"","format":"standard","meta":{"footnotes":""},"categories":[6],"tags":[],"class_list":["post-25827","post","type-post","status-publish","format-standard","hentry","category-nacionales"],"featured_image_urls":{"full":"","thumbnail":"","medium":"","medium_large":"","large":"","1536x1536":"","2048x2048":"","chromenews-featured":"","chromenews-large":"","chromenews-medium":""},"author_info":{"display_name":"Jos\u00e9 Bravo","author_link":"https:\/\/curva1.com.ar\/?author=1"},"category_info":"<a href=\"https:\/\/curva1.com.ar\/?cat=6\" rel=\"category\">Nacionales<\/a>","tag_info":"Nacionales","comment_count":"0","_links":{"self":[{"href":"https:\/\/curva1.com.ar\/index.php?rest_route=\/wp\/v2\/posts\/25827","targetHints":{"allow":["GET"]}}],"collection":[{"href":"https:\/\/curva1.com.ar\/index.php?rest_route=\/wp\/v2\/posts"}],"about":[{"href":"https:\/\/curva1.com.ar\/index.php?rest_route=\/wp\/v2\/types\/post"}],"author":[{"embeddable":true,"href":"https:\/\/curva1.com.ar\/index.php?rest_route=\/wp\/v2\/users\/1"}],"replies":[{"embeddable":true,"href":"https:\/\/curva1.com.ar\/index.php?rest_route=%2Fwp%2Fv2%2Fcomments&post=25827"}],"version-history":[{"count":1,"href":"https:\/\/curva1.com.ar\/index.php?rest_route=\/wp\/v2\/posts\/25827\/revisions"}],"predecessor-version":[{"id":25830,"href":"https:\/\/curva1.com.ar\/index.php?rest_route=\/wp\/v2\/posts\/25827\/revisions\/25830"}],"wp:attachment":[{"href":"https:\/\/curva1.com.ar\/index.php?rest_route=%2Fwp%2Fv2%2Fmedia&parent=25827"}],"wp:term":[{"taxonomy":"category","embeddable":true,"href":"https:\/\/curva1.com.ar\/index.php?rest_route=%2Fwp%2Fv2%2Fcategories&post=25827"},{"taxonomy":"post_tag","embeddable":true,"href":"https:\/\/curva1.com.ar\/index.php?rest_route=%2Fwp%2Fv2%2Ftags&post=25827"}],"curies":[{"name":"wp","href":"https:\/\/api.w.org\/{rel}","templated":true}]}}