{"id":25831,"date":"2018-07-17T16:57:10","date_gmt":"2018-07-17T19:57:10","guid":{"rendered":"http:\/\/www.curva1.com.ar\/?p=25831"},"modified":"2018-07-17T16:57:10","modified_gmt":"2018-07-17T19:57:10","slug":"cinco-secuencias-heavy-que-dejo-la-tercera-en-san-martin","status":"publish","type":"post","link":"https:\/\/curva1.com.ar\/?p=25831","title":{"rendered":"Cinco secuencias &#8220;heavy&#8221; que dej\u00f3 la tercera en San Mart\u00edn"},"content":{"rendered":"<p><img loading=\"lazy\" decoding=\"async\" class=\"aligncenter size-full wp-image-82389\" src=\"http:\/\/curva1kart.com.ar\/noticias\/wp-content\/uploads\/2018\/07\/IMG_4421.jpg\" alt=\"\" width=\"960\" height=\"540\" \/><\/p>\n<p>El domingo 15 de Julio se corri\u00f3 la tercera fecha del Karting Mendocino y hubo bastante &#8220;tela para cortar&#8221;. Hubo varios incidentes en pista y aqu\u00ed te mostramos las secuencias que captur\u00f3 nuestra c\u00e1mara. Ning\u00fan piloto accidentado.<\/p>\n<p>Hubo show en la pista y, sin dudas, la carrera m\u00e1s picante en lo que va de la temporada.<\/p>\n<blockquote><p>Fotos: Jos\u00e9 Bravo<\/p><\/blockquote>\n<p><strong>GUERRERO 150 CADETES &#8211; GERONIMO IMBERTI (1)<\/strong><\/p>\n<p><img loading=\"lazy\" decoding=\"async\" class=\"aligncenter size-full wp-image-82386\" src=\"http:\/\/curva1kart.com.ar\/noticias\/wp-content\/uploads\/2018\/07\/seeee.jpg\" alt=\"\" width=\"960\" height=\"3891\" \/><\/p>\n<p><strong>GUERRERO 150 AVEZADOS &#8211; LEANDRO SOSA (3) Y ENZO SERRA (4)<\/strong><\/p>\n<p><img loading=\"lazy\" decoding=\"async\" class=\"aligncenter size-full wp-image-82382\" src=\"http:\/\/curva1kart.com.ar\/noticias\/wp-content\/uploads\/2018\/07\/soa.serr_.jpg\" alt=\"\" width=\"960\" height=\"3243\" \/><\/p>\n<p><strong>SUPER 4 TIEMPOS &#8211; Juan Mart\u00edn Mauro (11) y Mart\u00edn Avenda\u00f1o\u00a0(65)<\/strong><\/p>\n<p><img loading=\"lazy\" decoding=\"async\" class=\"aligncenter size-full wp-image-82381\" src=\"http:\/\/curva1kart.com.ar\/noticias\/wp-content\/uploads\/2018\/07\/secun.avenda\u00f1.jpg\" alt=\"\" width=\"960\" height=\"3882\" \/><\/p>\n<p><strong>GUERRERO 150 AVEZADOS &#8211; Mario Luna\u00a0(93) y Willy Pojmaevich\u00a0(6)<\/strong><\/p>\n<p><img loading=\"lazy\" decoding=\"async\" class=\"aligncenter size-full wp-image-82380\" src=\"http:\/\/curva1kart.com.ar\/noticias\/wp-content\/uploads\/2018\/07\/secun.will_.jpg\" alt=\"\" width=\"960\" height=\"5808\" \/><\/p>\n<p><strong>125cc SENIOR PRO &#8211; Nicol\u00e1s Cari\u00f3\u00a0(91) y Federico Alvarez Storni (130)<\/strong><\/p>\n<p><img loading=\"lazy\" decoding=\"async\" class=\"aligncenter size-full wp-image-82378\" src=\"http:\/\/curva1kart.com.ar\/noticias\/wp-content\/uploads\/2018\/07\/secund.senior.jpg\" alt=\"\" width=\"960\" height=\"3872\" \/><\/p>\n","protected":false},"excerpt":{"rendered":"<p>El domingo 15 de Julio se corri\u00f3 la tercera fecha del Karting Mendocino y hubo<\/p>\n","protected":false},"author":1,"featured_media":25832,"comment_status":"closed","ping_status":"closed","sticky":false,"template":"","format":"standard","meta":{"footnotes":""},"categories":[4],"tags":[],"class_list":["post-25831","post","type-post","status-publish","format-standard","has-post-thumbnail","hentry","category-karting"],"featured_image_urls":{"full":["https:\/\/curva1.com.ar\/wp-content\/uploads\/2018\/07\/IMG_4421.jpg",960,540,false],"thumbnail":["https:\/\/curva1.com.ar\/wp-content\/uploads\/2018\/07\/IMG_4421-300x169.jpg",300,169,true],"medium":["https:\/\/curva1.com.ar\/wp-content\/uploads\/2018\/07\/IMG_4421-600x337.jpg",600,337,true],"medium_large":["https:\/\/curva1.com.ar\/wp-content\/uploads\/2018\/07\/IMG_4421-768x432.jpg",640,360,true],"large":["https:\/\/curva1.com.ar\/wp-content\/uploads\/2018\/07\/IMG_4421.jpg",640,360,false],"1536x1536":["https:\/\/curva1.com.ar\/wp-content\/uploads\/2018\/07\/IMG_4421.jpg",960,540,false],"2048x2048":["https:\/\/curva1.com.ar\/wp-content\/uploads\/2018\/07\/IMG_4421.jpg",960,540,false],"chromenews-featured":["https:\/\/curva1.com.ar\/wp-content\/uploads\/2018\/07\/IMG_4421.jpg",960,540,false],"chromenews-large":["https:\/\/curva1.com.ar\/wp-content\/uploads\/2018\/07\/IMG_4421.jpg",825,464,false],"chromenews-medium":["https:\/\/curva1.com.ar\/wp-content\/uploads\/2018\/07\/IMG_4421.jpg",590,332,false]},"author_info":{"display_name":"Jos\u00e9 Bravo","author_link":"https:\/\/curva1.com.ar\/?author=1"},"category_info":"<a href=\"https:\/\/curva1.com.ar\/?cat=4\" rel=\"category\">Karting Asfalto<\/a>","tag_info":"Karting Asfalto","comment_count":"0","_links":{"self":[{"href":"https:\/\/curva1.com.ar\/index.php?rest_route=\/wp\/v2\/posts\/25831","targetHints":{"allow":["GET"]}}],"collection":[{"href":"https:\/\/curva1.com.ar\/index.php?rest_route=\/wp\/v2\/posts"}],"about":[{"href":"https:\/\/curva1.com.ar\/index.php?rest_route=\/wp\/v2\/types\/post"}],"author":[{"embeddable":true,"href":"https:\/\/curva1.com.ar\/index.php?rest_route=\/wp\/v2\/users\/1"}],"replies":[{"embeddable":true,"href":"https:\/\/curva1.com.ar\/index.php?rest_route=%2Fwp%2Fv2%2Fcomments&post=25831"}],"version-history":[{"count":1,"href":"https:\/\/curva1.com.ar\/index.php?rest_route=\/wp\/v2\/posts\/25831\/revisions"}],"predecessor-version":[{"id":25833,"href":"https:\/\/curva1.com.ar\/index.php?rest_route=\/wp\/v2\/posts\/25831\/revisions\/25833"}],"wp:featuredmedia":[{"embeddable":true,"href":"https:\/\/curva1.com.ar\/index.php?rest_route=\/wp\/v2\/media\/25832"}],"wp:attachment":[{"href":"https:\/\/curva1.com.ar\/index.php?rest_route=%2Fwp%2Fv2%2Fmedia&parent=25831"}],"wp:term":[{"taxonomy":"category","embeddable":true,"href":"https:\/\/curva1.com.ar\/index.php?rest_route=%2Fwp%2Fv2%2Fcategories&post=25831"},{"taxonomy":"post_tag","embeddable":true,"href":"https:\/\/curva1.com.ar\/index.php?rest_route=%2Fwp%2Fv2%2Ftags&post=25831"}],"curies":[{"name":"wp","href":"https:\/\/api.w.org\/{rel}","templated":true}]}}