{"id":25836,"date":"2018-07-18T18:34:42","date_gmt":"2018-07-18T21:34:42","guid":{"rendered":"http:\/\/www.curva1.com.ar\/?p=25836"},"modified":"2018-07-19T01:45:37","modified_gmt":"2018-07-19T04:45:37","slug":"zonal-tendra-dos-dias-de-pruebas-antes-del-cuarto-round","status":"publish","type":"post","link":"https:\/\/curva1.com.ar\/?p=25836","title":{"rendered":"Zonal tendr\u00e1 dos d\u00edas de pruebas antes del cuarto round"},"content":{"rendered":"<figure id=\"attachment_25837\" aria-describedby=\"caption-attachment-25837\" style=\"width: 960px\" class=\"wp-caption aligncenter\"><img loading=\"lazy\" decoding=\"async\" class=\"size-full wp-image-25837\" src=\"http:\/\/www.curva1.com.ar\/wp-content\/uploads\/2018\/07\/IMG_0491.jpg\" alt=\"\" width=\"960\" height=\"540\" srcset=\"https:\/\/curva1.com.ar\/wp-content\/uploads\/2018\/07\/IMG_0491.jpg 960w, https:\/\/curva1.com.ar\/wp-content\/uploads\/2018\/07\/IMG_0491-300x169.jpg 300w, https:\/\/curva1.com.ar\/wp-content\/uploads\/2018\/07\/IMG_0491-600x337.jpg 600w, https:\/\/curva1.com.ar\/wp-content\/uploads\/2018\/07\/IMG_0491-768x432.jpg 768w\" sizes=\"auto, (max-width: 960px) 100vw, 960px\" \/><figcaption id=\"caption-attachment-25837\" class=\"wp-caption-text\">Foto: Jos\u00e9 Bravo<\/figcaption><\/figure>\n<p>La Federaci\u00f3n Mendocina de Automovilismo, comunica a los Se\u00f1ores pilotos, concurrentes y preparadores, que a pedido de los delegados las pruebas del Zonal Cuyano, ser\u00e1n los\u00a0<b>d\u00edas sabado 21 y mi\u00e9rcoles\u00a0\u00a025 de julio de<\/b>\u00a011:00 a 18:00 hs.<\/p>\n<p>El zonal corre el 28 y 29 de julio en el Aut\u00f3dromo Ciudad de San Mart\u00edn.<\/p>\n","protected":false},"excerpt":{"rendered":"<p>La Federaci\u00f3n Mendocina de Automovilismo, comunica a los Se\u00f1ores pilotos, concurrentes y preparadores, que a<\/p>\n","protected":false},"author":1,"featured_media":25837,"comment_status":"closed","ping_status":"closed","sticky":false,"template":"","format":"standard","meta":{"footnotes":""},"categories":[1],"tags":[],"class_list":["post-25836","post","type-post","status-publish","format-standard","has-post-thumbnail","hentry","category-zonal-cuyano"],"featured_image_urls":{"full":["https:\/\/curva1.com.ar\/wp-content\/uploads\/2018\/07\/IMG_0491.jpg",960,540,false],"thumbnail":["https:\/\/curva1.com.ar\/wp-content\/uploads\/2018\/07\/IMG_0491-300x169.jpg",300,169,true],"medium":["https:\/\/curva1.com.ar\/wp-content\/uploads\/2018\/07\/IMG_0491-600x337.jpg",600,337,true],"medium_large":["https:\/\/curva1.com.ar\/wp-content\/uploads\/2018\/07\/IMG_0491-768x432.jpg",640,360,true],"large":["https:\/\/curva1.com.ar\/wp-content\/uploads\/2018\/07\/IMG_0491.jpg",640,360,false],"1536x1536":["https:\/\/curva1.com.ar\/wp-content\/uploads\/2018\/07\/IMG_0491.jpg",960,540,false],"2048x2048":["https:\/\/curva1.com.ar\/wp-content\/uploads\/2018\/07\/IMG_0491.jpg",960,540,false],"chromenews-featured":["https:\/\/curva1.com.ar\/wp-content\/uploads\/2018\/07\/IMG_0491.jpg",960,540,false],"chromenews-large":["https:\/\/curva1.com.ar\/wp-content\/uploads\/2018\/07\/IMG_0491.jpg",825,464,false],"chromenews-medium":["https:\/\/curva1.com.ar\/wp-content\/uploads\/2018\/07\/IMG_0491.jpg",590,332,false]},"author_info":{"display_name":"Jos\u00e9 Bravo","author_link":"https:\/\/curva1.com.ar\/?author=1"},"category_info":"<a href=\"https:\/\/curva1.com.ar\/?cat=1\" rel=\"category\">Zonal Cuyano<\/a>","tag_info":"Zonal Cuyano","comment_count":"0","_links":{"self":[{"href":"https:\/\/curva1.com.ar\/index.php?rest_route=\/wp\/v2\/posts\/25836","targetHints":{"allow":["GET"]}}],"collection":[{"href":"https:\/\/curva1.com.ar\/index.php?rest_route=\/wp\/v2\/posts"}],"about":[{"href":"https:\/\/curva1.com.ar\/index.php?rest_route=\/wp\/v2\/types\/post"}],"author":[{"embeddable":true,"href":"https:\/\/curva1.com.ar\/index.php?rest_route=\/wp\/v2\/users\/1"}],"replies":[{"embeddable":true,"href":"https:\/\/curva1.com.ar\/index.php?rest_route=%2Fwp%2Fv2%2Fcomments&post=25836"}],"version-history":[{"count":2,"href":"https:\/\/curva1.com.ar\/index.php?rest_route=\/wp\/v2\/posts\/25836\/revisions"}],"predecessor-version":[{"id":25839,"href":"https:\/\/curva1.com.ar\/index.php?rest_route=\/wp\/v2\/posts\/25836\/revisions\/25839"}],"wp:featuredmedia":[{"embeddable":true,"href":"https:\/\/curva1.com.ar\/index.php?rest_route=\/wp\/v2\/media\/25837"}],"wp:attachment":[{"href":"https:\/\/curva1.com.ar\/index.php?rest_route=%2Fwp%2Fv2%2Fmedia&parent=25836"}],"wp:term":[{"taxonomy":"category","embeddable":true,"href":"https:\/\/curva1.com.ar\/index.php?rest_route=%2Fwp%2Fv2%2Fcategories&post=25836"},{"taxonomy":"post_tag","embeddable":true,"href":"https:\/\/curva1.com.ar\/index.php?rest_route=%2Fwp%2Fv2%2Ftags&post=25836"}],"curies":[{"name":"wp","href":"https:\/\/api.w.org\/{rel}","templated":true}]}}