{"id":25862,"date":"2018-07-19T20:55:12","date_gmt":"2018-07-19T23:55:12","guid":{"rendered":"http:\/\/www.curva1.com.ar\/?p=25862"},"modified":"2018-07-19T21:11:40","modified_gmt":"2018-07-20T00:11:40","slug":"lucas-vicino-llega-confiado-a-la-quebrada-rugiente-de-el-zonda","status":"publish","type":"post","link":"https:\/\/curva1.com.ar\/?p=25862","title":{"rendered":"Lucas Vicino llega confiado a la quebrada rugiente de &#8220;El Zonda&#8221;"},"content":{"rendered":"<p><img loading=\"lazy\" decoding=\"async\" class=\"aligncenter size-full wp-image-25863\" src=\"http:\/\/www.curva1.com.ar\/wp-content\/uploads\/2018\/07\/MRG_3589.jpg\" alt=\"\" width=\"2047\" height=\"1335\" srcset=\"https:\/\/curva1.com.ar\/wp-content\/uploads\/2018\/07\/MRG_3589.jpg 2047w, https:\/\/curva1.com.ar\/wp-content\/uploads\/2018\/07\/MRG_3589-517x337.jpg 517w, https:\/\/curva1.com.ar\/wp-content\/uploads\/2018\/07\/MRG_3589-768x501.jpg 768w, https:\/\/curva1.com.ar\/wp-content\/uploads\/2018\/07\/MRG_3589-1024x668.jpg 1024w\" sizes=\"auto, (max-width: 2047px) 100vw, 2047px\" \/><\/p>\n<p><strong>El piloto de Las Heras disputar\u00e1 este fin de semana la sexta fecha del certamen de\u00a0la F\u00f3rmula Renault 2.0 en el m\u00edtico trazado sanjuanino.<\/strong><\/p>\n<p><strong>Lucas Vicino<\/strong>\u00a0se encuentra a horas de un nuevo desaf\u00edo en la F\u00f3rmula Renault 2.0 y ser\u00e1 muy cerca de su casa, ya que la categor\u00eda escuela del automovilismo argentino se presentar\u00e1 en el m\u00edtico aut\u00f3dromo El Zonda-Eduardo Copello de San Juan, para cumplir la 6\u00aa fecha de la temporada.<\/p>\n<p>Disputadas cinco fechas (diez finales), el piloto oriundo de Las Heras suma 162 puntos y ocupa la tercera posici\u00f3n en el certamen, el cual es liderado por Exequiel Bastidas con 184 unidades, seguido por Nicol\u00e1s Moscardini con 177.<\/p>\n<p>Con una de las unidades del LR Team, el mendocino viene de una actuaci\u00f3n irregular en Rafaela, lo cual lo baj\u00f3 de la cima de las posiciones.<\/p>\n<p><strong>\u201c<em>El a\u00f1o pasado funcionamos bien y conseguimos un podio en la final del s\u00e1bado. Buscaremos redondear un buen fin de semana, la pista me gusta mucho, tiene combinaciones de partes r\u00e1pidas y lentas. Buscaremos lograr una puesta a punto optima que nos permita ir r\u00e1pido, el circuito no da mucho margen de error, as\u00ed que para lograr una vuelta r\u00e1pida tiene que estar todo en condiciones<\/em>\u201d<\/strong>, coment\u00f3 Lucas.<\/p>\n<p>La actividad sanjuanina se pondr\u00e1 en marcha este viernes con el desarrollo de dos entrenamientos libres (14 y 15.40). El s\u00e1bado se llevar\u00e1 a cabo un entrenamiento (8.30), la clasificaci\u00f3n y la S\u00faper Q (10.50 y 11.05). La final sabatina se podr\u00e1 en marcha a las 13.20, mientras que la carrera dominical se disputar\u00e1 a las 10.50, ambas tendr\u00e1n una extensi\u00f3n de 18 vueltas (o un m\u00e1ximo de 30 minutos) al trazado de 3.240 metros de longitud.<\/p>\n","protected":false},"excerpt":{"rendered":"<p>El piloto de Las Heras disputar\u00e1 este fin de semana la sexta fecha del certamen<\/p>\n","protected":false},"author":1,"featured_media":25863,"comment_status":"closed","ping_status":"closed","sticky":false,"template":"","format":"standard","meta":{"footnotes":""},"categories":[6],"tags":[],"class_list":["post-25862","post","type-post","status-publish","format-standard","has-post-thumbnail","hentry","category-nacionales"],"featured_image_urls":{"full":["https:\/\/curva1.com.ar\/wp-content\/uploads\/2018\/07\/MRG_3589.jpg",2047,1335,false],"thumbnail":["https:\/\/curva1.com.ar\/wp-content\/uploads\/2018\/07\/MRG_3589-300x169.jpg",300,169,true],"medium":["https:\/\/curva1.com.ar\/wp-content\/uploads\/2018\/07\/MRG_3589-517x337.jpg",517,337,true],"medium_large":["https:\/\/curva1.com.ar\/wp-content\/uploads\/2018\/07\/MRG_3589-768x501.jpg",640,418,true],"large":["https:\/\/curva1.com.ar\/wp-content\/uploads\/2018\/07\/MRG_3589-1024x668.jpg",640,418,true],"1536x1536":["https:\/\/curva1.com.ar\/wp-content\/uploads\/2018\/07\/MRG_3589.jpg",1536,1002,false],"2048x2048":["https:\/\/curva1.com.ar\/wp-content\/uploads\/2018\/07\/MRG_3589.jpg",2047,1335,false],"chromenews-featured":["https:\/\/curva1.com.ar\/wp-content\/uploads\/2018\/07\/MRG_3589.jpg",1024,668,false],"chromenews-large":["https:\/\/curva1.com.ar\/wp-content\/uploads\/2018\/07\/MRG_3589.jpg",825,538,false],"chromenews-medium":["https:\/\/curva1.com.ar\/wp-content\/uploads\/2018\/07\/MRG_3589.jpg",590,385,false]},"author_info":{"display_name":"Jos\u00e9 Bravo","author_link":"https:\/\/curva1.com.ar\/?author=1"},"category_info":"<a href=\"https:\/\/curva1.com.ar\/?cat=6\" rel=\"category\">Nacionales<\/a>","tag_info":"Nacionales","comment_count":"0","_links":{"self":[{"href":"https:\/\/curva1.com.ar\/index.php?rest_route=\/wp\/v2\/posts\/25862","targetHints":{"allow":["GET"]}}],"collection":[{"href":"https:\/\/curva1.com.ar\/index.php?rest_route=\/wp\/v2\/posts"}],"about":[{"href":"https:\/\/curva1.com.ar\/index.php?rest_route=\/wp\/v2\/types\/post"}],"author":[{"embeddable":true,"href":"https:\/\/curva1.com.ar\/index.php?rest_route=\/wp\/v2\/users\/1"}],"replies":[{"embeddable":true,"href":"https:\/\/curva1.com.ar\/index.php?rest_route=%2Fwp%2Fv2%2Fcomments&post=25862"}],"version-history":[{"count":1,"href":"https:\/\/curva1.com.ar\/index.php?rest_route=\/wp\/v2\/posts\/25862\/revisions"}],"predecessor-version":[{"id":25864,"href":"https:\/\/curva1.com.ar\/index.php?rest_route=\/wp\/v2\/posts\/25862\/revisions\/25864"}],"wp:featuredmedia":[{"embeddable":true,"href":"https:\/\/curva1.com.ar\/index.php?rest_route=\/wp\/v2\/media\/25863"}],"wp:attachment":[{"href":"https:\/\/curva1.com.ar\/index.php?rest_route=%2Fwp%2Fv2%2Fmedia&parent=25862"}],"wp:term":[{"taxonomy":"category","embeddable":true,"href":"https:\/\/curva1.com.ar\/index.php?rest_route=%2Fwp%2Fv2%2Fcategories&post=25862"},{"taxonomy":"post_tag","embeddable":true,"href":"https:\/\/curva1.com.ar\/index.php?rest_route=%2Fwp%2Fv2%2Ftags&post=25862"}],"curies":[{"name":"wp","href":"https:\/\/api.w.org\/{rel}","templated":true}]}}