{"id":25865,"date":"2018-07-25T17:45:24","date_gmt":"2018-07-25T20:45:24","guid":{"rendered":"http:\/\/www.curva1.com.ar\/?p=25865"},"modified":"2018-07-25T17:45:47","modified_gmt":"2018-07-25T20:45:47","slug":"santibanez-y-contin-consiguieron-buenos-puntos-en-el-cabalen","status":"publish","type":"post","link":"https:\/\/curva1.com.ar\/?p=25865","title":{"rendered":"Santib\u00e1\u00f1ez y Cont\u00edn consiguieron buenos puntos en el Cabal\u00e9n"},"content":{"rendered":"<p><img loading=\"lazy\" decoding=\"async\" class=\"aligncenter size-full wp-image-25866\" src=\"http:\/\/www.curva1.com.ar\/wp-content\/uploads\/2018\/07\/Gustavo-Santib\u00e1\u00f1ez-1-1.jpg\" alt=\"\" width=\"1290\" height=\"860\" srcset=\"https:\/\/curva1.com.ar\/wp-content\/uploads\/2018\/07\/Gustavo-Santib\u00e1\u00f1ez-1-1.jpg 1290w, https:\/\/curva1.com.ar\/wp-content\/uploads\/2018\/07\/Gustavo-Santib\u00e1\u00f1ez-1-1-506x337.jpg 506w, https:\/\/curva1.com.ar\/wp-content\/uploads\/2018\/07\/Gustavo-Santib\u00e1\u00f1ez-1-1-768x512.jpg 768w, https:\/\/curva1.com.ar\/wp-content\/uploads\/2018\/07\/Gustavo-Santib\u00e1\u00f1ez-1-1-1024x683.jpg 1024w\" sizes=\"auto, (max-width: 1290px) 100vw, 1290px\" \/><\/p>\n<p>Alta Gracia tuvo la fecha con invitados del TS1800, y Gustavo Santib\u00e1\u00f1ez con Carlos Cont\u00edn condujeron el Peugeot 206 al s\u00e9ptimo lugar final. Vi\u00e9ndose en inferioridades t\u00e9cnicas, no descansaron para sacar adelante un fin de semana complejo.<\/p>\n<p>El mendocino tuvo un s\u00e1bado muy duro, porque la fecha con invitados elev\u00f3 el nivel de todos los conjuntos y se gener\u00f3 una competencia extremadamente pareja. Estando siempre entre los diez de adelante, Santib\u00e1\u00f1ez pudo clasificar s\u00e9ptimo, y de esa manera esperaba el domingo para progresar junto a su invitado Cont\u00edn.<\/p>\n<p>En una prueba dividida en dos segmentos, Gustavo larg\u00f3 en la primera, y se entrever\u00f3 notablemente con varios rivales destacados. Gan\u00f3 y perdi\u00f3, pero pudo llegar en octavo puesto para dejarle a Cont\u00edn un puesto interesante para sumar. El santafesino la luch\u00f3 por su lado, y llegando s\u00e9ptimo pudo darle al mendocino la tranquilidad de al menos llevar valiosas unidades.<\/p>\n<p><strong>\u201cSab\u00eda que mi auto tiene un problema en los curvones r\u00e1pidos, donde estamos inestables. Con Carlos Cont\u00edn trabajamos para ponerlo a punto para \u00e9l, y que analice lo que hace el 206 en carrera. En clasificaci\u00f3n anduvimos muy bien, pero en carrera no pudimos redondear. Vamos a tener que seguir trabajando para solucionar ese problema, junto al SRS Group\u201d,<\/strong> asegur\u00f3 Santib\u00e1\u00f1ez.<\/p>\n<p>Y opin\u00f3:<strong> \u201cEn lo reglamentario, vi que los llorones de la carrera de Rafaela volaron este fin de semana. La categor\u00eda va a tener que mejorar las cosas porque creo que no es justo. Por otro lado, se vio que los pilotos invitados profesionales hicieron gran diferencia a los titulares\u201d.<\/strong><\/p>\n<p>Finalmente, analiz\u00f3: <strong>\u201cPara la pr\u00f3xima, no hemos descargado ni cargado kilos, y sabemos que en Rafaela podemos volver a andar bien. Agradezco a Carlos Cont\u00edn por todo lo que hizo, y creo que no fui bien psicol\u00f3gicamente. Esperemos mejorar todos los defectos y estar mejor para la que viene\u201d.<\/strong><\/p>\n<p>La pr\u00f3xima fecha ser\u00e1 el fin de semana del 12 de agosto, en el aut\u00f3dromo de Rafaela.<\/p>\n","protected":false},"excerpt":{"rendered":"<p>Alta Gracia tuvo la fecha con invitados del TS1800, y Gustavo Santib\u00e1\u00f1ez con Carlos Cont\u00edn<\/p>\n","protected":false},"author":1,"featured_media":25866,"comment_status":"closed","ping_status":"closed","sticky":false,"template":"","format":"standard","meta":{"footnotes":""},"categories":[6],"tags":[],"class_list":["post-25865","post","type-post","status-publish","format-standard","has-post-thumbnail","hentry","category-nacionales"],"featured_image_urls":{"full":["https:\/\/curva1.com.ar\/wp-content\/uploads\/2018\/07\/Gustavo-Santib\u00e1\u00f1ez-1-1.jpg",1290,860,false],"thumbnail":["https:\/\/curva1.com.ar\/wp-content\/uploads\/2018\/07\/Gustavo-Santib\u00e1\u00f1ez-1-1-300x169.jpg",300,169,true],"medium":["https:\/\/curva1.com.ar\/wp-content\/uploads\/2018\/07\/Gustavo-Santib\u00e1\u00f1ez-1-1-506x337.jpg",506,337,true],"medium_large":["https:\/\/curva1.com.ar\/wp-content\/uploads\/2018\/07\/Gustavo-Santib\u00e1\u00f1ez-1-1-768x512.jpg",640,427,true],"large":["https:\/\/curva1.com.ar\/wp-content\/uploads\/2018\/07\/Gustavo-Santib\u00e1\u00f1ez-1-1-1024x683.jpg",640,427,true],"1536x1536":["https:\/\/curva1.com.ar\/wp-content\/uploads\/2018\/07\/Gustavo-Santib\u00e1\u00f1ez-1-1.jpg",1290,860,false],"2048x2048":["https:\/\/curva1.com.ar\/wp-content\/uploads\/2018\/07\/Gustavo-Santib\u00e1\u00f1ez-1-1.jpg",1290,860,false],"chromenews-featured":["https:\/\/curva1.com.ar\/wp-content\/uploads\/2018\/07\/Gustavo-Santib\u00e1\u00f1ez-1-1.jpg",1024,683,false],"chromenews-large":["https:\/\/curva1.com.ar\/wp-content\/uploads\/2018\/07\/Gustavo-Santib\u00e1\u00f1ez-1-1.jpg",825,550,false],"chromenews-medium":["https:\/\/curva1.com.ar\/wp-content\/uploads\/2018\/07\/Gustavo-Santib\u00e1\u00f1ez-1-1.jpg",590,393,false]},"author_info":{"display_name":"Jos\u00e9 Bravo","author_link":"https:\/\/curva1.com.ar\/?author=1"},"category_info":"<a href=\"https:\/\/curva1.com.ar\/?cat=6\" rel=\"category\">Nacionales<\/a>","tag_info":"Nacionales","comment_count":"0","_links":{"self":[{"href":"https:\/\/curva1.com.ar\/index.php?rest_route=\/wp\/v2\/posts\/25865","targetHints":{"allow":["GET"]}}],"collection":[{"href":"https:\/\/curva1.com.ar\/index.php?rest_route=\/wp\/v2\/posts"}],"about":[{"href":"https:\/\/curva1.com.ar\/index.php?rest_route=\/wp\/v2\/types\/post"}],"author":[{"embeddable":true,"href":"https:\/\/curva1.com.ar\/index.php?rest_route=\/wp\/v2\/users\/1"}],"replies":[{"embeddable":true,"href":"https:\/\/curva1.com.ar\/index.php?rest_route=%2Fwp%2Fv2%2Fcomments&post=25865"}],"version-history":[{"count":1,"href":"https:\/\/curva1.com.ar\/index.php?rest_route=\/wp\/v2\/posts\/25865\/revisions"}],"predecessor-version":[{"id":25867,"href":"https:\/\/curva1.com.ar\/index.php?rest_route=\/wp\/v2\/posts\/25865\/revisions\/25867"}],"wp:featuredmedia":[{"embeddable":true,"href":"https:\/\/curva1.com.ar\/index.php?rest_route=\/wp\/v2\/media\/25866"}],"wp:attachment":[{"href":"https:\/\/curva1.com.ar\/index.php?rest_route=%2Fwp%2Fv2%2Fmedia&parent=25865"}],"wp:term":[{"taxonomy":"category","embeddable":true,"href":"https:\/\/curva1.com.ar\/index.php?rest_route=%2Fwp%2Fv2%2Fcategories&post=25865"},{"taxonomy":"post_tag","embeddable":true,"href":"https:\/\/curva1.com.ar\/index.php?rest_route=%2Fwp%2Fv2%2Ftags&post=25865"}],"curies":[{"name":"wp","href":"https:\/\/api.w.org\/{rel}","templated":true}]}}