{"id":25879,"date":"2018-07-26T13:13:13","date_gmt":"2018-07-26T16:13:13","guid":{"rendered":"http:\/\/www.curva1.com.ar\/?p=25879"},"modified":"2018-07-26T14:53:42","modified_gmt":"2018-07-26T17:53:42","slug":"comenzo-fuerte-promocion-para-la-cuarta-fecha-del-zonal-cuyano","status":"publish","type":"post","link":"https:\/\/curva1.com.ar\/?p=25879","title":{"rendered":"Comenz\u00f3 fuerte promoci\u00f3n para la cuarta fecha del Zonal Cuyano"},"content":{"rendered":"<p><img loading=\"lazy\" decoding=\"async\" class=\"aligncenter size-full wp-image-25889\" src=\"http:\/\/www.curva1.com.ar\/wp-content\/uploads\/2018\/07\/IMG_0743.jpg\" alt=\"\" width=\"960\" height=\"540\" srcset=\"https:\/\/curva1.com.ar\/wp-content\/uploads\/2018\/07\/IMG_0743.jpg 960w, https:\/\/curva1.com.ar\/wp-content\/uploads\/2018\/07\/IMG_0743-300x169.jpg 300w, https:\/\/curva1.com.ar\/wp-content\/uploads\/2018\/07\/IMG_0743-600x337.jpg 600w, https:\/\/curva1.com.ar\/wp-content\/uploads\/2018\/07\/IMG_0743-768x432.jpg 768w\" sizes=\"auto, (max-width: 960px) 100vw, 960px\" \/><\/p>\n<p>Ser\u00e1 la primera vez que la Asociaci\u00f3n Categor\u00edas Tradicionales (ACT) organice una fecha del Zonal Cuyano de Pista y por eso dirigentes estuvieron hoy en San Mart\u00edn ajustando detalles para la carrera del pr\u00f3ximo fin de semana.<\/p>\n<p>Por Canal 9 de Mendoza comenz\u00f3 a circular el spot publicitario del evento, como tambi\u00e9n en algunas radios de la zona este y gran Mendoza, sumado a las redes sociales.<\/p>\n<p>Se esperan m\u00e1s de 80 autos para el pr\u00f3ximo s\u00e1bado y domingo, donde el ingreso a boxes para los dos d\u00edas costar\u00e1 $150 y la general $100 (con ingreso liberado a boxes solo el s\u00e1bado).<\/p>\n<hr \/>\n<p style=\"text-align: center;\"><iframe loading=\"lazy\" style=\"border: none; overflow: hidden;\" src=\"https:\/\/www.facebook.com\/plugins\/video.php?href=https%3A%2F%2Fwww.facebook.com%2Frevistacurva1%2Fvideos%2F1801500129886100%2F&amp;show_text=0&amp;width=560\" width=\"560\" height=\"308\" frameborder=\"0\" scrolling=\"no\" allowfullscreen=\"allowfullscreen\"><\/iframe><\/p>\n<hr \/>\n<p style=\"text-align: center;\">\n","protected":false},"excerpt":{"rendered":"<p>Ser\u00e1 la primera vez que la Asociaci\u00f3n Categor\u00edas Tradicionales (ACT) organice una fecha del Zonal<\/p>\n","protected":false},"author":1,"featured_media":25889,"comment_status":"closed","ping_status":"closed","sticky":false,"template":"","format":"standard","meta":{"footnotes":""},"categories":[1],"tags":[],"class_list":["post-25879","post","type-post","status-publish","format-standard","has-post-thumbnail","hentry","category-zonal-cuyano"],"featured_image_urls":{"full":["https:\/\/curva1.com.ar\/wp-content\/uploads\/2018\/07\/IMG_0743.jpg",960,540,false],"thumbnail":["https:\/\/curva1.com.ar\/wp-content\/uploads\/2018\/07\/IMG_0743-300x169.jpg",300,169,true],"medium":["https:\/\/curva1.com.ar\/wp-content\/uploads\/2018\/07\/IMG_0743-600x337.jpg",600,337,true],"medium_large":["https:\/\/curva1.com.ar\/wp-content\/uploads\/2018\/07\/IMG_0743-768x432.jpg",640,360,true],"large":["https:\/\/curva1.com.ar\/wp-content\/uploads\/2018\/07\/IMG_0743.jpg",640,360,false],"1536x1536":["https:\/\/curva1.com.ar\/wp-content\/uploads\/2018\/07\/IMG_0743.jpg",960,540,false],"2048x2048":["https:\/\/curva1.com.ar\/wp-content\/uploads\/2018\/07\/IMG_0743.jpg",960,540,false],"chromenews-featured":["https:\/\/curva1.com.ar\/wp-content\/uploads\/2018\/07\/IMG_0743.jpg",960,540,false],"chromenews-large":["https:\/\/curva1.com.ar\/wp-content\/uploads\/2018\/07\/IMG_0743.jpg",825,464,false],"chromenews-medium":["https:\/\/curva1.com.ar\/wp-content\/uploads\/2018\/07\/IMG_0743.jpg",590,332,false]},"author_info":{"display_name":"Jos\u00e9 Bravo","author_link":"https:\/\/curva1.com.ar\/?author=1"},"category_info":"<a href=\"https:\/\/curva1.com.ar\/?cat=1\" rel=\"category\">Zonal Cuyano<\/a>","tag_info":"Zonal Cuyano","comment_count":"0","_links":{"self":[{"href":"https:\/\/curva1.com.ar\/index.php?rest_route=\/wp\/v2\/posts\/25879","targetHints":{"allow":["GET"]}}],"collection":[{"href":"https:\/\/curva1.com.ar\/index.php?rest_route=\/wp\/v2\/posts"}],"about":[{"href":"https:\/\/curva1.com.ar\/index.php?rest_route=\/wp\/v2\/types\/post"}],"author":[{"embeddable":true,"href":"https:\/\/curva1.com.ar\/index.php?rest_route=\/wp\/v2\/users\/1"}],"replies":[{"embeddable":true,"href":"https:\/\/curva1.com.ar\/index.php?rest_route=%2Fwp%2Fv2%2Fcomments&post=25879"}],"version-history":[{"count":1,"href":"https:\/\/curva1.com.ar\/index.php?rest_route=\/wp\/v2\/posts\/25879\/revisions"}],"predecessor-version":[{"id":25890,"href":"https:\/\/curva1.com.ar\/index.php?rest_route=\/wp\/v2\/posts\/25879\/revisions\/25890"}],"wp:featuredmedia":[{"embeddable":true,"href":"https:\/\/curva1.com.ar\/index.php?rest_route=\/wp\/v2\/media\/25889"}],"wp:attachment":[{"href":"https:\/\/curva1.com.ar\/index.php?rest_route=%2Fwp%2Fv2%2Fmedia&parent=25879"}],"wp:term":[{"taxonomy":"category","embeddable":true,"href":"https:\/\/curva1.com.ar\/index.php?rest_route=%2Fwp%2Fv2%2Fcategories&post=25879"},{"taxonomy":"post_tag","embeddable":true,"href":"https:\/\/curva1.com.ar\/index.php?rest_route=%2Fwp%2Fv2%2Ftags&post=25879"}],"curies":[{"name":"wp","href":"https:\/\/api.w.org\/{rel}","templated":true}]}}