{"id":2588,"date":"2012-11-28T15:54:23","date_gmt":"2012-11-28T18:54:23","guid":{"rendered":"http:\/\/www.curva1.com.ar\/?p=2588"},"modified":"2012-11-28T15:55:32","modified_gmt":"2012-11-28T18:55:32","slug":"girala-vamos-a-dejar-todo-para-buscar-el-titulo","status":"publish","type":"post","link":"https:\/\/curva1.com.ar\/?p=2588","title":{"rendered":"Girala &#8220;Vamos a dejar todo en la fecha del fin de semana&#8221;"},"content":{"rendered":"<p><img loading=\"lazy\" decoding=\"async\" class=\"aligncenter size-full wp-image-2590\" title=\"GEDSC DIGITAL CAMERA\" src=\"http:\/\/www.curva1.com.ar\/wp-content\/uploads\/2012\/11\/GED22C0137.jpg\" alt=\"\" width=\"500\" height=\"281\" srcset=\"https:\/\/curva1.com.ar\/wp-content\/uploads\/2012\/11\/GED22C0137.jpg 500w, https:\/\/curva1.com.ar\/wp-content\/uploads\/2012\/11\/GED22C0137-300x168.jpg 300w\" sizes=\"auto, (max-width: 500px) 100vw, 500px\" \/><\/p>\n<p>El piloto de San Mart\u00edn, Abdo Girala, expres\u00f3 en la ma\u00f1ana de hoy que <strong>&#8220;est\u00e1 tranquilo y con esperanzas para la definici\u00f3n del campeonato de la Clase 2, el pr\u00f3ximo domingo en San Mart\u00edn&#8221;.<\/strong><\/p>\n<p><strong>&#8220;Estamos bien, el equipo tiene todo listo y estamos esperando que llegue el fin de semana. En el certamen estamos tercero, pero nos falta lo m\u00e1s dif\u00edcil que es ganar. Sabemos que ser\u00e1 dif\u00edcil, pero me la juego por todo y vamos a dejar todo para terminar el a\u00f1o de la mejor manera&#8221;<\/strong> dijo Girala a Curva 1.<\/p>\n<p>El campeonato de la Clase 2 del Zonal Cuyano est\u00e1 as\u00ed:<\/p>\n<p style=\"padding-left: 30px;\">PABLO MAURI &#8230;&#8230;&#8230;&#8230;&#8230;&#8230;&#8230;&#8230;&#8230;. 132 puntos<\/p>\n<p style=\"padding-left: 30px;\">GUSTAVO SANTIBA\u00d1EZ &#8230;&#8230;&#8230;&#8230; 114 puntos<\/p>\n<p style=\"padding-left: 30px;\">ABDO GIRALA &#8230;&#8230;&#8230;&#8230;&#8230;&#8230;&#8230;&#8230;&#8230;. 98 puntos<\/p>\n","protected":false},"excerpt":{"rendered":"<p>El piloto de San Mart\u00edn, Abdo Girala, expres\u00f3 en la ma\u00f1ana de hoy que &#8220;est\u00e1<\/p>\n","protected":false},"author":1,"featured_media":2590,"comment_status":"open","ping_status":"closed","sticky":false,"template":"","format":"standard","meta":{"footnotes":""},"categories":[1],"tags":[],"class_list":["post-2588","post","type-post","status-publish","format-standard","has-post-thumbnail","hentry","category-zonal-cuyano"],"featured_image_urls":{"full":["https:\/\/curva1.com.ar\/wp-content\/uploads\/2012\/11\/GED22C0137.jpg",500,281,false],"thumbnail":["https:\/\/curva1.com.ar\/wp-content\/uploads\/2012\/11\/GED22C0137-150x150.jpg",150,150,true],"medium":["https:\/\/curva1.com.ar\/wp-content\/uploads\/2012\/11\/GED22C0137-300x168.jpg",300,168,true],"medium_large":["https:\/\/curva1.com.ar\/wp-content\/uploads\/2012\/11\/GED22C0137.jpg",500,281,false],"large":["https:\/\/curva1.com.ar\/wp-content\/uploads\/2012\/11\/GED22C0137.jpg",500,281,false],"1536x1536":["https:\/\/curva1.com.ar\/wp-content\/uploads\/2012\/11\/GED22C0137.jpg",500,281,false],"2048x2048":["https:\/\/curva1.com.ar\/wp-content\/uploads\/2012\/11\/GED22C0137.jpg",500,281,false],"chromenews-featured":["https:\/\/curva1.com.ar\/wp-content\/uploads\/2012\/11\/GED22C0137.jpg",500,281,false],"chromenews-large":["https:\/\/curva1.com.ar\/wp-content\/uploads\/2012\/11\/GED22C0137.jpg",500,281,false],"chromenews-medium":["https:\/\/curva1.com.ar\/wp-content\/uploads\/2012\/11\/GED22C0137.jpg",500,281,false]},"author_info":{"display_name":"Jos\u00e9 Bravo","author_link":"https:\/\/curva1.com.ar\/?author=1"},"category_info":"<a href=\"https:\/\/curva1.com.ar\/?cat=1\" rel=\"category\">Zonal Cuyano<\/a>","tag_info":"Zonal Cuyano","comment_count":"0","_links":{"self":[{"href":"https:\/\/curva1.com.ar\/index.php?rest_route=\/wp\/v2\/posts\/2588","targetHints":{"allow":["GET"]}}],"collection":[{"href":"https:\/\/curva1.com.ar\/index.php?rest_route=\/wp\/v2\/posts"}],"about":[{"href":"https:\/\/curva1.com.ar\/index.php?rest_route=\/wp\/v2\/types\/post"}],"author":[{"embeddable":true,"href":"https:\/\/curva1.com.ar\/index.php?rest_route=\/wp\/v2\/users\/1"}],"replies":[{"embeddable":true,"href":"https:\/\/curva1.com.ar\/index.php?rest_route=%2Fwp%2Fv2%2Fcomments&post=2588"}],"version-history":[{"count":2,"href":"https:\/\/curva1.com.ar\/index.php?rest_route=\/wp\/v2\/posts\/2588\/revisions"}],"predecessor-version":[{"id":2592,"href":"https:\/\/curva1.com.ar\/index.php?rest_route=\/wp\/v2\/posts\/2588\/revisions\/2592"}],"wp:featuredmedia":[{"embeddable":true,"href":"https:\/\/curva1.com.ar\/index.php?rest_route=\/wp\/v2\/media\/2590"}],"wp:attachment":[{"href":"https:\/\/curva1.com.ar\/index.php?rest_route=%2Fwp%2Fv2%2Fmedia&parent=2588"}],"wp:term":[{"taxonomy":"category","embeddable":true,"href":"https:\/\/curva1.com.ar\/index.php?rest_route=%2Fwp%2Fv2%2Fcategories&post=2588"},{"taxonomy":"post_tag","embeddable":true,"href":"https:\/\/curva1.com.ar\/index.php?rest_route=%2Fwp%2Fv2%2Ftags&post=2588"}],"curies":[{"name":"wp","href":"https:\/\/api.w.org\/{rel}","templated":true}]}}