{"id":25897,"date":"2018-07-25T20:34:00","date_gmt":"2018-07-25T23:34:00","guid":{"rendered":"http:\/\/www.curva1.com.ar\/?p=25897"},"modified":"2018-07-25T20:36:41","modified_gmt":"2018-07-25T23:36:41","slug":"bajas-y-varios-debutantes-en-el-turismo-promocional","status":"publish","type":"post","link":"https:\/\/curva1.com.ar\/?p=25897","title":{"rendered":"Bajas y varios debutantes en el Turismo Promocional"},"content":{"rendered":"<p><img loading=\"lazy\" decoding=\"async\" class=\"aligncenter size-full wp-image-25898\" src=\"http:\/\/www.curva1.com.ar\/wp-content\/uploads\/2018\/07\/IMG_20180725_163831.jpg\" alt=\"\" width=\"900\" height=\"508\" srcset=\"https:\/\/curva1.com.ar\/wp-content\/uploads\/2018\/07\/IMG_20180725_163831.jpg 900w, https:\/\/curva1.com.ar\/wp-content\/uploads\/2018\/07\/IMG_20180725_163831-300x169.jpg 300w, https:\/\/curva1.com.ar\/wp-content\/uploads\/2018\/07\/IMG_20180725_163831-597x337.jpg 597w, https:\/\/curva1.com.ar\/wp-content\/uploads\/2018\/07\/IMG_20180725_163831-768x433.jpg 768w\" sizes=\"auto, (max-width: 900px) 100vw, 900px\" \/><\/p>\n<p>La categor\u00eda Turismo Promocional sigue creciendo y para el fin de semana se espera el debut de varios pilotos.<\/p>\n<p>Uno ser\u00e1 Sebasti\u00e1n Guajardo, habitual mec\u00e1nico del equipo de Morales, que se sube a uno de los Fiat 147 &#8220;rojito&#8221;. Otro ser\u00e1 Willy Alvarado, que prob\u00f3 en el Pena y se subir\u00e1 al 147 que a\u00f1os anteriores manejaba Baz\u00e1n.<\/p>\n<p>Desde San Juan llegar\u00edan dos nuevos debutantes, elevando el parque de autos a 28 para el domingo pr\u00f3ximo.<\/p>\n<p>Ser\u00e1n baja Julieta Gelvez y Daniel Dohmen, ambos del equipo de Morales.<\/p>\n<p>Hoy por la tarde, Santiago Mol\u00e9 habl\u00f3 de la actualidad de la divisional.<\/p>\n<hr \/>\n<p style=\"text-align: center;\"><iframe loading=\"lazy\" style=\"border: none; overflow: hidden;\" src=\"https:\/\/www.facebook.com\/plugins\/video.php?href=https%3A%2F%2Fwww.facebook.com%2Frevistacurva1%2Fvideos%2F1801726426530137%2F&amp;show_text=0&amp;width=560\" width=\"560\" height=\"314\" frameborder=\"0\" scrolling=\"no\" allowfullscreen=\"allowfullscreen\"><\/iframe><\/p>\n<hr \/>\n","protected":false},"excerpt":{"rendered":"<p>La categor\u00eda Turismo Promocional sigue creciendo y para el fin de semana se espera el<\/p>\n","protected":false},"author":1,"featured_media":25898,"comment_status":"closed","ping_status":"closed","sticky":false,"template":"","format":"standard","meta":{"footnotes":""},"categories":[1],"tags":[],"class_list":["post-25897","post","type-post","status-publish","format-standard","has-post-thumbnail","hentry","category-zonal-cuyano"],"featured_image_urls":{"full":["https:\/\/curva1.com.ar\/wp-content\/uploads\/2018\/07\/IMG_20180725_163831.jpg",900,508,false],"thumbnail":["https:\/\/curva1.com.ar\/wp-content\/uploads\/2018\/07\/IMG_20180725_163831-300x169.jpg",300,169,true],"medium":["https:\/\/curva1.com.ar\/wp-content\/uploads\/2018\/07\/IMG_20180725_163831-597x337.jpg",597,337,true],"medium_large":["https:\/\/curva1.com.ar\/wp-content\/uploads\/2018\/07\/IMG_20180725_163831-768x433.jpg",640,361,true],"large":["https:\/\/curva1.com.ar\/wp-content\/uploads\/2018\/07\/IMG_20180725_163831.jpg",640,361,false],"1536x1536":["https:\/\/curva1.com.ar\/wp-content\/uploads\/2018\/07\/IMG_20180725_163831.jpg",900,508,false],"2048x2048":["https:\/\/curva1.com.ar\/wp-content\/uploads\/2018\/07\/IMG_20180725_163831.jpg",900,508,false],"chromenews-featured":["https:\/\/curva1.com.ar\/wp-content\/uploads\/2018\/07\/IMG_20180725_163831.jpg",900,508,false],"chromenews-large":["https:\/\/curva1.com.ar\/wp-content\/uploads\/2018\/07\/IMG_20180725_163831.jpg",825,466,false],"chromenews-medium":["https:\/\/curva1.com.ar\/wp-content\/uploads\/2018\/07\/IMG_20180725_163831.jpg",590,333,false]},"author_info":{"display_name":"Jos\u00e9 Bravo","author_link":"https:\/\/curva1.com.ar\/?author=1"},"category_info":"<a href=\"https:\/\/curva1.com.ar\/?cat=1\" rel=\"category\">Zonal Cuyano<\/a>","tag_info":"Zonal Cuyano","comment_count":"0","_links":{"self":[{"href":"https:\/\/curva1.com.ar\/index.php?rest_route=\/wp\/v2\/posts\/25897","targetHints":{"allow":["GET"]}}],"collection":[{"href":"https:\/\/curva1.com.ar\/index.php?rest_route=\/wp\/v2\/posts"}],"about":[{"href":"https:\/\/curva1.com.ar\/index.php?rest_route=\/wp\/v2\/types\/post"}],"author":[{"embeddable":true,"href":"https:\/\/curva1.com.ar\/index.php?rest_route=\/wp\/v2\/users\/1"}],"replies":[{"embeddable":true,"href":"https:\/\/curva1.com.ar\/index.php?rest_route=%2Fwp%2Fv2%2Fcomments&post=25897"}],"version-history":[{"count":3,"href":"https:\/\/curva1.com.ar\/index.php?rest_route=\/wp\/v2\/posts\/25897\/revisions"}],"predecessor-version":[{"id":25901,"href":"https:\/\/curva1.com.ar\/index.php?rest_route=\/wp\/v2\/posts\/25897\/revisions\/25901"}],"wp:featuredmedia":[{"embeddable":true,"href":"https:\/\/curva1.com.ar\/index.php?rest_route=\/wp\/v2\/media\/25898"}],"wp:attachment":[{"href":"https:\/\/curva1.com.ar\/index.php?rest_route=%2Fwp%2Fv2%2Fmedia&parent=25897"}],"wp:term":[{"taxonomy":"category","embeddable":true,"href":"https:\/\/curva1.com.ar\/index.php?rest_route=%2Fwp%2Fv2%2Fcategories&post=25897"},{"taxonomy":"post_tag","embeddable":true,"href":"https:\/\/curva1.com.ar\/index.php?rest_route=%2Fwp%2Fv2%2Ftags&post=25897"}],"curies":[{"name":"wp","href":"https:\/\/api.w.org\/{rel}","templated":true}]}}