{"id":25902,"date":"2018-07-25T20:42:14","date_gmt":"2018-07-25T23:42:14","guid":{"rendered":"http:\/\/www.curva1.com.ar\/?p=25902"},"modified":"2018-07-25T20:42:14","modified_gmt":"2018-07-25T23:42:14","slug":"un-debutante-y-un-retorno-desde-el-sur-para-la-clase-2-del-zonal","status":"publish","type":"post","link":"https:\/\/curva1.com.ar\/?p=25902","title":{"rendered":"Un debutante y un retorno &#8220;desde el sur&#8221; para la Clase 2 del zonal"},"content":{"rendered":"<figure id=\"attachment_25903\" aria-describedby=\"caption-attachment-25903\" style=\"width: 960px\" class=\"wp-caption aligncenter\"><img loading=\"lazy\" decoding=\"async\" class=\"size-full wp-image-25903\" src=\"http:\/\/www.curva1.com.ar\/wp-content\/uploads\/2018\/07\/IMG_0885.jpg\" alt=\"\" width=\"960\" height=\"540\" srcset=\"https:\/\/curva1.com.ar\/wp-content\/uploads\/2018\/07\/IMG_0885.jpg 960w, https:\/\/curva1.com.ar\/wp-content\/uploads\/2018\/07\/IMG_0885-300x169.jpg 300w, https:\/\/curva1.com.ar\/wp-content\/uploads\/2018\/07\/IMG_0885-600x337.jpg 600w, https:\/\/curva1.com.ar\/wp-content\/uploads\/2018\/07\/IMG_0885-768x432.jpg 768w\" sizes=\"auto, (max-width: 960px) 100vw, 960px\" \/><figcaption id=\"caption-attachment-25903\" class=\"wp-caption-text\">JUAN PABLO GARCIA SER\u00c1 DE LA PARTIDA EN LA CLASE 2 (Foto: Jos\u00e9 Bravo)<\/figcaption><\/figure>\n<p>En la cuarta fecha se esperan cerca de 14 autos para la Clase 2 del Zonal Cuyano, entre los que figura el retorno del alvearense Miguel Olivera, que no compite desde la temporada pasada.<\/p>\n<p>Adem\u00e1s, debutar\u00e1 Juan Mart\u00edn Herrero, ex campe\u00f3n de la Clase 1.<\/p>\n","protected":false},"excerpt":{"rendered":"<p>En la cuarta fecha se esperan cerca de 14 autos para la Clase 2 del<\/p>\n","protected":false},"author":1,"featured_media":25903,"comment_status":"closed","ping_status":"closed","sticky":false,"template":"","format":"standard","meta":{"footnotes":""},"categories":[1],"tags":[],"class_list":["post-25902","post","type-post","status-publish","format-standard","has-post-thumbnail","hentry","category-zonal-cuyano"],"featured_image_urls":{"full":["https:\/\/curva1.com.ar\/wp-content\/uploads\/2018\/07\/IMG_0885.jpg",960,540,false],"thumbnail":["https:\/\/curva1.com.ar\/wp-content\/uploads\/2018\/07\/IMG_0885-300x169.jpg",300,169,true],"medium":["https:\/\/curva1.com.ar\/wp-content\/uploads\/2018\/07\/IMG_0885-600x337.jpg",600,337,true],"medium_large":["https:\/\/curva1.com.ar\/wp-content\/uploads\/2018\/07\/IMG_0885-768x432.jpg",640,360,true],"large":["https:\/\/curva1.com.ar\/wp-content\/uploads\/2018\/07\/IMG_0885.jpg",640,360,false],"1536x1536":["https:\/\/curva1.com.ar\/wp-content\/uploads\/2018\/07\/IMG_0885.jpg",960,540,false],"2048x2048":["https:\/\/curva1.com.ar\/wp-content\/uploads\/2018\/07\/IMG_0885.jpg",960,540,false],"chromenews-featured":["https:\/\/curva1.com.ar\/wp-content\/uploads\/2018\/07\/IMG_0885.jpg",960,540,false],"chromenews-large":["https:\/\/curva1.com.ar\/wp-content\/uploads\/2018\/07\/IMG_0885.jpg",825,464,false],"chromenews-medium":["https:\/\/curva1.com.ar\/wp-content\/uploads\/2018\/07\/IMG_0885.jpg",590,332,false]},"author_info":{"display_name":"Jos\u00e9 Bravo","author_link":"https:\/\/curva1.com.ar\/?author=1"},"category_info":"<a href=\"https:\/\/curva1.com.ar\/?cat=1\" rel=\"category\">Zonal Cuyano<\/a>","tag_info":"Zonal Cuyano","comment_count":"0","_links":{"self":[{"href":"https:\/\/curva1.com.ar\/index.php?rest_route=\/wp\/v2\/posts\/25902","targetHints":{"allow":["GET"]}}],"collection":[{"href":"https:\/\/curva1.com.ar\/index.php?rest_route=\/wp\/v2\/posts"}],"about":[{"href":"https:\/\/curva1.com.ar\/index.php?rest_route=\/wp\/v2\/types\/post"}],"author":[{"embeddable":true,"href":"https:\/\/curva1.com.ar\/index.php?rest_route=\/wp\/v2\/users\/1"}],"replies":[{"embeddable":true,"href":"https:\/\/curva1.com.ar\/index.php?rest_route=%2Fwp%2Fv2%2Fcomments&post=25902"}],"version-history":[{"count":1,"href":"https:\/\/curva1.com.ar\/index.php?rest_route=\/wp\/v2\/posts\/25902\/revisions"}],"predecessor-version":[{"id":25904,"href":"https:\/\/curva1.com.ar\/index.php?rest_route=\/wp\/v2\/posts\/25902\/revisions\/25904"}],"wp:featuredmedia":[{"embeddable":true,"href":"https:\/\/curva1.com.ar\/index.php?rest_route=\/wp\/v2\/media\/25903"}],"wp:attachment":[{"href":"https:\/\/curva1.com.ar\/index.php?rest_route=%2Fwp%2Fv2%2Fmedia&parent=25902"}],"wp:term":[{"taxonomy":"category","embeddable":true,"href":"https:\/\/curva1.com.ar\/index.php?rest_route=%2Fwp%2Fv2%2Fcategories&post=25902"},{"taxonomy":"post_tag","embeddable":true,"href":"https:\/\/curva1.com.ar\/index.php?rest_route=%2Fwp%2Fv2%2Ftags&post=25902"}],"curies":[{"name":"wp","href":"https:\/\/api.w.org\/{rel}","templated":true}]}}