{"id":25915,"date":"2018-07-25T18:58:45","date_gmt":"2018-07-25T21:58:45","guid":{"rendered":"http:\/\/www.curva1.com.ar\/?p=25915"},"modified":"2018-07-25T21:17:59","modified_gmt":"2018-07-26T00:17:59","slug":"esta-semana-se-realizara-el-lanzamiento-de-picadas-de-san-martin","status":"publish","type":"post","link":"https:\/\/curva1.com.ar\/?p=25915","title":{"rendered":"Esta semana ser\u00e1 el lanzamiento de &#8220;Picadas de San Mart\u00edn&#8221;"},"content":{"rendered":"<figure id=\"attachment_25919\" aria-describedby=\"caption-attachment-25919\" style=\"width: 960px\" class=\"wp-caption aligncenter\"><img loading=\"lazy\" decoding=\"async\" class=\"wp-image-25919 size-full\" src=\"http:\/\/www.curva1.com.ar\/wp-content\/uploads\/2018\/07\/IMG_9153.jpg\" alt=\"\" width=\"960\" height=\"540\" srcset=\"https:\/\/curva1.com.ar\/wp-content\/uploads\/2018\/07\/IMG_9153.jpg 960w, https:\/\/curva1.com.ar\/wp-content\/uploads\/2018\/07\/IMG_9153-300x169.jpg 300w, https:\/\/curva1.com.ar\/wp-content\/uploads\/2018\/07\/IMG_9153-600x337.jpg 600w, https:\/\/curva1.com.ar\/wp-content\/uploads\/2018\/07\/IMG_9153-768x432.jpg 768w\" sizes=\"auto, (max-width: 960px) 100vw, 960px\" \/><figcaption id=\"caption-attachment-25919\" class=\"wp-caption-text\">Foto: Jos\u00e9 Bravo<\/figcaption><\/figure>\n<p>El pr\u00f3ximo viernes se realizar\u00e1 el lanzamiento oficial de <strong>&#8220;Picadas de San Mart\u00edn&#8221;<\/strong> evento que se realizar\u00e1 el <strong>domingo 5 de agosto<\/strong> en el <strong>Aut\u00f3dromo Jorge Angel Pena<\/strong>.<\/p>\n<p>Para esta nuevo evento de Picadas se esperan autos de Mendoza, de distintas provincias del pa\u00eds y tambi\u00e9n varios exponentes de Chile.<\/p>\n<p>La presentaci\u00f3n ser\u00e1 este viernes 27 de julio en la estac\u00f3n de servicio EKO Point (Lima y Lavalle, San Mart\u00edn), donde habr\u00e1 autos, m\u00fasica y regalos para los presentes, adem\u00e1s de una rueda de prensa. El ingreso ser\u00e1 gratuito.<\/p>\n<p><img loading=\"lazy\" decoding=\"async\" class=\"aligncenter size-full wp-image-25916\" src=\"http:\/\/www.curva1.com.ar\/wp-content\/uploads\/2018\/07\/37733339_2056761867727976_3900093719407230976_n.jpg\" alt=\"\" width=\"700\" height=\"525\" srcset=\"https:\/\/curva1.com.ar\/wp-content\/uploads\/2018\/07\/37733339_2056761867727976_3900093719407230976_n.jpg 700w, https:\/\/curva1.com.ar\/wp-content\/uploads\/2018\/07\/37733339_2056761867727976_3900093719407230976_n-449x337.jpg 449w\" sizes=\"auto, (max-width: 700px) 100vw, 700px\" \/><\/p>\n","protected":false},"excerpt":{"rendered":"<p>El pr\u00f3ximo viernes se realizar\u00e1 el lanzamiento oficial de &#8220;Picadas de San Mart\u00edn&#8221; evento que<\/p>\n","protected":false},"author":1,"featured_media":25919,"comment_status":"closed","ping_status":"closed","sticky":false,"template":"","format":"standard","meta":{"footnotes":""},"categories":[32],"tags":[],"class_list":["post-25915","post","type-post","status-publish","format-standard","has-post-thumbnail","hentry","category-picadas"],"featured_image_urls":{"full":["https:\/\/curva1.com.ar\/wp-content\/uploads\/2018\/07\/IMG_9153.jpg",960,540,false],"thumbnail":["https:\/\/curva1.com.ar\/wp-content\/uploads\/2018\/07\/IMG_9153-300x169.jpg",300,169,true],"medium":["https:\/\/curva1.com.ar\/wp-content\/uploads\/2018\/07\/IMG_9153-600x337.jpg",600,337,true],"medium_large":["https:\/\/curva1.com.ar\/wp-content\/uploads\/2018\/07\/IMG_9153-768x432.jpg",640,360,true],"large":["https:\/\/curva1.com.ar\/wp-content\/uploads\/2018\/07\/IMG_9153.jpg",640,360,false],"1536x1536":["https:\/\/curva1.com.ar\/wp-content\/uploads\/2018\/07\/IMG_9153.jpg",960,540,false],"2048x2048":["https:\/\/curva1.com.ar\/wp-content\/uploads\/2018\/07\/IMG_9153.jpg",960,540,false],"chromenews-featured":["https:\/\/curva1.com.ar\/wp-content\/uploads\/2018\/07\/IMG_9153.jpg",960,540,false],"chromenews-large":["https:\/\/curva1.com.ar\/wp-content\/uploads\/2018\/07\/IMG_9153.jpg",825,464,false],"chromenews-medium":["https:\/\/curva1.com.ar\/wp-content\/uploads\/2018\/07\/IMG_9153.jpg",590,332,false]},"author_info":{"display_name":"Jos\u00e9 Bravo","author_link":"https:\/\/curva1.com.ar\/?author=1"},"category_info":"<a href=\"https:\/\/curva1.com.ar\/?cat=32\" rel=\"category\">Picadas<\/a>","tag_info":"Picadas","comment_count":"0","_links":{"self":[{"href":"https:\/\/curva1.com.ar\/index.php?rest_route=\/wp\/v2\/posts\/25915","targetHints":{"allow":["GET"]}}],"collection":[{"href":"https:\/\/curva1.com.ar\/index.php?rest_route=\/wp\/v2\/posts"}],"about":[{"href":"https:\/\/curva1.com.ar\/index.php?rest_route=\/wp\/v2\/types\/post"}],"author":[{"embeddable":true,"href":"https:\/\/curva1.com.ar\/index.php?rest_route=\/wp\/v2\/users\/1"}],"replies":[{"embeddable":true,"href":"https:\/\/curva1.com.ar\/index.php?rest_route=%2Fwp%2Fv2%2Fcomments&post=25915"}],"version-history":[{"count":4,"href":"https:\/\/curva1.com.ar\/index.php?rest_route=\/wp\/v2\/posts\/25915\/revisions"}],"predecessor-version":[{"id":25921,"href":"https:\/\/curva1.com.ar\/index.php?rest_route=\/wp\/v2\/posts\/25915\/revisions\/25921"}],"wp:featuredmedia":[{"embeddable":true,"href":"https:\/\/curva1.com.ar\/index.php?rest_route=\/wp\/v2\/media\/25919"}],"wp:attachment":[{"href":"https:\/\/curva1.com.ar\/index.php?rest_route=%2Fwp%2Fv2%2Fmedia&parent=25915"}],"wp:term":[{"taxonomy":"category","embeddable":true,"href":"https:\/\/curva1.com.ar\/index.php?rest_route=%2Fwp%2Fv2%2Fcategories&post=25915"},{"taxonomy":"post_tag","embeddable":true,"href":"https:\/\/curva1.com.ar\/index.php?rest_route=%2Fwp%2Fv2%2Ftags&post=25915"}],"curies":[{"name":"wp","href":"https:\/\/api.w.org\/{rel}","templated":true}]}}