{"id":25936,"date":"2018-07-26T20:33:36","date_gmt":"2018-07-26T23:33:36","guid":{"rendered":"http:\/\/www.curva1.com.ar\/?p=25936"},"modified":"2018-07-26T20:33:36","modified_gmt":"2018-07-26T23:33:36","slug":"danilo-gil-viaja-a-la-plata-para-su-revancha-en-el-pista","status":"publish","type":"post","link":"https:\/\/curva1.com.ar\/?p=25936","title":{"rendered":"Danilo Gil viaja a La Plata para su revancha en el Pista"},"content":{"rendered":"<p><img loading=\"lazy\" decoding=\"async\" class=\"aligncenter size-full wp-image-25937\" src=\"http:\/\/www.curva1.com.ar\/wp-content\/uploads\/2018\/07\/SDF.jpg\" alt=\"\" width=\"960\" height=\"540\" srcset=\"https:\/\/curva1.com.ar\/wp-content\/uploads\/2018\/07\/SDF.jpg 960w, https:\/\/curva1.com.ar\/wp-content\/uploads\/2018\/07\/SDF-300x169.jpg 300w, https:\/\/curva1.com.ar\/wp-content\/uploads\/2018\/07\/SDF-600x337.jpg 600w, https:\/\/curva1.com.ar\/wp-content\/uploads\/2018\/07\/SDF-768x432.jpg 768w\" sizes=\"auto, (max-width: 960px) 100vw, 960px\" \/><\/p>\n<p>Pasaron varias semanas del recordado accidente que lo dej\u00f3 sin nada en Buenos Aires. Y esos d\u00edas sirvieron para trabajar, se analizaron varias posibilidades y finalmente Danilo Gil decidi\u00f3 estar presente en La Plata para ser parte de la 6\u00b0 fecha de la Clase 2 del Turismo Pista.<\/p>\n<p>Y lo har\u00e1 a bordo de un Chevrolet Corsa, con colores diferentes a los que suele utilizar, que tendr\u00e1 atenci\u00f3n de Fernando Monti en el Chasis y llevar\u00e1 motor de Enrique Bustos, la dupla que lo hizo ganar en R\u00edo Cuarto, para defender su posici\u00f3n en el campeonato y, porque no, volverse a Mendoza con un buen, y necesario, resultado.<\/p>\n<p>Ser\u00e1 la primera vez en este escenario para Danilo pero eso no lo preocupa. Durante la temporada tuvo que sortear varias veces esa condici\u00f3n y lo hizo hasta logrando podios por lo que viaj\u00f3 a la capital bonaerense con las valijas cargadas de expectativas y con ganas de subirse al auto para tenes su esperada revancha.<\/p>\n<p><strong>\u201cCost\u00f3 mucho estar. Hemos trabajado para poder contar el presupuesto y por fortuna pudimos venir. Va a ser una carrera especial. Despu\u00e9s del susto que tuvimos en Buenos Aires, necesitamos tanto yo como el equipo tener una revancha y ac\u00e1 estamos, para seguir peleando por el campeonato. Ojal\u00e1 podamos sumar fuerte. No conozco el circuito y tendr\u00e1 reci\u00e9n ma\u00f1ana mi primer contacto con este auto, pero estoy confiado de que seremos protagonistas\u201d<\/strong>, cont\u00f3 Danilo tras un largo d\u00eda en el trazado platense.<\/p>\n<p>La actividad para la divisional menor dar\u00e1 inicio a las 9.10 con el primer entrenamiento, a las 11.40 ser\u00e1 la segunda tanda mientras que a partir de las 15.05, ser\u00e1 el turno de clasificar en el escenario platense que tendr\u00e1 en pista, adem\u00e1s, a la Clase 3 y el TC2000.<\/p>\n","protected":false},"excerpt":{"rendered":"<p>Pasaron varias semanas del recordado accidente que lo dej\u00f3 sin nada en Buenos Aires. Y<\/p>\n","protected":false},"author":1,"featured_media":25937,"comment_status":"closed","ping_status":"closed","sticky":false,"template":"","format":"standard","meta":{"footnotes":""},"categories":[6],"tags":[],"class_list":["post-25936","post","type-post","status-publish","format-standard","has-post-thumbnail","hentry","category-nacionales"],"featured_image_urls":{"full":["https:\/\/curva1.com.ar\/wp-content\/uploads\/2018\/07\/SDF.jpg",960,540,false],"thumbnail":["https:\/\/curva1.com.ar\/wp-content\/uploads\/2018\/07\/SDF-300x169.jpg",300,169,true],"medium":["https:\/\/curva1.com.ar\/wp-content\/uploads\/2018\/07\/SDF-600x337.jpg",600,337,true],"medium_large":["https:\/\/curva1.com.ar\/wp-content\/uploads\/2018\/07\/SDF-768x432.jpg",640,360,true],"large":["https:\/\/curva1.com.ar\/wp-content\/uploads\/2018\/07\/SDF.jpg",640,360,false],"1536x1536":["https:\/\/curva1.com.ar\/wp-content\/uploads\/2018\/07\/SDF.jpg",960,540,false],"2048x2048":["https:\/\/curva1.com.ar\/wp-content\/uploads\/2018\/07\/SDF.jpg",960,540,false],"chromenews-featured":["https:\/\/curva1.com.ar\/wp-content\/uploads\/2018\/07\/SDF.jpg",960,540,false],"chromenews-large":["https:\/\/curva1.com.ar\/wp-content\/uploads\/2018\/07\/SDF.jpg",825,464,false],"chromenews-medium":["https:\/\/curva1.com.ar\/wp-content\/uploads\/2018\/07\/SDF.jpg",590,332,false]},"author_info":{"display_name":"Jos\u00e9 Bravo","author_link":"https:\/\/curva1.com.ar\/?author=1"},"category_info":"<a href=\"https:\/\/curva1.com.ar\/?cat=6\" rel=\"category\">Nacionales<\/a>","tag_info":"Nacionales","comment_count":"0","_links":{"self":[{"href":"https:\/\/curva1.com.ar\/index.php?rest_route=\/wp\/v2\/posts\/25936","targetHints":{"allow":["GET"]}}],"collection":[{"href":"https:\/\/curva1.com.ar\/index.php?rest_route=\/wp\/v2\/posts"}],"about":[{"href":"https:\/\/curva1.com.ar\/index.php?rest_route=\/wp\/v2\/types\/post"}],"author":[{"embeddable":true,"href":"https:\/\/curva1.com.ar\/index.php?rest_route=\/wp\/v2\/users\/1"}],"replies":[{"embeddable":true,"href":"https:\/\/curva1.com.ar\/index.php?rest_route=%2Fwp%2Fv2%2Fcomments&post=25936"}],"version-history":[{"count":1,"href":"https:\/\/curva1.com.ar\/index.php?rest_route=\/wp\/v2\/posts\/25936\/revisions"}],"predecessor-version":[{"id":25938,"href":"https:\/\/curva1.com.ar\/index.php?rest_route=\/wp\/v2\/posts\/25936\/revisions\/25938"}],"wp:featuredmedia":[{"embeddable":true,"href":"https:\/\/curva1.com.ar\/index.php?rest_route=\/wp\/v2\/media\/25937"}],"wp:attachment":[{"href":"https:\/\/curva1.com.ar\/index.php?rest_route=%2Fwp%2Fv2%2Fmedia&parent=25936"}],"wp:term":[{"taxonomy":"category","embeddable":true,"href":"https:\/\/curva1.com.ar\/index.php?rest_route=%2Fwp%2Fv2%2Fcategories&post=25936"},{"taxonomy":"post_tag","embeddable":true,"href":"https:\/\/curva1.com.ar\/index.php?rest_route=%2Fwp%2Fv2%2Ftags&post=25936"}],"curies":[{"name":"wp","href":"https:\/\/api.w.org\/{rel}","templated":true}]}}