{"id":26037,"date":"2018-07-30T14:54:39","date_gmt":"2018-07-30T17:54:39","guid":{"rendered":"http:\/\/www.curva1.com.ar\/?p=26037"},"modified":"2018-07-31T11:47:33","modified_gmt":"2018-07-31T14:47:33","slug":"pilotos-y-mecanicos-mendocinos-viajan-al-argentino-de-kart","status":"publish","type":"post","link":"https:\/\/curva1.com.ar\/?p=26037","title":{"rendered":"Pilotos y mec\u00e1nicos mendocinos viajan al Argentino de Kart"},"content":{"rendered":"<figure id=\"attachment_26038\" aria-describedby=\"caption-attachment-26038\" style=\"width: 960px\" class=\"wp-caption aligncenter\"><img loading=\"lazy\" decoding=\"async\" class=\"size-full wp-image-26038\" src=\"http:\/\/www.curva1.com.ar\/wp-content\/uploads\/2018\/07\/IMG_20180527_115324.jpg\" alt=\"\" width=\"960\" height=\"540\" srcset=\"https:\/\/curva1.com.ar\/wp-content\/uploads\/2018\/07\/IMG_20180527_115324.jpg 960w, https:\/\/curva1.com.ar\/wp-content\/uploads\/2018\/07\/IMG_20180527_115324-300x169.jpg 300w, https:\/\/curva1.com.ar\/wp-content\/uploads\/2018\/07\/IMG_20180527_115324-600x337.jpg 600w, https:\/\/curva1.com.ar\/wp-content\/uploads\/2018\/07\/IMG_20180527_115324-768x432.jpg 768w\" sizes=\"auto, (max-width: 960px) 100vw, 960px\" \/><figcaption id=\"caption-attachment-26038\" class=\"wp-caption-text\"><span style=\"color: #000000;\">ALVAREZ STORNI HIZO LA POLE EN EL ARGENTINO DE KART 2017 EN MENDOZA (Fotos: Jos\u00e9 Bravo)<\/span><\/figcaption><\/figure>\n<p>Varios mendocinos participar\u00e1n el pr\u00f3ximo fin de semana del Evento 1 del <strong>Campeonato Argentino de Karting<\/strong>, \u00fanico certamen fiscalizado en forma directa por la CDA.<\/p>\n<p>La cita ser\u00e1 en el <strong>Kart\u00f3dromo Internacional de Z\u00e1rate<\/strong>\u00a0(Buenos Aires) donde jueves y viernes habr\u00e1 pruebas libres (asisten la mayor\u00eda), viernes se realizar\u00e1 la 1\u00ba fecha de 2018 y el domingo la segunda carrera de la temporada.<\/p>\n<p>La gran novedad este a\u00f1o es el debut de los motores de 175cc en las categor\u00edas Junior y Senior, dejando de usar los 125cc, que seguir\u00e1n us\u00e1ndose una temporada m\u00e1s en la clase Proam (para mayores de 25 a\u00f1os). Estos nuevos motores marca Iame y con denominaci\u00f3n &#8220;CODASUR&#8221; porque tienen igual reglamento en todo Sudamericano. Ser\u00e1n provistos y sorteados por la organizaci\u00f3n y nadie los ha probado hasta el momento.<\/p>\n<p>En J\u00fanior CODASUR estar\u00e1n presentes los mendocinos <strong>Tom\u00e1s Vitar<\/strong> (Acosta Kart Divisi\u00f3n) y <strong>Valentino Secchi<\/strong> (C\u00f3ndor Racing), mientras que en la clase Proam estar\u00e1n <strong>Juan Manuel Basco<\/strong> y<strong> Federico Alvarez Storni<\/strong>, ambos con equipos propios. Tambi\u00e9n estar\u00e1n los primos <strong>Luciano Vicino<\/strong> (Cadetes) y <strong>Lucas Vicino<\/strong> (Senior CODASUR). En Senior estar\u00e1 tambi\u00e9n animando las instancias\u00a0<strong>Juli\u00e1n M\u00f3dica<\/strong>.<\/p>\n<p>Tambi\u00e9n viajar\u00e1n varios mec\u00e1nicos de Mendoza. Alberto Moscetta y Angel Gigena atender\u00e1 a Secchi y M\u00f3dica, Basco (padre) y Maxi Re atender\u00e1n a &#8220;Manolito&#8221;, el sanmartiniano Juan Jos\u00e9 Olmedo a Alvarez Storni, adem\u00e1s de Ariel Iruela (padre) y Andres Madarena que fueron llamados para trabajar en el equipo DS Racing de Daniel Schiani (Buenos Aires).<\/p>\n<p>Los &#8220;Vicino&#8221; ser\u00e1n parte del equipo ELW Racing que dirige Eduardo Vicino, mientras que Pancho Toujas viajar\u00e1 para asistir a un par de chilenos que correr\u00e1n en Proam.<\/p>\n<figure id=\"attachment_26039\" aria-describedby=\"caption-attachment-26039\" style=\"width: 960px\" class=\"wp-caption aligncenter\"><img loading=\"lazy\" decoding=\"async\" class=\"size-full wp-image-26039\" src=\"http:\/\/www.curva1.com.ar\/wp-content\/uploads\/2018\/07\/IMG_4974.jpg\" alt=\"\" width=\"960\" height=\"540\" srcset=\"https:\/\/curva1.com.ar\/wp-content\/uploads\/2018\/07\/IMG_4974.jpg 960w, https:\/\/curva1.com.ar\/wp-content\/uploads\/2018\/07\/IMG_4974-300x169.jpg 300w, https:\/\/curva1.com.ar\/wp-content\/uploads\/2018\/07\/IMG_4974-600x337.jpg 600w, https:\/\/curva1.com.ar\/wp-content\/uploads\/2018\/07\/IMG_4974-768x432.jpg 768w\" sizes=\"auto, (max-width: 960px) 100vw, 960px\" \/><figcaption id=\"caption-attachment-26039\" class=\"wp-caption-text\">SECCHI CORRER\u00c1 POR PRIMERA VEZ EN Z\u00c1RATE<\/figcaption><\/figure>\n","protected":false},"excerpt":{"rendered":"<p>Varios mendocinos participar\u00e1n el pr\u00f3ximo fin de semana del Evento 1 del Campeonato Argentino de<\/p>\n","protected":false},"author":1,"featured_media":26038,"comment_status":"closed","ping_status":"closed","sticky":false,"template":"","format":"standard","meta":{"footnotes":""},"categories":[4],"tags":[],"class_list":["post-26037","post","type-post","status-publish","format-standard","has-post-thumbnail","hentry","category-karting"],"featured_image_urls":{"full":["https:\/\/curva1.com.ar\/wp-content\/uploads\/2018\/07\/IMG_20180527_115324.jpg",960,540,false],"thumbnail":["https:\/\/curva1.com.ar\/wp-content\/uploads\/2018\/07\/IMG_20180527_115324-300x169.jpg",300,169,true],"medium":["https:\/\/curva1.com.ar\/wp-content\/uploads\/2018\/07\/IMG_20180527_115324-600x337.jpg",600,337,true],"medium_large":["https:\/\/curva1.com.ar\/wp-content\/uploads\/2018\/07\/IMG_20180527_115324-768x432.jpg",640,360,true],"large":["https:\/\/curva1.com.ar\/wp-content\/uploads\/2018\/07\/IMG_20180527_115324.jpg",640,360,false],"1536x1536":["https:\/\/curva1.com.ar\/wp-content\/uploads\/2018\/07\/IMG_20180527_115324.jpg",960,540,false],"2048x2048":["https:\/\/curva1.com.ar\/wp-content\/uploads\/2018\/07\/IMG_20180527_115324.jpg",960,540,false],"chromenews-featured":["https:\/\/curva1.com.ar\/wp-content\/uploads\/2018\/07\/IMG_20180527_115324.jpg",960,540,false],"chromenews-large":["https:\/\/curva1.com.ar\/wp-content\/uploads\/2018\/07\/IMG_20180527_115324.jpg",825,464,false],"chromenews-medium":["https:\/\/curva1.com.ar\/wp-content\/uploads\/2018\/07\/IMG_20180527_115324.jpg",590,332,false]},"author_info":{"display_name":"Jos\u00e9 Bravo","author_link":"https:\/\/curva1.com.ar\/?author=1"},"category_info":"<a href=\"https:\/\/curva1.com.ar\/?cat=4\" rel=\"category\">Karting Asfalto<\/a>","tag_info":"Karting Asfalto","comment_count":"0","_links":{"self":[{"href":"https:\/\/curva1.com.ar\/index.php?rest_route=\/wp\/v2\/posts\/26037","targetHints":{"allow":["GET"]}}],"collection":[{"href":"https:\/\/curva1.com.ar\/index.php?rest_route=\/wp\/v2\/posts"}],"about":[{"href":"https:\/\/curva1.com.ar\/index.php?rest_route=\/wp\/v2\/types\/post"}],"author":[{"embeddable":true,"href":"https:\/\/curva1.com.ar\/index.php?rest_route=\/wp\/v2\/users\/1"}],"replies":[{"embeddable":true,"href":"https:\/\/curva1.com.ar\/index.php?rest_route=%2Fwp%2Fv2%2Fcomments&post=26037"}],"version-history":[{"count":4,"href":"https:\/\/curva1.com.ar\/index.php?rest_route=\/wp\/v2\/posts\/26037\/revisions"}],"predecessor-version":[{"id":26067,"href":"https:\/\/curva1.com.ar\/index.php?rest_route=\/wp\/v2\/posts\/26037\/revisions\/26067"}],"wp:featuredmedia":[{"embeddable":true,"href":"https:\/\/curva1.com.ar\/index.php?rest_route=\/wp\/v2\/media\/26038"}],"wp:attachment":[{"href":"https:\/\/curva1.com.ar\/index.php?rest_route=%2Fwp%2Fv2%2Fmedia&parent=26037"}],"wp:term":[{"taxonomy":"category","embeddable":true,"href":"https:\/\/curva1.com.ar\/index.php?rest_route=%2Fwp%2Fv2%2Fcategories&post=26037"},{"taxonomy":"post_tag","embeddable":true,"href":"https:\/\/curva1.com.ar\/index.php?rest_route=%2Fwp%2Fv2%2Ftags&post=26037"}],"curies":[{"name":"wp","href":"https:\/\/api.w.org\/{rel}","templated":true}]}}