{"id":2606,"date":"2012-11-29T01:52:38","date_gmt":"2012-11-29T04:52:38","guid":{"rendered":"http:\/\/www.curva1.com.ar\/?p=2606"},"modified":"2012-11-29T01:52:38","modified_gmt":"2012-11-29T04:52:38","slug":"fabrizio-benedetti-con-series-ganas-de-correr-el-rally-dakar","status":"publish","type":"post","link":"https:\/\/curva1.com.ar\/?p=2606","title":{"rendered":"Fabrizio Benedetti con series ganas de correr el Rally Dakar"},"content":{"rendered":"<p><img loading=\"lazy\" decoding=\"async\" class=\"aligncenter size-full wp-image-2607\" title=\"64644_305179446248991_2105230131_n\" src=\"http:\/\/www.curva1.com.ar\/wp-content\/uploads\/2012\/11\/64644_305179446248991_2105230131_n.jpg\" alt=\"\" width=\"500\" height=\"281\" srcset=\"https:\/\/curva1.com.ar\/wp-content\/uploads\/2012\/11\/64644_305179446248991_2105230131_n.jpg 500w, https:\/\/curva1.com.ar\/wp-content\/uploads\/2012\/11\/64644_305179446248991_2105230131_n-300x168.jpg 300w\" sizes=\"auto, (max-width: 500px) 100vw, 500px\" \/><\/p>\n<p><span style=\"color: #000000;\">La pregunta la trasladamos al propio piloto. La posibilidad existe, de hecho hoy Fabrizio Benedetti prob\u00f3 la Toyota con que Jos\u00e9 Luis Gonzalez participa en el Campeonato Argentino de Rally Cross y con la que asegur\u00f3 su presencia en la edici\u00f3n 2013 del Dakar Per\u00fa &#8211; Argentina &#8211; Chile.<\/span><\/p>\n<p><span style=\"color: #000000;\">Consultado al respecto por C\u00f3digo Tuerca Radio, asegur\u00f3 : <em><strong>&#8220;La verdad que es un sue\u00f1o. Me sorprendi\u00f3 lo bien que anda, estuvimos mas de tres horas probando y la camioneta se port\u00f3 como si nada. De todos modos estamos muy arriba de este Dakar y por ah\u00ed la idea es hacer una temporada del Argentino de Cross Country y pensar en el 2014&#8221;<\/strong><\/em>.<\/span><\/p>\n<p><span style=\"color: #000000;\">De todos modos m\u00e1s alla de la cautela, Fabri parec\u00eda muy entusiasmado con la idea ya que el impedimento para por lo presupuestario, sin embargo no cerr\u00f3 la posibilidad y por el contario dej\u00f3 su respuesta final para el viernes, d\u00eda que volver\u00e1 a probar la Toyota en el Enc\u00f3n. La idea podr\u00eda ser correr con su hermano Franco como navegante, ambos con mucha experiencia en el manejo en tierra dentro del Rally y Traves\u00eda local.<\/span><\/p>\n<p><span style=\"color: #000000;\">Habr\u00e1 que esperar hasta el viernes por si o por no, pero un par de llamados telef\u00f3nicos podr\u00eda destrabar la situaci\u00f3n.<\/span><\/p>\n<p>Gentileza C\u00f3digo Tuerca.<\/p>\n","protected":false},"excerpt":{"rendered":"<p>La pregunta la trasladamos al propio piloto. La posibilidad existe, de hecho hoy Fabrizio Benedetti<\/p>\n","protected":false},"author":1,"featured_media":2607,"comment_status":"open","ping_status":"closed","sticky":false,"template":"","format":"standard","meta":{"footnotes":""},"categories":[6],"tags":[],"class_list":["post-2606","post","type-post","status-publish","format-standard","has-post-thumbnail","hentry","category-nacionales"],"featured_image_urls":{"full":["https:\/\/curva1.com.ar\/wp-content\/uploads\/2012\/11\/64644_305179446248991_2105230131_n.jpg",500,281,false],"thumbnail":["https:\/\/curva1.com.ar\/wp-content\/uploads\/2012\/11\/64644_305179446248991_2105230131_n-150x150.jpg",150,150,true],"medium":["https:\/\/curva1.com.ar\/wp-content\/uploads\/2012\/11\/64644_305179446248991_2105230131_n-300x168.jpg",300,168,true],"medium_large":["https:\/\/curva1.com.ar\/wp-content\/uploads\/2012\/11\/64644_305179446248991_2105230131_n.jpg",500,281,false],"large":["https:\/\/curva1.com.ar\/wp-content\/uploads\/2012\/11\/64644_305179446248991_2105230131_n.jpg",500,281,false],"1536x1536":["https:\/\/curva1.com.ar\/wp-content\/uploads\/2012\/11\/64644_305179446248991_2105230131_n.jpg",500,281,false],"2048x2048":["https:\/\/curva1.com.ar\/wp-content\/uploads\/2012\/11\/64644_305179446248991_2105230131_n.jpg",500,281,false],"chromenews-featured":["https:\/\/curva1.com.ar\/wp-content\/uploads\/2012\/11\/64644_305179446248991_2105230131_n.jpg",500,281,false],"chromenews-large":["https:\/\/curva1.com.ar\/wp-content\/uploads\/2012\/11\/64644_305179446248991_2105230131_n.jpg",500,281,false],"chromenews-medium":["https:\/\/curva1.com.ar\/wp-content\/uploads\/2012\/11\/64644_305179446248991_2105230131_n.jpg",500,281,false]},"author_info":{"display_name":"Jos\u00e9 Bravo","author_link":"https:\/\/curva1.com.ar\/?author=1"},"category_info":"<a href=\"https:\/\/curva1.com.ar\/?cat=6\" rel=\"category\">Nacionales<\/a>","tag_info":"Nacionales","comment_count":"0","_links":{"self":[{"href":"https:\/\/curva1.com.ar\/index.php?rest_route=\/wp\/v2\/posts\/2606","targetHints":{"allow":["GET"]}}],"collection":[{"href":"https:\/\/curva1.com.ar\/index.php?rest_route=\/wp\/v2\/posts"}],"about":[{"href":"https:\/\/curva1.com.ar\/index.php?rest_route=\/wp\/v2\/types\/post"}],"author":[{"embeddable":true,"href":"https:\/\/curva1.com.ar\/index.php?rest_route=\/wp\/v2\/users\/1"}],"replies":[{"embeddable":true,"href":"https:\/\/curva1.com.ar\/index.php?rest_route=%2Fwp%2Fv2%2Fcomments&post=2606"}],"version-history":[{"count":2,"href":"https:\/\/curva1.com.ar\/index.php?rest_route=\/wp\/v2\/posts\/2606\/revisions"}],"predecessor-version":[{"id":2609,"href":"https:\/\/curva1.com.ar\/index.php?rest_route=\/wp\/v2\/posts\/2606\/revisions\/2609"}],"wp:featuredmedia":[{"embeddable":true,"href":"https:\/\/curva1.com.ar\/index.php?rest_route=\/wp\/v2\/media\/2607"}],"wp:attachment":[{"href":"https:\/\/curva1.com.ar\/index.php?rest_route=%2Fwp%2Fv2%2Fmedia&parent=2606"}],"wp:term":[{"taxonomy":"category","embeddable":true,"href":"https:\/\/curva1.com.ar\/index.php?rest_route=%2Fwp%2Fv2%2Fcategories&post=2606"},{"taxonomy":"post_tag","embeddable":true,"href":"https:\/\/curva1.com.ar\/index.php?rest_route=%2Fwp%2Fv2%2Ftags&post=2606"}],"curies":[{"name":"wp","href":"https:\/\/api.w.org\/{rel}","templated":true}]}}