{"id":26073,"date":"2018-08-10T18:53:40","date_gmt":"2018-08-10T21:53:40","guid":{"rendered":"http:\/\/www.curva1.com.ar\/?p=26073"},"modified":"2018-08-10T18:53:40","modified_gmt":"2018-08-10T21:53:40","slug":"santibanez-va-al-rolo-antes-de-viajar-a-rafaela","status":"publish","type":"post","link":"https:\/\/curva1.com.ar\/?p=26073","title":{"rendered":"Santib\u00e1\u00f1ez va al rolo antes de viajar a Rafaela"},"content":{"rendered":"<p><img loading=\"lazy\" decoding=\"async\" class=\"aligncenter size-full wp-image-26074\" src=\"http:\/\/www.curva1.com.ar\/wp-content\/uploads\/2018\/08\/Gustavo-Santib\u00e1\u00f1ez-2.jpg\" alt=\"\" width=\"3456\" height=\"1856\" srcset=\"https:\/\/curva1.com.ar\/wp-content\/uploads\/2018\/08\/Gustavo-Santib\u00e1\u00f1ez-2.jpg 3456w, https:\/\/curva1.com.ar\/wp-content\/uploads\/2018\/08\/Gustavo-Santib\u00e1\u00f1ez-2-600x322.jpg 600w, https:\/\/curva1.com.ar\/wp-content\/uploads\/2018\/08\/Gustavo-Santib\u00e1\u00f1ez-2-768x412.jpg 768w, https:\/\/curva1.com.ar\/wp-content\/uploads\/2018\/08\/Gustavo-Santib\u00e1\u00f1ez-2-1024x550.jpg 1024w\" sizes=\"auto, (max-width: 3456px) 100vw, 3456px\" \/><\/p>\n<p>Gustavo Santib\u00e1\u00f1ez estar\u00e1 en el rolo de Esteban Pou antes de viajar a la sexta fecha.<\/p>\n<p>Luego de muy buenos resultados en la primera mitad de temporada, Gustavo Santib\u00e1\u00f1ez espera poder encontrar el primer triunfo en el TS1800. Este fin de semana, la sexta fecha ser\u00e1 en Rafaela, y previo a ello probar\u00e1n en el rolo de Esteban Pou, motorista del 206 del mendocino.<\/p>\n<p>El representante de San Mart\u00edn quiere definitivamente seguir en la lucha por el campeonato, y le vendr\u00eda como anillo al dedo otro podio, e incluso ganar, algo fundamental para obtener la corona. Gustavo ha entrenado como siempre a consciencia para estar a la altura, e incluso esta semana casi llevan a cabo una prueba en pista.<\/p>\n<p><strong>\u201c\u00cdbamos a probar en San Mart\u00edn para asentar frenos, pero luego decidimos ir al rolo de Esteban Pou para hacer eso, y ensayaremos con el motor de cara a Rafaela, circuito donde anduvimos bien y esperamos poder volver a hacerlo<\/strong>\u201d, asegur\u00f3 Santib\u00e1\u00f1ez, quien espera su chance de triunfar en la categor\u00eda, estando cada vez m\u00e1s cerca.<\/p>\n<p>La actividad se desarrollar\u00e1 entre s\u00e1bado y domingo, con entrenamientos y pruebas de clasificaci\u00f3n en la primera jornada. Las series y la final (a partir de las 14.25) ser\u00e1n el domingo.<\/p>\n","protected":false},"excerpt":{"rendered":"<p>Gustavo Santib\u00e1\u00f1ez estar\u00e1 en el rolo de Esteban Pou antes de viajar a la sexta<\/p>\n","protected":false},"author":1,"featured_media":26074,"comment_status":"closed","ping_status":"closed","sticky":false,"template":"","format":"standard","meta":{"footnotes":""},"categories":[6],"tags":[],"class_list":["post-26073","post","type-post","status-publish","format-standard","has-post-thumbnail","hentry","category-nacionales"],"featured_image_urls":{"full":["https:\/\/curva1.com.ar\/wp-content\/uploads\/2018\/08\/Gustavo-Santib\u00e1\u00f1ez-2.jpg",3456,1856,false],"thumbnail":["https:\/\/curva1.com.ar\/wp-content\/uploads\/2018\/08\/Gustavo-Santib\u00e1\u00f1ez-2-300x169.jpg",300,169,true],"medium":["https:\/\/curva1.com.ar\/wp-content\/uploads\/2018\/08\/Gustavo-Santib\u00e1\u00f1ez-2-600x322.jpg",600,322,true],"medium_large":["https:\/\/curva1.com.ar\/wp-content\/uploads\/2018\/08\/Gustavo-Santib\u00e1\u00f1ez-2-768x412.jpg",640,343,true],"large":["https:\/\/curva1.com.ar\/wp-content\/uploads\/2018\/08\/Gustavo-Santib\u00e1\u00f1ez-2-1024x550.jpg",640,344,true],"1536x1536":["https:\/\/curva1.com.ar\/wp-content\/uploads\/2018\/08\/Gustavo-Santib\u00e1\u00f1ez-2.jpg",1536,825,false],"2048x2048":["https:\/\/curva1.com.ar\/wp-content\/uploads\/2018\/08\/Gustavo-Santib\u00e1\u00f1ez-2.jpg",2048,1100,false],"chromenews-featured":["https:\/\/curva1.com.ar\/wp-content\/uploads\/2018\/08\/Gustavo-Santib\u00e1\u00f1ez-2.jpg",1024,550,false],"chromenews-large":["https:\/\/curva1.com.ar\/wp-content\/uploads\/2018\/08\/Gustavo-Santib\u00e1\u00f1ez-2.jpg",825,443,false],"chromenews-medium":["https:\/\/curva1.com.ar\/wp-content\/uploads\/2018\/08\/Gustavo-Santib\u00e1\u00f1ez-2.jpg",590,317,false]},"author_info":{"display_name":"Jos\u00e9 Bravo","author_link":"https:\/\/curva1.com.ar\/?author=1"},"category_info":"<a href=\"https:\/\/curva1.com.ar\/?cat=6\" rel=\"category\">Nacionales<\/a>","tag_info":"Nacionales","comment_count":"0","_links":{"self":[{"href":"https:\/\/curva1.com.ar\/index.php?rest_route=\/wp\/v2\/posts\/26073","targetHints":{"allow":["GET"]}}],"collection":[{"href":"https:\/\/curva1.com.ar\/index.php?rest_route=\/wp\/v2\/posts"}],"about":[{"href":"https:\/\/curva1.com.ar\/index.php?rest_route=\/wp\/v2\/types\/post"}],"author":[{"embeddable":true,"href":"https:\/\/curva1.com.ar\/index.php?rest_route=\/wp\/v2\/users\/1"}],"replies":[{"embeddable":true,"href":"https:\/\/curva1.com.ar\/index.php?rest_route=%2Fwp%2Fv2%2Fcomments&post=26073"}],"version-history":[{"count":1,"href":"https:\/\/curva1.com.ar\/index.php?rest_route=\/wp\/v2\/posts\/26073\/revisions"}],"predecessor-version":[{"id":26075,"href":"https:\/\/curva1.com.ar\/index.php?rest_route=\/wp\/v2\/posts\/26073\/revisions\/26075"}],"wp:featuredmedia":[{"embeddable":true,"href":"https:\/\/curva1.com.ar\/index.php?rest_route=\/wp\/v2\/media\/26074"}],"wp:attachment":[{"href":"https:\/\/curva1.com.ar\/index.php?rest_route=%2Fwp%2Fv2%2Fmedia&parent=26073"}],"wp:term":[{"taxonomy":"category","embeddable":true,"href":"https:\/\/curva1.com.ar\/index.php?rest_route=%2Fwp%2Fv2%2Fcategories&post=26073"},{"taxonomy":"post_tag","embeddable":true,"href":"https:\/\/curva1.com.ar\/index.php?rest_route=%2Fwp%2Fv2%2Ftags&post=26073"}],"curies":[{"name":"wp","href":"https:\/\/api.w.org\/{rel}","templated":true}]}}