{"id":26100,"date":"2018-08-13T10:22:22","date_gmt":"2018-08-13T13:22:22","guid":{"rendered":"http:\/\/www.curva1.com.ar\/?p=26100"},"modified":"2018-08-13T11:28:25","modified_gmt":"2018-08-13T14:28:25","slug":"buen-avance-de-llaver-en-el-super-tc2000-de-obera","status":"publish","type":"post","link":"https:\/\/curva1.com.ar\/?p=26100","title":{"rendered":"Buen avance de Llaver en el S\u00faper TC2000 de Ober\u00e1"},"content":{"rendered":"<p><img loading=\"lazy\" decoding=\"async\" class=\"aligncenter size-full wp-image-26102\" src=\"http:\/\/www.curva1.com.ar\/wp-content\/uploads\/2018\/08\/unnamed-2.jpg\" alt=\"\" width=\"674\" height=\"433\" srcset=\"https:\/\/curva1.com.ar\/wp-content\/uploads\/2018\/08\/unnamed-2.jpg 674w, https:\/\/curva1.com.ar\/wp-content\/uploads\/2018\/08\/unnamed-2-525x337.jpg 525w\" sizes=\"auto, (max-width: 674px) 100vw, 674px\" \/><\/p>\n<p>El mendocino finaliz\u00f3 6\u00b0 la competencia final del S\u00faper TC2000, v\u00e1lida por al s\u00e9ptima fecha del certamen, que se llev\u00f3 a cabo en el trazado misionero, sumando puntos importantes para el campeonato.<br \/>\nBernardo Llaver\u00a0cerr\u00f3 un buen fin de semana en Ober\u00e1, donde el\u00a0S\u00faper TC2000\u00a0disput\u00f3 la s\u00e9ptima fecha del certamen. Y en el aut\u00f3dromo misionero, el p\u00ecloto de San Mart\u00edn finaliz\u00f3 6\u00ba en la competencia final, en la que triunf\u00f3 su compa\u00f1ero de equipo Agust\u00edn Canapino.<\/p>\n<p>Con el\u00a0Cruze\u00a0N\u00ba2\u00a0del\u00a0Equipo YPF Chevrolet,\u00a0el Berni\u00a0parti\u00f3 desde la d\u00e9cima colocaci\u00f3n, la misma posici\u00f3n en la que termin\u00f3 la carrera clasificatoria del s\u00e1bado, y pudo avanzar en el clasificador hasta culminar una importante labor en un circuito que siempre le cay\u00f3 muy bien.<\/p>\n<p><strong>&#8220;Despu\u00e9s de lo que fue la carrera del s\u00e1bado, hoy cerramos un buen fin de semana con un resultado que nos permite seguir sumando puntos. Era importante estar tranquilo y aprovechar al m\u00e1ximo el rendimiento del auto y as\u00ed fue , porque cada posibilidad que se me present\u00f3 la aprovech\u00e9 al m\u00e1ximo. El Cruze funcion\u00f3 muy bien y es todo gracias al Equipo YPF Chevrolet. Seguiremos trabajando para poder ser protagonistas en el campeonato hasta fin de a\u00f1o&#8221;<\/strong>,\u00a0dijo Llaver,\u00a0que\u00a0ahora est\u00e1 quinto\u00a0en el campeonato, con 81 unidades, a 52 del \u00fanico l\u00edder, Agust\u00edn Canap\u00ecno.<\/p>\n<p>El pr\u00f3ximo compromiso del piloto mendocino ser\u00e1 el 1 y 2 de septiembre, con la octava competencia del calendario, en el callejero de Santa Fe, evento que tendr\u00e1 una carrera nocturna y otra diurna.<\/p>\n","protected":false},"excerpt":{"rendered":"<p>El mendocino finaliz\u00f3 6\u00b0 la competencia final del S\u00faper TC2000, v\u00e1lida por al s\u00e9ptima fecha<\/p>\n","protected":false},"author":1,"featured_media":26102,"comment_status":"closed","ping_status":"closed","sticky":false,"template":"","format":"standard","meta":{"footnotes":""},"categories":[6],"tags":[],"class_list":["post-26100","post","type-post","status-publish","format-standard","has-post-thumbnail","hentry","category-nacionales"],"featured_image_urls":{"full":["https:\/\/curva1.com.ar\/wp-content\/uploads\/2018\/08\/unnamed-2.jpg",674,433,false],"thumbnail":["https:\/\/curva1.com.ar\/wp-content\/uploads\/2018\/08\/unnamed-2-300x169.jpg",300,169,true],"medium":["https:\/\/curva1.com.ar\/wp-content\/uploads\/2018\/08\/unnamed-2-525x337.jpg",525,337,true],"medium_large":["https:\/\/curva1.com.ar\/wp-content\/uploads\/2018\/08\/unnamed-2.jpg",640,411,false],"large":["https:\/\/curva1.com.ar\/wp-content\/uploads\/2018\/08\/unnamed-2.jpg",640,411,false],"1536x1536":["https:\/\/curva1.com.ar\/wp-content\/uploads\/2018\/08\/unnamed-2.jpg",674,433,false],"2048x2048":["https:\/\/curva1.com.ar\/wp-content\/uploads\/2018\/08\/unnamed-2.jpg",674,433,false],"chromenews-featured":["https:\/\/curva1.com.ar\/wp-content\/uploads\/2018\/08\/unnamed-2.jpg",674,433,false],"chromenews-large":["https:\/\/curva1.com.ar\/wp-content\/uploads\/2018\/08\/unnamed-2.jpg",674,433,false],"chromenews-medium":["https:\/\/curva1.com.ar\/wp-content\/uploads\/2018\/08\/unnamed-2.jpg",590,379,false]},"author_info":{"display_name":"Jos\u00e9 Bravo","author_link":"https:\/\/curva1.com.ar\/?author=1"},"category_info":"<a href=\"https:\/\/curva1.com.ar\/?cat=6\" rel=\"category\">Nacionales<\/a>","tag_info":"Nacionales","comment_count":"0","_links":{"self":[{"href":"https:\/\/curva1.com.ar\/index.php?rest_route=\/wp\/v2\/posts\/26100","targetHints":{"allow":["GET"]}}],"collection":[{"href":"https:\/\/curva1.com.ar\/index.php?rest_route=\/wp\/v2\/posts"}],"about":[{"href":"https:\/\/curva1.com.ar\/index.php?rest_route=\/wp\/v2\/types\/post"}],"author":[{"embeddable":true,"href":"https:\/\/curva1.com.ar\/index.php?rest_route=\/wp\/v2\/users\/1"}],"replies":[{"embeddable":true,"href":"https:\/\/curva1.com.ar\/index.php?rest_route=%2Fwp%2Fv2%2Fcomments&post=26100"}],"version-history":[{"count":1,"href":"https:\/\/curva1.com.ar\/index.php?rest_route=\/wp\/v2\/posts\/26100\/revisions"}],"predecessor-version":[{"id":26106,"href":"https:\/\/curva1.com.ar\/index.php?rest_route=\/wp\/v2\/posts\/26100\/revisions\/26106"}],"wp:featuredmedia":[{"embeddable":true,"href":"https:\/\/curva1.com.ar\/index.php?rest_route=\/wp\/v2\/media\/26102"}],"wp:attachment":[{"href":"https:\/\/curva1.com.ar\/index.php?rest_route=%2Fwp%2Fv2%2Fmedia&parent=26100"}],"wp:term":[{"taxonomy":"category","embeddable":true,"href":"https:\/\/curva1.com.ar\/index.php?rest_route=%2Fwp%2Fv2%2Fcategories&post=26100"},{"taxonomy":"post_tag","embeddable":true,"href":"https:\/\/curva1.com.ar\/index.php?rest_route=%2Fwp%2Fv2%2Ftags&post=26100"}],"curies":[{"name":"wp","href":"https:\/\/api.w.org\/{rel}","templated":true}]}}