{"id":26180,"date":"2018-08-14T12:39:58","date_gmt":"2018-08-14T15:39:58","guid":{"rendered":"http:\/\/www.curva1.com.ar\/?p=26180"},"modified":"2018-08-14T15:11:34","modified_gmt":"2018-08-14T18:11:34","slug":"palabras-de-protagonistas-luego-de-la-fecha-4-del-kart","status":"publish","type":"post","link":"https:\/\/curva1.com.ar\/?p=26180","title":{"rendered":"Palabras de protagonistas, luego de la fecha 4 del kart"},"content":{"rendered":"<p>La fecha 4 del Karting Mendocino dej\u00f3 mucho para hablar y aqu\u00ed te presentamos las notas a algunos de los protagonistas del fin de semana.<\/p>\n<p style=\"text-align: left;\">Leandro Cimino nos cuenta sobre su nueva victoria en la clase 150cc Super 4 Tiempos, que tuvo competencias muy parejas y un mano a mano fant\u00e1stico entre Cimino e Iv\u00e1n Vechetti<\/p>\n<p style=\"text-align: center;\"><iframe loading=\"lazy\" style=\"border: none; overflow: hidden;\" src=\"https:\/\/www.facebook.com\/plugins\/video.php?href=https%3A%2F%2Fwww.facebook.com%2Frevistacurva1%2Fvideos%2F1830746230294823%2F&amp;show_text=0&amp;width=560\" width=\"560\" height=\"314\" frameborder=\"0\" scrolling=\"no\" allowfullscreen=\"allowfullscreen\"><\/iframe><\/p>\n<p style=\"text-align: left;\">Mauro Tejada, piloto de la categor\u00eda Infantil analiz\u00f3 su fin de semana en la 4\u00ba fecha disputada en San Mart\u00edn<\/p>\n<p style=\"text-align: center;\"><iframe loading=\"lazy\" style=\"border: none; overflow: hidden;\" src=\"https:\/\/www.facebook.com\/plugins\/video.php?href=https%3A%2F%2Fwww.facebook.com%2Frevistacurva1%2Fvideos%2F1830700350299411%2F&amp;show_text=0&amp;width=560\" width=\"560\" height=\"314\" frameborder=\"0\" scrolling=\"no\" allowfullscreen=\"allowfullscreen\"><\/iframe><\/p>\n<p style=\"text-align: left;\">Tom\u00e1s Vitar consigui\u00f3 si 4\u00b0 victoria consecutiva en J\u00fanior y es m\u00e1s puntero que nunca. En 10 d\u00edas viajar\u00e1 al Sudamericano de Karting CODASUR que se realizar\u00e1 en Porto Alegre, Brasil.<\/p>\n<p style=\"text-align: center;\"><iframe loading=\"lazy\" style=\"border: none; overflow: hidden;\" src=\"https:\/\/www.facebook.com\/plugins\/video.php?href=https%3A%2F%2Fwww.facebook.com%2Frevistacurva1%2Fvideos%2F1830688463633933%2F&amp;show_text=0&amp;width=560\" width=\"560\" height=\"314\" frameborder=\"0\" scrolling=\"no\" allowfullscreen=\"allowfullscreen\"><\/iframe><\/p>\n<p style=\"text-align: left;\">El sanjuanino Nicol\u00e1s Peralta gan\u00f3 sobre el final en la clase Guerrero 150 Cadetes, luego de que se tocaran quienes ven\u00edan adelante: Imberti y Tejada<\/p>\n<p style=\"text-align: center;\"><iframe loading=\"lazy\" style=\"border: none; overflow: hidden;\" src=\"https:\/\/www.facebook.com\/plugins\/video.php?href=https%3A%2F%2Fwww.facebook.com%2Frevistacurva1%2Fvideos%2F1830694783633301%2F&amp;show_text=0&amp;width=560\" width=\"560\" height=\"314\" frameborder=\"0\" scrolling=\"no\" allowfullscreen=\"allowfullscreen\"><\/iframe><\/p>\n<p style=\"text-align: left;\">La clase 125cc Senior Pro cumpli\u00f3 con su fecha 4 y aqu\u00ed hablan el ganador Germ\u00e1n Mart\u00ednez y quien fue tercero, Juan Manuel Basco (h)<\/p>\n<p style=\"text-align: center;\"><iframe loading=\"lazy\" style=\"border: none; overflow: hidden;\" src=\"https:\/\/www.facebook.com\/plugins\/video.php?href=https%3A%2F%2Fwww.facebook.com%2Frevistacurva1%2Fvideos%2F1830678250301621%2F&amp;show_text=0&amp;width=560\" width=\"560\" height=\"314\" frameborder=\"0\" scrolling=\"no\" allowfullscreen=\"allowfullscreen\"><\/iframe><\/p>\n","protected":false},"excerpt":{"rendered":"<p>La fecha 4 del Karting Mendocino dej\u00f3 mucho para hablar y aqu\u00ed te presentamos las<\/p>\n","protected":false},"author":1,"featured_media":26182,"comment_status":"closed","ping_status":"closed","sticky":false,"template":"","format":"standard","meta":{"footnotes":""},"categories":[4],"tags":[],"class_list":["post-26180","post","type-post","status-publish","format-standard","has-post-thumbnail","hentry","category-karting"],"featured_image_urls":{"full":["https:\/\/curva1.com.ar\/wp-content\/uploads\/2018\/08\/IMG_2556.jpg",800,450,false],"thumbnail":["https:\/\/curva1.com.ar\/wp-content\/uploads\/2018\/08\/IMG_2556-300x169.jpg",300,169,true],"medium":["https:\/\/curva1.com.ar\/wp-content\/uploads\/2018\/08\/IMG_2556-600x337.jpg",600,337,true],"medium_large":["https:\/\/curva1.com.ar\/wp-content\/uploads\/2018\/08\/IMG_2556-768x432.jpg",640,360,true],"large":["https:\/\/curva1.com.ar\/wp-content\/uploads\/2018\/08\/IMG_2556.jpg",640,360,false],"1536x1536":["https:\/\/curva1.com.ar\/wp-content\/uploads\/2018\/08\/IMG_2556.jpg",800,450,false],"2048x2048":["https:\/\/curva1.com.ar\/wp-content\/uploads\/2018\/08\/IMG_2556.jpg",800,450,false],"chromenews-featured":["https:\/\/curva1.com.ar\/wp-content\/uploads\/2018\/08\/IMG_2556.jpg",800,450,false],"chromenews-large":["https:\/\/curva1.com.ar\/wp-content\/uploads\/2018\/08\/IMG_2556.jpg",800,450,false],"chromenews-medium":["https:\/\/curva1.com.ar\/wp-content\/uploads\/2018\/08\/IMG_2556.jpg",590,332,false]},"author_info":{"display_name":"Jos\u00e9 Bravo","author_link":"https:\/\/curva1.com.ar\/?author=1"},"category_info":"<a href=\"https:\/\/curva1.com.ar\/?cat=4\" rel=\"category\">Karting Asfalto<\/a>","tag_info":"Karting Asfalto","comment_count":"0","_links":{"self":[{"href":"https:\/\/curva1.com.ar\/index.php?rest_route=\/wp\/v2\/posts\/26180","targetHints":{"allow":["GET"]}}],"collection":[{"href":"https:\/\/curva1.com.ar\/index.php?rest_route=\/wp\/v2\/posts"}],"about":[{"href":"https:\/\/curva1.com.ar\/index.php?rest_route=\/wp\/v2\/types\/post"}],"author":[{"embeddable":true,"href":"https:\/\/curva1.com.ar\/index.php?rest_route=\/wp\/v2\/users\/1"}],"replies":[{"embeddable":true,"href":"https:\/\/curva1.com.ar\/index.php?rest_route=%2Fwp%2Fv2%2Fcomments&post=26180"}],"version-history":[{"count":5,"href":"https:\/\/curva1.com.ar\/index.php?rest_route=\/wp\/v2\/posts\/26180\/revisions"}],"predecessor-version":[{"id":26186,"href":"https:\/\/curva1.com.ar\/index.php?rest_route=\/wp\/v2\/posts\/26180\/revisions\/26186"}],"wp:featuredmedia":[{"embeddable":true,"href":"https:\/\/curva1.com.ar\/index.php?rest_route=\/wp\/v2\/media\/26182"}],"wp:attachment":[{"href":"https:\/\/curva1.com.ar\/index.php?rest_route=%2Fwp%2Fv2%2Fmedia&parent=26180"}],"wp:term":[{"taxonomy":"category","embeddable":true,"href":"https:\/\/curva1.com.ar\/index.php?rest_route=%2Fwp%2Fv2%2Fcategories&post=26180"},{"taxonomy":"post_tag","embeddable":true,"href":"https:\/\/curva1.com.ar\/index.php?rest_route=%2Fwp%2Fv2%2Ftags&post=26180"}],"curies":[{"name":"wp","href":"https:\/\/api.w.org\/{rel}","templated":true}]}}